{"id":39988,"date":"2023-09-18T12:19:58","date_gmt":"2023-09-18T11:19:58","guid":{"rendered":"https:\/\/www.paroquia-damaia.pt\/old\/?p=39988"},"modified":"2023-09-18T12:19:58","modified_gmt":"2023-09-18T11:19:58","slug":"comunicacoes-paroquiais-17-09-2023","status":"publish","type":"post","link":"https:\/\/www.paroquia-damaia.pt\/old\/comunicacoes-paroquiais-17-09-2023\/","title":{"rendered":"Comunica\u00e7\u00f5es Paroquiais &#8211; 17\/09\/2023"},"content":{"rendered":"\n<p><strong>Domingo XXIV do Tempo Comum<\/strong><\/p>\n\n\n\n<p><strong><em>\u201cN\u00e3o te digo que perdoes ate sete vezes, mas at\u00e9 setenta vezes sete<\/em><\/strong><strong><em>\u201d. (Mt 18,22)<\/em><\/strong><\/p>\n\n\n\n<p><strong><u>3\u00aa Feira | 19\/09<\/u><\/strong><strong> \u2013 <\/strong>Mem\u00f3ria de<strong> S, Janu\u00e1rio, <\/strong>bispo e m\u00e1rtir.<strong> <\/strong>Novena mensal a S. Jos\u00e9, \u00e0s 18h. &nbsp;<\/p>\n\n\n\n<p><strong><u>4\u00aa Feira | 20\/09 <\/u><\/strong>\u2013 Mem\u00f3ria de <strong>S. Andr\u00e9 Kim Taegon, <\/strong>presb\u00edtero e<strong> Companheiros, <\/strong>m\u00e1rtires.<strong> <\/strong>Missas com a <strong>Novena Perp\u00e9tua; <\/strong>B\u00ean\u00e7\u00e3o da \u00e1gua e da sa\u00fade.&nbsp;&nbsp;&nbsp;&nbsp;&nbsp;&nbsp;&nbsp; <strong>&nbsp;&nbsp;<\/strong>&nbsp;&nbsp;&nbsp;<\/p>\n\n\n\n<p><strong><u>5\u00aa Feira | 21\/09<\/u><\/strong><strong> <\/strong>\u2013 Festa da <strong>S\u00e3o Mateus<\/strong>, Ap\u00f3stolo e Evangelista. <strong>Adora\u00e7\u00e3o<\/strong> ao Sant\u00edssimo Sacramento, \u00e0s 18h15.&nbsp;&nbsp;&nbsp;<\/p>\n\n\n\n<p><strong><u>S\u00e1bado | 23\/09<\/u><\/strong><strong> <\/strong>\u2013 Mem\u00f3ria de <strong>S. Pio de Pietrelcina, <\/strong>presb\u00edtero.&nbsp;<\/p>\n\n\n\n<p><strong><u>Domingo | 24\/09<\/u><\/strong><strong> \u2013 <\/strong>XXV Domingo TC<strong>. <\/strong>Dia Mundial do <strong>Migrante<\/strong> e do <strong>Refugiado<\/strong>.<strong> <\/strong>A missa \u00e0s 11h, presidida por <strong>D. Geraldo<\/strong>, ser\u00e1 sob a responsabilidade da <strong>Capelania Africana<\/strong> de Lisboa.<\/p>\n\n\n\n<p><strong>Aos aniversariantes <\/strong>desta semana<strong>, <\/strong>desejamos muitas e copiosas b\u00ean\u00e7\u00e3os do Sant\u00edssimo Redentor e a prote\u00e7\u00e3o da M\u00e3e de Deus.<\/p>\n\n\n\n<p>Est\u00e3o abertas inscri\u00e7\u00f5es para o <strong>grupo de Ac\u00f3litos<\/strong>. Inscri\u00e7\u00f5es na Secretaria da Par\u00f3quia.<\/p>\n\n\n\n<p>Gost\u00e1vamos de chegar ao maior n\u00famero poss\u00edvel de idosos e doentes que n\u00e3o podem mais frequentar a nossa Par\u00f3quia, a fim de poder visit\u00e1-los sistematicamente. Ajude-nos a chegar at\u00e9 eles: <strong>Leve e preencha a ficha<\/strong> de visita\u00e7\u00e3o e devolva-a na secretaria da Par\u00f3quia. Bem-haja.&nbsp;<\/p>\n\n\n\n<p>A partir do m\u00eas de <strong>outubro<\/strong> as <strong>missas da tarde de s\u00e1bado e de domingo<\/strong> v\u00e3o ser celebradas no novo hor\u00e1rio, isto \u00e9, \u00e0s <strong>18h30<\/strong>.&nbsp;&nbsp;<\/p>\n\n\n\n<p>Entre os dias <strong>18 a 24 de setembro<\/strong> teremos a alegria de acolher entre n\u00f3s o <strong>D. Geraldo de Paula Souza<\/strong>, nosso p\u00e1roco anterior, e atual bispo auxiliar da Arquidiocese de Niter\u00f3i, Brasil.<\/p>\n\n\n\n<p>A partir deste m\u00eas daremos continuidade \u00e0s <strong>Jornadas de Estudos B\u00edblicos<\/strong>. O primeiro estudo coordenado por <strong>D. Geraldo<\/strong> ser\u00e1 realizado no dia 22 de setembro \u00e0s 21h. Fa\u00e7a a sua inscri\u00e7\u00e3o na Secretaria da Par\u00f3quia.<\/p>\n\n\n\n<p><strong>Reuni\u00f5es e encontros desta semana<\/strong>: <a><strong>Estudos B\u00edblico-lit\u00fargicos<\/strong> para Leitores, nesta 3\u00aa-feira (19\/09), 19h30; <strong>Inscri\u00e7\u00f5es<\/strong> presenciais para <strong>Catequese<\/strong>, nos dias 20 e 21 de setembro, \u00e0s 19h; <\/a><a>Encontro para <strong>Pais e Padrinhos<\/strong>, nesta 6\u00aa-feira, \u00e0s 20h, e a <strong>Jornada B\u00edblica<\/strong>, com o tema \u2013 <em>\u201cCaminhada Sinodal: Igreja Comunh\u00e3o, Participa\u00e7\u00e3o e Miss\u00e3o\u201d,<\/em> tamb\u00e9m nesta 6\u00aa-feira, \u00e0s 21h. Teremos a <strong>participa\u00e7\u00e3o especial do D. Geraldo<\/strong>, bispo auxiliar da Arquidiocese de Niter\u00f3i, Brasil.<\/a> <strong>Reuni\u00e3o da Equipa de Liturgia<\/strong> \u2013 <em>Planeamento do Ano Pastoral<\/em>, neste s\u00e1bado, dia 23 de setembro, \u00e0s 16h30. &nbsp;<\/p>\n\n\n\n<p><strong>A abertura da Catequese<\/strong>, com o envio dos catequistas e a <strong>Missa em A\u00e7\u00e3o de gra\u00e7as pela JMJ<\/strong>, com a participa\u00e7\u00e3o de todos os <strong>Volunt\u00e1rios da JMJ<\/strong>, ser\u00e1 celebrada no s\u00e1bado, dia 30 de setembro, \u00e0s 18h30. Nesta oportunidade, a <strong>Cruz da Jornada<\/strong> que nos acompanhou nestes \u00faltimos tr\u00eas anos, ser\u00e1 levada processionalmente para a Capela do Centro pastoral, onde ficar\u00e1 instalada permanentemente.<\/p>\n\n\n\n<p>Visite a nossa Sala de Conv\u00edvio e colabore com a par\u00f3quia na sua manuten\u00e7\u00e3o. Bem-haja.<\/p>\n\n\n\n<p>\u00a0Pe. Crist\u00f3v\u00e3o Dworak, CSsR &#8211; P\u00e1roco\u00a0\u00a0\u00a0\u00a0\u00a0\u00a0\u00a0\u00a0\u00a0\u00a0\u00a0\u00a0\u00a0\u00a0\u00a0\u00a0\u00a0\u00a0\u00a0\u00a0\u00a0\u00a0\u00a0\u00a0\u00a0\u00a0\u00a0\u00a0\u00a0 <\/p>\n\n\n\n<p>Damaia, 17 de Setembro de 2023<\/p>\n","protected":false},"excerpt":{"rendered":"<p>Domingo XXIV do Tempo Comum \u201cN\u00e3o te digo que perdoes ate sete vezes, mas at\u00e9 setenta vezes sete\u201d. (Mt 18,22) 3\u00aa Feira | 19\/09 \u2013 Mem\u00f3ria de S, Janu\u00e1rio, bispo e m\u00e1rtir. Novena mensal a S. Jos\u00e9, \u00e0s 18h. &nbsp; 4\u00aa Feira | 20\/09 \u2013 Mem\u00f3ria de S. Andr\u00e9 Kim Taegon, presb\u00edtero e Companheiros, m\u00e1rtires.<a class=\"more-link\" href=\"https:\/\/www.paroquia-damaia.pt\/old\/comunicacoes-paroquiais-17-09-2023\/\">Continuar lendo <span class=\"screen-reader-text\">&#8220;Comunica\u00e7\u00f5es Paroquiais &#8211; 17\/09\/2023&#8221;<\/span><\/a><\/p>\n","protected":false},"author":5,"featured_media":0,"comment_status":"closed","ping_status":"open","sticky":false,"template":"","format":"standard","meta":{"footnotes":""},"categories":[4],"tags":[],"class_list":["post-39988","post","type-post","status-publish","format-standard","hentry","category-avisos-paroquiais","entry"],"_links":{"self":[{"href":"https:\/\/www.paroquia-damaia.pt\/old\/wp-json\/wp\/v2\/posts\/39988","targetHints":{"allow":["GET"]}}],"collection":[{"href":"https:\/\/www.paroquia-damaia.pt\/old\/wp-json\/wp\/v2\/posts"}],"about":[{"href":"https:\/\/www.paroquia-damaia.pt\/old\/wp-json\/wp\/v2\/types\/post"}],"author":[{"embeddable":true,"href":"https:\/\/www.paroquia-damaia.pt\/old\/wp-json\/wp\/v2\/users\/5"}],"replies":[{"embeddable":true,"href":"https:\/\/www.paroquia-damaia.pt\/old\/wp-json\/wp\/v2\/comments?post=39988"}],"version-history":[{"count":1,"href":"https:\/\/www.paroquia-damaia.pt\/old\/wp-json\/wp\/v2\/posts\/39988\/revisions"}],"predecessor-version":[{"id":39989,"href":"https:\/\/www.paroquia-damaia.pt\/old\/wp-json\/wp\/v2\/posts\/39988\/revisions\/39989"}],"wp:attachment":[{"href":"https:\/\/www.paroquia-damaia.pt\/old\/wp-json\/wp\/v2\/media?parent=39988"}],"wp:term":[{"taxonomy":"category","embeddable":true,"href":"https:\/\/www.paroquia-damaia.pt\/old\/wp-json\/wp\/v2\/categories?post=39988"},{"taxonomy":"post_tag","embeddable":true,"href":"https:\/\/www.paroquia-damaia.pt\/old\/wp-json\/wp\/v2\/tags?post=39988"}],"curies":[{"name":"wp","href":"https:\/\/api.w.org\/{rel}","templated":true}]}}