{"id":40036,"date":"2023-09-30T14:52:50","date_gmt":"2023-09-30T13:52:50","guid":{"rendered":"https:\/\/www.paroquia-damaia.pt\/old\/?p=40036"},"modified":"2023-09-30T14:52:50","modified_gmt":"2023-09-30T13:52:50","slug":"comunicacoes-paroquiais-24-09-2023","status":"publish","type":"post","link":"https:\/\/www.paroquia-damaia.pt\/old\/comunicacoes-paroquiais-24-09-2023\/","title":{"rendered":"Comunica\u00e7\u00f5es Paroquiais &#8211; 24\/09\/2023"},"content":{"rendered":"\n<p class=\"has-text-align-center\"><strong>Domingo XXV do Tempo Comum<\/strong><\/p>\n\n\n\n<p class=\"has-text-align-center\"><strong><em>\u201cEu quero dar a este \u00faltimo tanto como a ti<\/em><\/strong><strong><em>\u201d. (Mt 20,14)<\/em><\/strong><\/p>\n\n\n\n<p><strong><u>3\u00aa Feira | 26\/09<\/u><\/strong><strong> \u2013 <\/strong>Mem\u00f3ria de<strong> SS. Cosme e Dami\u00e3o, <\/strong>m\u00e1rtires.<strong> <\/strong>Mem\u00f3ria de<strong> Beato Gaspar Stanggassinger, <\/strong>redentorista. &nbsp;&nbsp;<\/p>\n\n\n\n<p><strong><u>4\u00aa Feira | 27\/09 <\/u><\/strong>\u2013 Mem\u00f3ria de <strong>S. Vicente de Paulo, <\/strong>presb\u00edtero.<strong> <\/strong>Missas com a <strong>Novena Perp\u00e9tua; <\/strong>B\u00ean\u00e7\u00e3o da \u00e1gua e da sa\u00fade.&nbsp;&nbsp;&nbsp;&nbsp;&nbsp;&nbsp;&nbsp; <strong>&nbsp;&nbsp;<\/strong>&nbsp;&nbsp;&nbsp;<\/p>\n\n\n\n<p><strong><u>5\u00aa Feira | 28\/09<\/u><\/strong><strong> <\/strong>\u2013 Mem\u00f3ria de <strong>S. Venceslau<\/strong>, m\u00e1rtir e de <strong>SS. Louren\u00e7o e Companheiros<\/strong>, m\u00e1rtires. <strong>Adora\u00e7\u00e3o<\/strong> ao Sant\u00edssimo Sacramento, \u00e0s 18h15.<\/p>\n\n\n\n<p><strong><u>6\u00aa Feira | 29\/09<\/u><\/strong><strong> <\/strong>\u2013 Festa de <strong>Santos Miguel, Gabriel e Rafael<\/strong>, Arcanjos. &nbsp;&nbsp;<\/p>\n\n\n\n<p><strong><u>S\u00e1bado | 30\/09<\/u><\/strong><strong> <\/strong>\u2013 Mem\u00f3ria de <strong>S. Jer\u00f3nimo, <\/strong>presb\u00edtero e doutor da Igreja.&nbsp;<\/p>\n\n\n\n<p><strong><u>Domingo | 01\/10<\/u><\/strong><strong> \u2013 <\/strong>XXVI Domingo TC<strong>. <\/strong>Iniciamos o <strong>M\u00eas mission\u00e1rio<\/strong> e a <strong>Semana Nacional da Educa\u00e7\u00e3o Crist\u00e3.<\/strong> &nbsp;<\/p>\n\n\n\n<p><strong>Aos aniversariantes <\/strong>desta semana<strong>, <\/strong>desejamos muitas e copiosas b\u00ean\u00e7\u00e3os do Sant\u00edssimo Redentor e a prote\u00e7\u00e3o da M\u00e3e de Deus.<\/p>\n\n\n\n<p>Est\u00e3o abertas inscri\u00e7\u00f5es para o <strong>grupo de Ac\u00f3litos<\/strong>. Inscri\u00e7\u00f5es na Secretaria da Par\u00f3quia.<\/p>\n\n\n\n<p>A partir do pr\u00f3ximo s\u00e1bado, dia 30 de setembro, as <strong>missas da tarde de s\u00e1bado e de domingo<\/strong> v\u00e3o ser celebradas no novo hor\u00e1rio, isto \u00e9, \u00e0s <strong>18h30<\/strong>.&nbsp;&nbsp;<\/p>\n\n\n\n<p><strong>Reuni\u00f5es e encontros desta semana<\/strong>: <a>Reuni\u00e3o da Vigararia: 26\/09; Forma\u00e7\u00e3o Vicarial para <strong>Catequistas, <\/strong>nesta 3\u00aa feira, dia 26\/09, \u00e0s21h, em Alfragide; <strong>Inscri\u00e7\u00f5es<\/strong> presenciais para <strong>Catequese<\/strong>, nos dias 27 e 28\/09, \u00e0s 19h; Reuni\u00e3o da Equipa de <strong>Secretaria<\/strong> e do <strong>Bar<\/strong>, na pr\u00f3xima 6\u00aa feira, \u00e0s 19h45<\/a>.<a>\u00a0<\/a>\u00a0<\/p>\n\n\n\n<p><strong>A abertura da Catequese<\/strong>, com o envio dos catequistas celebrada no s\u00e1bado, dia 30 de setembro, \u00e0s 18h30. Convidamos todas as crian\u00e7as da catequese e os catequistas para o animado encontro com o <strong>Pe. J\u00falio<\/strong>, a partir das 17h.<\/p>\n\n\n\n<p>Convidamos e convocamos todos os <strong>membros do Conselho Pastoral Paroquial <\/strong>para a reuni\u00e3o ordin\u00e1ria do mesmo que ser\u00e1 realizada no dia <strong>29 de outubro<\/strong> (Domingo), \u00e0s 16h.<\/p>\n\n\n\n<p>&nbsp;Pe. Crist\u00f3v\u00e3o Dworak, CSsR &#8211; P\u00e1roco&nbsp;&nbsp;&nbsp;&nbsp;&nbsp;&nbsp;&nbsp;&nbsp;&nbsp;&nbsp;&nbsp;&nbsp;&nbsp;&nbsp;&nbsp;&nbsp;&nbsp;&nbsp;&nbsp;&nbsp;&nbsp;&nbsp;&nbsp;&nbsp;&nbsp;&nbsp;&nbsp;&nbsp;&nbsp;<\/p>\n\n\n\n<p>Damaia, 24 de Setembro de 2023<\/p>\n","protected":false},"excerpt":{"rendered":"<p>Domingo XXV do Tempo Comum \u201cEu quero dar a este \u00faltimo tanto como a ti\u201d. (Mt 20,14) 3\u00aa Feira | 26\/09 \u2013 Mem\u00f3ria de SS. Cosme e Dami\u00e3o, m\u00e1rtires. Mem\u00f3ria de Beato Gaspar Stanggassinger, redentorista. &nbsp;&nbsp; 4\u00aa Feira | 27\/09 \u2013 Mem\u00f3ria de S. Vicente de Paulo, presb\u00edtero. Missas com a Novena Perp\u00e9tua; B\u00ean\u00e7\u00e3o da<a class=\"more-link\" href=\"https:\/\/www.paroquia-damaia.pt\/old\/comunicacoes-paroquiais-24-09-2023\/\">Continuar lendo <span class=\"screen-reader-text\">&#8220;Comunica\u00e7\u00f5es Paroquiais &#8211; 24\/09\/2023&#8221;<\/span><\/a><\/p>\n","protected":false},"author":5,"featured_media":0,"comment_status":"closed","ping_status":"open","sticky":false,"template":"","format":"standard","meta":{"footnotes":""},"categories":[4],"tags":[],"class_list":["post-40036","post","type-post","status-publish","format-standard","hentry","category-avisos-paroquiais","entry"],"_links":{"self":[{"href":"https:\/\/www.paroquia-damaia.pt\/old\/wp-json\/wp\/v2\/posts\/40036","targetHints":{"allow":["GET"]}}],"collection":[{"href":"https:\/\/www.paroquia-damaia.pt\/old\/wp-json\/wp\/v2\/posts"}],"about":[{"href":"https:\/\/www.paroquia-damaia.pt\/old\/wp-json\/wp\/v2\/types\/post"}],"author":[{"embeddable":true,"href":"https:\/\/www.paroquia-damaia.pt\/old\/wp-json\/wp\/v2\/users\/5"}],"replies":[{"embeddable":true,"href":"https:\/\/www.paroquia-damaia.pt\/old\/wp-json\/wp\/v2\/comments?post=40036"}],"version-history":[{"count":1,"href":"https:\/\/www.paroquia-damaia.pt\/old\/wp-json\/wp\/v2\/posts\/40036\/revisions"}],"predecessor-version":[{"id":40037,"href":"https:\/\/www.paroquia-damaia.pt\/old\/wp-json\/wp\/v2\/posts\/40036\/revisions\/40037"}],"wp:attachment":[{"href":"https:\/\/www.paroquia-damaia.pt\/old\/wp-json\/wp\/v2\/media?parent=40036"}],"wp:term":[{"taxonomy":"category","embeddable":true,"href":"https:\/\/www.paroquia-damaia.pt\/old\/wp-json\/wp\/v2\/categories?post=40036"},{"taxonomy":"post_tag","embeddable":true,"href":"https:\/\/www.paroquia-damaia.pt\/old\/wp-json\/wp\/v2\/tags?post=40036"}],"curies":[{"name":"wp","href":"https:\/\/api.w.org\/{rel}","templated":true}]}}