{"id":40038,"date":"2023-09-30T15:14:08","date_gmt":"2023-09-30T14:14:08","guid":{"rendered":"https:\/\/www.paroquia-damaia.pt\/old\/?p=40038"},"modified":"2023-09-30T15:14:08","modified_gmt":"2023-09-30T14:14:08","slug":"comunicacoes-paroquiais-01-10-2023","status":"publish","type":"post","link":"https:\/\/www.paroquia-damaia.pt\/old\/comunicacoes-paroquiais-01-10-2023\/","title":{"rendered":"Comunica\u00e7\u00f5es Paroquiais &#8211; 01\/10\/2023"},"content":{"rendered":"\n<p class=\"has-text-align-center\"><strong>Domingo XXVI do Tempo Comum<\/strong><\/p>\n\n\n\n<p class=\"has-text-align-center\"><strong><em>\u201cTende em v\u00f3s os mesmos sentimentos de Jesus Cristo<\/em><\/strong><strong><em>\u201d. (Fl 2, 5)<\/em><\/strong><\/p>\n\n\n\n<p><strong><u>Domingo 01\/10<\/u><\/strong><strong> \u2013 <\/strong>Iniciamos o <strong>M\u00eas Mission\u00e1rio e a Semana Nacional da Educa\u00e7\u00e3o Crist\u00e3.<\/strong>Rezemos tamb\u00e9m pela <strong>XVI Assembleia Geral Ordin\u00e1ria do S\u00ednodo dos Bispos<\/strong> a ser realizada em Roma.<\/p>\n\n\n\n<p><strong><u>2\u00aa Feira | 02\/10 <\/u><\/strong>\u2013 Memoria dos <strong>Santos Anjos da Guarda<\/strong>.<\/p>\n\n\n\n<p><strong><u>4\u00aa Feira | 04\/10 <\/u><\/strong>\u2013 Mem\u00f3ria de <strong>S. Francisco de Assis. <\/strong>Missas com a <strong>Novena Perp\u00e9tua; <\/strong>B\u00ean\u00e7\u00e3o da \u00e1gua e da sa\u00fade.&nbsp;&nbsp;&nbsp;&nbsp;&nbsp;&nbsp;&nbsp; <strong>&nbsp;&nbsp;<\/strong>&nbsp;&nbsp;&nbsp;<\/p>\n\n\n\n<p><strong><u>5\u00aa Feira | 05\/10<\/u><\/strong><strong> <\/strong>\u2013 Mem\u00f3ria do <strong>Beato Francisco Xavier Seelos<\/strong>, redentorista e da Santa Faustina Kowalska, Virgem. <strong>Adora\u00e7\u00e3o<\/strong> ao Sant\u00edssimo Sacramento, \u00e0s 18h15.<\/p>\n\n\n\n<p><strong><u>6\u00aa Feira | 06\/10<\/u><\/strong><strong> <\/strong>\u2013 <strong>1\u00aa Sexta-feira<\/strong> do m\u00eas. Missas com breve adora\u00e7\u00e3o e b\u00ean\u00e7\u00e3o do Sant\u00edssimo Sacramento. Mem\u00f3ria de <strong>S. Bruno<\/strong>, presb\u00edtero. &nbsp;&nbsp;&nbsp;<\/p>\n\n\n\n<p><strong><u>S\u00e1bado | 07\/10<\/u><\/strong><strong> <\/strong>\u2013 Mem\u00f3ria da <strong>Virgem Santa Maria do Ros\u00e1rio<\/strong>.&nbsp;<\/p>\n\n\n\n<p><strong><u>Domingo | 08\/10<\/u><\/strong><strong> \u2013 <\/strong>XXVII Domingo TC<strong>. <\/strong>&nbsp;&nbsp;<\/p>\n\n\n\n<p><strong>Aos aniversariantes <\/strong>desta semana<strong>, <\/strong>desejamos muitas e copiosas b\u00ean\u00e7\u00e3os do Sant\u00edssimo Redentor e a prote\u00e7\u00e3o da M\u00e3e de Deus.<\/p>\n\n\n\n<p>Continuam abertas inscri\u00e7\u00f5es para o <strong>grupo de Ac\u00f3litos<\/strong>. Inscri\u00e7\u00f5es na Secretaria da Par\u00f3quia.<\/p>\n\n\n\n<p>Reuni\u00f5es e encontros desta semana: <a><strong>Inicio das Catequeses <\/strong>na pr\u00f3xima 3\u00aa -feira, dia 03\/10; Encontro para <strong>Leitores<\/strong>, nesta 3\u00aa-feira, 19h30; Encontro para <strong>Catequistas<\/strong>, na 3\u00aa feira, \u00e0s 21h; <strong>Peregrina\u00e7\u00e3o paroquial<\/strong> para F\u00e1tima, no pr\u00f3xima s\u00e1bado, dia 07 de outubro; &nbsp;Forma\u00e7\u00e3o para <strong>Pais e Padrinhos<\/strong>, no s\u00e1bado, dia 07 de outubro, \u00e0s 10h; Primeira <strong>Reuni\u00e3o do Grupo Mission\u00e1rio Paroquial<\/strong> (GMP), no domingo, dia 08 de outubro, \u00e0s 16h; &nbsp;&nbsp;<\/a>&nbsp;<\/p>\n\n\n\n<p><strong>Prociss\u00e3o com a Imagem de Nossa Senhora do Ros\u00e1rio de F\u00e1tima<\/strong> pelas ruas da Damaia, na quinta-feira, dia <strong>12 de outubro<\/strong>, \u00e0s 21h. Trazer velas. &nbsp;<\/p>\n\n\n\n<p><strong>1\u00aa Reuni\u00e3o de ac\u00f3litos e de seus pais<\/strong>, deste novo ano pastoral, coordenada pelo Pe. Il\u00eddio, ser\u00e1 realizada no s\u00e1bado, dia 14 de outubro, \u00e0s 15h30. Convidamos a todos.<\/p>\n\n\n\n<p>Nesta segunda-feira, dia 02 de outubro, \u00e2 tarde, ser\u00e1 feita a <strong>desinfesta\u00e7\u00e3o do Complexo Paroquial<\/strong>, portanto, todas as atividades ser\u00e3o suspensas.<\/p>\n\n\n\n<p><strong>Pe. Crist\u00f3v\u00e3o vai sair de ferias<\/strong>, nas pr\u00f3ximas duas semanas. A par\u00f3quia estar\u00e1 sob a responsabilidade do <strong>Pe. Il\u00eddio<\/strong>, Vig\u00e1rio Paroquial. &nbsp;<\/p>\n\n\n\n<p>\u00a0Pe. Crist\u00f3v\u00e3o Dworak, CSsR &#8211; P\u00e1roco\u00a0\u00a0\u00a0\u00a0\u00a0\u00a0\u00a0\u00a0\u00a0\u00a0\u00a0\u00a0\u00a0\u00a0\u00a0\u00a0\u00a0\u00a0\u00a0\u00a0\u00a0\u00a0\u00a0\u00a0\u00a0\u00a0\u00a0\u00a0\u00a0 <\/p>\n\n\n\n<p>Damaia, 01 de Outubro de 2023<\/p>\n","protected":false},"excerpt":{"rendered":"<p>Domingo XXVI do Tempo Comum \u201cTende em v\u00f3s os mesmos sentimentos de Jesus Cristo\u201d. (Fl 2, 5) Domingo 01\/10 \u2013 Iniciamos o M\u00eas Mission\u00e1rio e a Semana Nacional da Educa\u00e7\u00e3o Crist\u00e3.Rezemos tamb\u00e9m pela XVI Assembleia Geral Ordin\u00e1ria do S\u00ednodo dos Bispos a ser realizada em Roma. 2\u00aa Feira | 02\/10 \u2013 Memoria dos Santos Anjos<a class=\"more-link\" href=\"https:\/\/www.paroquia-damaia.pt\/old\/comunicacoes-paroquiais-01-10-2023\/\">Continuar lendo <span class=\"screen-reader-text\">&#8220;Comunica\u00e7\u00f5es Paroquiais &#8211; 01\/10\/2023&#8221;<\/span><\/a><\/p>\n","protected":false},"author":5,"featured_media":0,"comment_status":"closed","ping_status":"open","sticky":false,"template":"","format":"standard","meta":{"footnotes":""},"categories":[4],"tags":[],"class_list":["post-40038","post","type-post","status-publish","format-standard","hentry","category-avisos-paroquiais","entry"],"_links":{"self":[{"href":"https:\/\/www.paroquia-damaia.pt\/old\/wp-json\/wp\/v2\/posts\/40038","targetHints":{"allow":["GET"]}}],"collection":[{"href":"https:\/\/www.paroquia-damaia.pt\/old\/wp-json\/wp\/v2\/posts"}],"about":[{"href":"https:\/\/www.paroquia-damaia.pt\/old\/wp-json\/wp\/v2\/types\/post"}],"author":[{"embeddable":true,"href":"https:\/\/www.paroquia-damaia.pt\/old\/wp-json\/wp\/v2\/users\/5"}],"replies":[{"embeddable":true,"href":"https:\/\/www.paroquia-damaia.pt\/old\/wp-json\/wp\/v2\/comments?post=40038"}],"version-history":[{"count":1,"href":"https:\/\/www.paroquia-damaia.pt\/old\/wp-json\/wp\/v2\/posts\/40038\/revisions"}],"predecessor-version":[{"id":40039,"href":"https:\/\/www.paroquia-damaia.pt\/old\/wp-json\/wp\/v2\/posts\/40038\/revisions\/40039"}],"wp:attachment":[{"href":"https:\/\/www.paroquia-damaia.pt\/old\/wp-json\/wp\/v2\/media?parent=40038"}],"wp:term":[{"taxonomy":"category","embeddable":true,"href":"https:\/\/www.paroquia-damaia.pt\/old\/wp-json\/wp\/v2\/categories?post=40038"},{"taxonomy":"post_tag","embeddable":true,"href":"https:\/\/www.paroquia-damaia.pt\/old\/wp-json\/wp\/v2\/tags?post=40038"}],"curies":[{"name":"wp","href":"https:\/\/api.w.org\/{rel}","templated":true}]}}