{"id":40112,"date":"2023-10-23T10:14:18","date_gmt":"2023-10-23T09:14:18","guid":{"rendered":"https:\/\/www.paroquia-damaia.pt\/old\/?p=40112"},"modified":"2023-10-23T10:14:18","modified_gmt":"2023-10-23T09:14:18","slug":"comunicacoes-paroquiais","status":"publish","type":"post","link":"https:\/\/www.paroquia-damaia.pt\/old\/comunicacoes-paroquiais\/","title":{"rendered":"Comunica\u00e7\u00f5es Paroquiais"},"content":{"rendered":"\n<p class=\"has-text-align-center\"><strong>22\/10\/2023<\/strong><\/p>\n\n\n\n<p class=\"has-text-align-center\"><strong>Domingo XXVIX do Tempo Comum<\/strong><\/p>\n\n\n\n<p class=\"has-text-align-center\"><strong><em>\u201cDai a Cesar o que \u00e9 de C\u00e9sar e a Deus o que \u00e9 de Deus<\/em><\/strong><strong><em>\u201d. (Mt,22,21)<\/em><\/strong><\/p>\n\n\n\n<p><strong><u>Domingo 22\/10<\/u><\/strong><strong> \u2013<\/strong> <strong>Dia Mundial das Miss\u00f5es<\/strong>. <strong>Ofert\u00f3rio<\/strong> para as Miss\u00f5es<strong>.<\/strong><\/p>\n\n\n\n<p><strong><u>2\u00aa Feira | 23\/10 <\/u><\/strong>\u2013 Mem\u00f3ria de <strong>S. Jo\u00e3o Capistrano<\/strong>, Presb\u00edtero. &nbsp;<\/p>\n\n\n\n<p><strong><u>3\u00aa Feira | 24\/10 <\/u><\/strong><strong>\u2013 <\/strong>Mem\u00f3ria de<strong> S. Ant\u00f3nio Maria Claret, <\/strong>bispo.<strong> &nbsp;Reuni\u00e3o da Comiss\u00e3o Permanente do CPP <\/strong>(21h).<\/p>\n\n\n\n<p><strong><u>4\u00aa Feira | 25\/10 <\/u><\/strong>\u2013 Missas com a <strong>Novena Perp\u00e9tua; <\/strong>B\u00ean\u00e7\u00e3o da \u00e1gua e da sa\u00fade<strong>; Cria\u00e7\u00e3o e Reuni\u00e3o com a Equipa de Arte Sacra da Par\u00f3quia <\/strong>(via Zoom, \u00e0s 21h). <strong><\/strong><\/p>\n\n\n\n<p><strong><u>5\u00aa Feira | 26\/10<\/u><\/strong><strong> <\/strong>\u2013 <strong>Adora\u00e7\u00e3o<\/strong> ao Sant\u00edssimo Sacramento (18h15). Reuni\u00e3o com a Equipa de Comunica\u00e7\u00e3o (21h).<\/p>\n\n\n\n<p><strong><u>Sexta feira |27\/<\/u><\/strong><strong>10 \u2013 <\/strong>Mem\u00f3ria de<strong> B. Gon\u00e7alo de Lagos, <\/strong>presb\u00edtero.<strong> Jornada de Estudos B\u00edblicos (JEB): \u201c<\/strong><em>Relatos de<\/em> <em>Peregrinos da Terra Santa\u201d <\/em>(21h).<\/p>\n\n\n\n<p><strong><u>S\u00e1bado | 28\/10<\/u><\/strong><strong> <\/strong>\u2013 Forma\u00e7\u00e3o para <strong>ac\u00f3litos<\/strong> (15h30); Missa e Conv\u00edvio de <strong>Volunt\u00e1rios da JMJ e <\/strong>do <strong>Dia Afonsiano<\/strong> na Buraca (18h30). Convidamos todos os volunt\u00e1rios. Ter\u00e7o pela paz<\/p>\n\n\n\n<p><strong><u>Domingo | 29\/10<\/u><\/strong><strong> \u2013 XXX Domingo TC. <\/strong>&nbsp;Reuni\u00e3o do <strong>Conselho Pastoral Paroquial<\/strong> (16h).<\/p>\n\n\n\n<p><strong>Aos aniversariantes <\/strong>desta semana<strong>, <\/strong>desejamos muitas e copiosas b\u00ean\u00e7\u00e3os do Sant\u00edssimo Redentor e a Prote\u00e7\u00e3o da M\u00e3e de Deus.<\/p>\n\n\n\n<p>Como forma de nossa colabora\u00e7\u00e3o com as obras das miss\u00f5es, al\u00e9m do ofert\u00f3rio, ser\u00e3o vendidos tamb\u00e9m <strong>porta-chaves com um continente<\/strong> que nos convidam a rezar uma dezena de ter\u00e7o pelo continente que recebeste. Participe desta Campanha mission\u00e1ria.<\/p>\n\n\n\n<p>Gostar\u00edamos de abrir e formar em nossa Par\u00f3quia o <strong>Grupo Mission\u00e1rio Paroquial<\/strong>, cuja finalidade ser\u00e1 dinamizar a pastoral mission\u00e1ria. Sinta-se convidado a participar deste grupo. De modo especial convidamos tamb\u00e9m os jovens. Fale com a nossa ministra Paula Semedo. Bem-haja.&nbsp;&nbsp; &nbsp;&nbsp;<\/p>\n\n\n\n<p>Intensifiquemos as nossas ora\u00e7\u00f5es pela <strong>paz na Ucr\u00e2nia<\/strong> e na <strong>Faixa de Gaza<\/strong>.<\/p>\n\n\n\n<p>Aten\u00e7\u00e3o para a <strong>mudan\u00e7a do hor\u00e1rio<\/strong> que ocorrer\u00e1 de s\u00e1bado para o domingo, dia 29 de outubro.<\/p>\n\n\n\n<p><strong>Peregrina\u00e7\u00e3o <\/strong>paroquial para <strong>F\u00e1tima<\/strong>, no dia 04 de novembro. Inscri\u00e7\u00f5es na Secretaria da Par\u00f3quia. &nbsp;<\/p>\n\n\n\n<p>Pe. Crist\u00f3v\u00e3o Dworak, CSsR \u2013 P\u00e1roco\u00a0\u00a0\u00a0\u00a0\u00a0\u00a0\u00a0\u00a0\u00a0\u00a0\u00a0\u00a0\u00a0\u00a0\u00a0\u00a0\u00a0\u00a0\u00a0\u00a0\u00a0\u00a0\u00a0\u00a0\u00a0\u00a0\u00a0\u00a0\u00a0\u00a0 <\/p>\n\n\n\n<p>Damaia, 22 de Outubro de 2023<\/p>\n","protected":false},"excerpt":{"rendered":"<p>22\/10\/2023 Domingo XXVIX do Tempo Comum \u201cDai a Cesar o que \u00e9 de C\u00e9sar e a Deus o que \u00e9 de Deus\u201d. (Mt,22,21) Domingo 22\/10 \u2013 Dia Mundial das Miss\u00f5es. Ofert\u00f3rio para as Miss\u00f5es. 2\u00aa Feira | 23\/10 \u2013 Mem\u00f3ria de S. Jo\u00e3o Capistrano, Presb\u00edtero. &nbsp; 3\u00aa Feira | 24\/10 \u2013 Mem\u00f3ria de S. Ant\u00f3nio<a class=\"more-link\" href=\"https:\/\/www.paroquia-damaia.pt\/old\/comunicacoes-paroquiais\/\">Continuar lendo <span class=\"screen-reader-text\">&#8220;Comunica\u00e7\u00f5es Paroquiais&#8221;<\/span><\/a><\/p>\n","protected":false},"author":5,"featured_media":0,"comment_status":"closed","ping_status":"open","sticky":false,"template":"","format":"standard","meta":{"footnotes":""},"categories":[4],"tags":[],"class_list":["post-40112","post","type-post","status-publish","format-standard","hentry","category-avisos-paroquiais","entry"],"_links":{"self":[{"href":"https:\/\/www.paroquia-damaia.pt\/old\/wp-json\/wp\/v2\/posts\/40112","targetHints":{"allow":["GET"]}}],"collection":[{"href":"https:\/\/www.paroquia-damaia.pt\/old\/wp-json\/wp\/v2\/posts"}],"about":[{"href":"https:\/\/www.paroquia-damaia.pt\/old\/wp-json\/wp\/v2\/types\/post"}],"author":[{"embeddable":true,"href":"https:\/\/www.paroquia-damaia.pt\/old\/wp-json\/wp\/v2\/users\/5"}],"replies":[{"embeddable":true,"href":"https:\/\/www.paroquia-damaia.pt\/old\/wp-json\/wp\/v2\/comments?post=40112"}],"version-history":[{"count":1,"href":"https:\/\/www.paroquia-damaia.pt\/old\/wp-json\/wp\/v2\/posts\/40112\/revisions"}],"predecessor-version":[{"id":40113,"href":"https:\/\/www.paroquia-damaia.pt\/old\/wp-json\/wp\/v2\/posts\/40112\/revisions\/40113"}],"wp:attachment":[{"href":"https:\/\/www.paroquia-damaia.pt\/old\/wp-json\/wp\/v2\/media?parent=40112"}],"wp:term":[{"taxonomy":"category","embeddable":true,"href":"https:\/\/www.paroquia-damaia.pt\/old\/wp-json\/wp\/v2\/categories?post=40112"},{"taxonomy":"post_tag","embeddable":true,"href":"https:\/\/www.paroquia-damaia.pt\/old\/wp-json\/wp\/v2\/tags?post=40112"}],"curies":[{"name":"wp","href":"https:\/\/api.w.org\/{rel}","templated":true}]}}