{"id":40138,"date":"2023-11-01T18:39:17","date_gmt":"2023-11-01T17:39:17","guid":{"rendered":"https:\/\/www.paroquia-damaia.pt\/old\/?p=40138"},"modified":"2023-11-01T18:39:18","modified_gmt":"2023-11-01T17:39:18","slug":"comunicacoes-paroquiais-2","status":"publish","type":"post","link":"https:\/\/www.paroquia-damaia.pt\/old\/comunicacoes-paroquiais-2\/","title":{"rendered":"Comunica\u00e7\u00f5es Paroquiais"},"content":{"rendered":"\n<p class=\"has-text-align-center\"><strong>29\/10\/2023<\/strong><\/p>\n\n\n\n<p class=\"has-text-align-center\"><strong>Domingo XXX do Tempo Comum<\/strong><\/p>\n\n\n\n<p class=\"has-text-align-center\"><strong><em>\u201cMestre, qual \u00e9 o maior mandamento da Lei?<\/em><\/strong><strong><em>\u201d. (Mt 22,36)<\/em><\/strong><\/p>\n\n\n\n<p><strong><u>Domingo 29\/10<\/u><\/strong><strong> \u2013<\/strong> Reuni\u00e3o do <strong>Conselho Pastoral Paroquial<\/strong> (16h)<strong>.<\/strong><\/p>\n\n\n\n<p><strong><u>2\u00aa Feira | 30\/10 <\/u><\/strong>\u2013 <strong>Encontro de Presb\u00edteros<\/strong> em Turcifal com D. Rui, Patriarca de Lisboa (09h).&nbsp;<\/p>\n\n\n\n<p><strong><u>3\u00aa Feira | 31\/10 <\/u><\/strong><strong>\u2013 Missa com V\u00e9speras<\/strong> I da Solenidade de Todos os Santos (19h)<\/p>\n\n\n\n<p><strong><u>4\u00aa Feira | 01\/11 <\/u><\/strong>\u2013 <strong>Solenidade de<\/strong> <strong>Todos os Santos<\/strong>. Missas \u00e0s 09h, \u00e0s 11h e \u00e0s 18h30. N\u00e3o h\u00e1 Novena Perp\u00e9tua. &nbsp;<strong><\/strong><\/p>\n\n\n\n<p><strong><u>5\u00aa Feira | 02\/11<\/u><\/strong><strong> <\/strong>\u2013 Comemora\u00e7\u00e3o de <strong>Todos os Fi\u00e9is Defuntos<\/strong>. <strong>Ter\u00e7o pelos Defuntos<\/strong> (18h). <strong>Missa com V\u00e9speras<\/strong> na Comemora\u00e7\u00e3o dos Fi\u00e9is Defuntos (19h). N\u00e3o h\u00e1 <strong>Adora\u00e7\u00e3o<\/strong> ao Sant\u00edssimo Sacramento.<\/p>\n\n\n\n<p><strong><u>Sexta feira | 03\/<\/u><\/strong><strong>11 \u2013 <\/strong>Mem\u00f3ria de<strong> S. Martinho de Porres, <\/strong>religioso.<strong> 1\u00aa Sexta feira <\/strong>do m\u00eas.<strong> <\/strong>Missas com a <strong>b\u00ean\u00e7\u00e3o do Sant\u00edssimo Sacramento. <\/strong>&nbsp;<\/p>\n\n\n\n<p><strong><u>S\u00e1bado | 04\/11<\/u><\/strong><strong> <\/strong>\u2013 Mem\u00f3ria de <strong>S. Carlos Borromeu<\/strong>, bispo. <strong>Peregrina\u00e7\u00e3o Paroquial<\/strong> para F\u00e1tima (08h). Forma\u00e7\u00e3o para <strong>Pais e Padrinhos<\/strong> (10h). Encontro Diocesano de Ac\u00f3litos.<\/p>\n\n\n\n<p><strong><u>Domingo | 05\/11<\/u><\/strong><strong> \u2013 XXXI Domingo TC. <\/strong>&nbsp;Em todas as dioceses de Portugal come\u00e7a a <strong>Semana dos Semin\u00e1rios<\/strong>.<\/p>\n\n\n\n<p><strong>Aos aniversariantes <\/strong>desta semana<strong>, <\/strong>desejamos muitas e copiosas b\u00ean\u00e7\u00e3os do Sant\u00edssimo Redentor e a Prote\u00e7\u00e3o da M\u00e3e de Deus.<\/p>\n\n\n\n<p>Pedimos desculpas pelo atraso do Apelo do Redentor do m\u00eas de Outubro, devido \u00e0s mudan\u00e7as que ocorreram. Na oportunidade <strong>agradecemos \u00e0 D. L\u00eddia e ao Diac. Paulo<\/strong> pelo empenho na Edi\u00e7\u00e3o do Apelo do Redentor nestes \u00faltimos 5 anos, com total de 61 edi\u00e7\u00f5es. Bem-haja.<\/p>\n\n\n\n<p>Para melhor atender os pais com seus beb\u00eas foi instalado na casa de banho um <strong>frald\u00e1rio<\/strong>. Tamb\u00e9m foi feita <strong>a pintura e modificada a ilumina\u00e7\u00e3o numa das Capelas Mortu\u00e1rias<\/strong>. Atendendo ao pedido de paroquianos est\u00e1 sendo estudada a possibilidade de <strong>coloca\u00e7\u00e3o da cruz maior e iluminada no lugar da atua<\/strong>l, para dar maior visibilidade \u00e0 nossa Igreja.&nbsp;<\/p>\n\n\n\n<p>Para agilizar a quest\u00e3o de manuten\u00e7\u00e3o do complexo paroquial e das obras a serem ainda encaminhadas est\u00e1 sendo formada a <strong>Comiss\u00e3o Paroquial de Arquitetura e de Obras<\/strong>.&nbsp; &nbsp;&nbsp;<\/p>\n\n\n\n<p>Intensifiquemos as nossas ora\u00e7\u00f5es pela <strong>paz na Ucr\u00e2nia<\/strong> e na <strong>Faixa de Gaza<\/strong>.<\/p>\n\n\n\n<p>Pe. Crist\u00f3v\u00e3o Dworak, CSsR \u2013 P\u00e1roco\u00a0\u00a0\u00a0\u00a0\u00a0\u00a0\u00a0\u00a0\u00a0\u00a0\u00a0\u00a0\u00a0\u00a0\u00a0\u00a0\u00a0\u00a0\u00a0\u00a0\u00a0\u00a0\u00a0\u00a0\u00a0\u00a0\u00a0\u00a0\u00a0\u00a0 <\/p>\n\n\n\n<p>Damaia, 29 de Outubro de 2023<\/p>\n","protected":false},"excerpt":{"rendered":"<p>29\/10\/2023 Domingo XXX do Tempo Comum \u201cMestre, qual \u00e9 o maior mandamento da Lei?\u201d. (Mt 22,36) Domingo 29\/10 \u2013 Reuni\u00e3o do Conselho Pastoral Paroquial (16h). 2\u00aa Feira | 30\/10 \u2013 Encontro de Presb\u00edteros em Turcifal com D. Rui, Patriarca de Lisboa (09h).&nbsp; 3\u00aa Feira | 31\/10 \u2013 Missa com V\u00e9speras I da Solenidade de Todos<a class=\"more-link\" href=\"https:\/\/www.paroquia-damaia.pt\/old\/comunicacoes-paroquiais-2\/\">Continuar lendo <span class=\"screen-reader-text\">&#8220;Comunica\u00e7\u00f5es Paroquiais&#8221;<\/span><\/a><\/p>\n","protected":false},"author":5,"featured_media":0,"comment_status":"closed","ping_status":"open","sticky":false,"template":"","format":"standard","meta":{"footnotes":""},"categories":[4],"tags":[],"class_list":["post-40138","post","type-post","status-publish","format-standard","hentry","category-avisos-paroquiais","entry"],"_links":{"self":[{"href":"https:\/\/www.paroquia-damaia.pt\/old\/wp-json\/wp\/v2\/posts\/40138","targetHints":{"allow":["GET"]}}],"collection":[{"href":"https:\/\/www.paroquia-damaia.pt\/old\/wp-json\/wp\/v2\/posts"}],"about":[{"href":"https:\/\/www.paroquia-damaia.pt\/old\/wp-json\/wp\/v2\/types\/post"}],"author":[{"embeddable":true,"href":"https:\/\/www.paroquia-damaia.pt\/old\/wp-json\/wp\/v2\/users\/5"}],"replies":[{"embeddable":true,"href":"https:\/\/www.paroquia-damaia.pt\/old\/wp-json\/wp\/v2\/comments?post=40138"}],"version-history":[{"count":1,"href":"https:\/\/www.paroquia-damaia.pt\/old\/wp-json\/wp\/v2\/posts\/40138\/revisions"}],"predecessor-version":[{"id":40139,"href":"https:\/\/www.paroquia-damaia.pt\/old\/wp-json\/wp\/v2\/posts\/40138\/revisions\/40139"}],"wp:attachment":[{"href":"https:\/\/www.paroquia-damaia.pt\/old\/wp-json\/wp\/v2\/media?parent=40138"}],"wp:term":[{"taxonomy":"category","embeddable":true,"href":"https:\/\/www.paroquia-damaia.pt\/old\/wp-json\/wp\/v2\/categories?post=40138"},{"taxonomy":"post_tag","embeddable":true,"href":"https:\/\/www.paroquia-damaia.pt\/old\/wp-json\/wp\/v2\/tags?post=40138"}],"curies":[{"name":"wp","href":"https:\/\/api.w.org\/{rel}","templated":true}]}}