{"id":40198,"date":"2023-11-18T12:18:16","date_gmt":"2023-11-18T11:18:16","guid":{"rendered":"https:\/\/www.paroquia-damaia.pt\/old\/?p=40198"},"modified":"2023-11-18T12:18:16","modified_gmt":"2023-11-18T11:18:16","slug":"comunicacoes-paroquiais-05-11-2023","status":"publish","type":"post","link":"https:\/\/www.paroquia-damaia.pt\/old\/comunicacoes-paroquiais-05-11-2023\/","title":{"rendered":"Comunica\u00e7\u00f5es Paroquiais &#8211; 05\/11\/2023"},"content":{"rendered":"\n<p class=\"has-text-align-center\"><strong>Domingo XXXI do Tempo Comum<\/strong><\/p>\n\n\n\n<p class=\"has-text-align-center\"><strong><em>Um s\u00f3 \u00e9 vosso Pai, o Pai Celeste; Um s\u00f3 \u00e9 vosso mestre, Jesus Cristo\u201d. (Mt 23,9-10)<\/em><\/strong><\/p>\n\n\n\n<p><strong><u>Domingo 05\/11<\/u><\/strong><strong> \u2013<\/strong> Em todas as dioceses de Portugal come\u00e7a a <strong>Semana dos Semin\u00e1rios<\/strong>.<\/p>\n\n\n\n<p><strong><u>2\u00aa Feira | 06\/11 <\/u><\/strong>\u2013 Mem\u00f3ria dos <strong>M\u00e1rtires Redentoristas de Cuenca. <\/strong>Mem\u00f3ria de<strong> S. Nuno de Santa Maria, <\/strong>religioso.&nbsp;<\/p>\n\n\n\n<p><strong><u>3\u00aa Feira | 07\/11 <\/u><\/strong><strong>\u2013 <\/strong>Estudos B\u00edblico-lit\u00fargicos para Leitores (19h30). <strong>Ensaio <\/strong>do <em>Akathistos<\/em> (20h30).<\/p>\n\n\n\n<p><strong><u>4\u00aa Feira | 08\/11 <\/u><\/strong>\u2013 Missas com a <strong>Novena Perpetua<\/strong>; B\u00ean\u00e7\u00e3o da \u00e1gua e da sa\u00fade. 56\u00ba Anivers\u00e1rio do Agrupamento 255 dos Escuteiros Cat\u00f3licos na Damaia; Encontro de Catequistas (21h). &nbsp;<strong>&nbsp;<\/strong>&nbsp;&nbsp;<strong><\/strong><\/p>\n\n\n\n<p><strong><u>5\u00aa Feira | 09\/11<\/u><\/strong><strong> <\/strong>\u2013 <a><strong>Dedica\u00e7\u00e3o<\/strong><\/a> da Bas\u00edlica de Latr\u00e3o. Mem\u00f3ria da <strong>Funda\u00e7\u00e3o da Congrega\u00e7\u00e3o do Sant\u00edssimo Redentor<\/strong> (1732). <strong>Adora\u00e7\u00e3o<\/strong> ao Sant\u00edssimo Sacramento, \u00e0s 18h15.<\/p>\n\n\n\n<p><strong><u>Sexta feira | 10\/<\/u><\/strong><strong>11 \u2013 <\/strong>Mem\u00f3ria de<strong> S. Le\u00e3o Magno, <\/strong>papa e doutor da Igreja.<strong> <\/strong><strong>Sufr\u00e1gio pelos Congregados<\/strong>, familiares e benfeitores defuntos<strong>. <\/strong>&nbsp;<\/p>\n\n\n\n<p><strong><u>S\u00e1bado | 11\/11<\/u><\/strong><strong> <\/strong>\u2013 Mem\u00f3ria de <strong>S. Martinho de Tours<\/strong>, bispo. Forma\u00e7\u00e3o para Ac\u00f3litos (15h30). Festa da Luz (3\u00ba Cat.). Magusto promovido pela juventude (19h)<\/p>\n\n\n\n<p><strong>Aos aniversariantes <\/strong>desta semana<strong>, <\/strong>desejamos muitas e copiosas b\u00ean\u00e7\u00e3os do Sant\u00edssimo Redentor e a Prote\u00e7\u00e3o da M\u00e3e de Deus.<\/p>\n\n\n\n<p>Convidamos para participar do <strong>Magusto<\/strong>, promovido pela nossa Juventude, no pr\u00f3ximo s\u00e1bado, dia 11 de novembro, a partir das 20h.<\/p>\n\n\n\n<p>Esta semana come\u00e7am os <strong>ensaios do Akathistos<\/strong>. Como foi combinado no encontro dos Coros, pedimos que os membros de todos os coros participem destes ensaios. O Akathistos ser\u00e1 cantado e celebrado no dia 08 de Dezembro, \u00e0s 17h. Bem-haja!<\/p>\n\n\n\n<p>No dia 19 de novembro a <strong>C\u00e1ritas Diocesana<\/strong> realizar\u00e1 em nossa Par\u00f3quia seu encontro por ocasi\u00e3o do <strong>Dia Mundial dos Pobres<\/strong>. Haver\u00e1 tamb\u00e9m o <strong>almo\u00e7o partilhado<\/strong>, mas para tal \u00e9 preciso fazer sua inscri\u00e7\u00e3o. As mesmas <strong>Inscri\u00e7\u00f5es<\/strong> ser\u00e3o feitas na Secretaria da Par\u00f3quia. N\u00e3o h\u00e1 custos. &nbsp;<\/p>\n\n\n\n<p>No dia 18 de novembro haver\u00e1 <strong>estudos sobre a espiritualidade do Advento e do Natal<\/strong>. Convidamos todos os que atuam nas liturgias: ac\u00f3litos, ministros, leitores, coros, para esta tarde de forma\u00e7\u00e3o, a partir das 16h30.<\/p>\n\n\n\n<p>Intensifiquemos as nossas ora\u00e7\u00f5es pela <strong>paz na Ucr\u00e2nia<\/strong> e na <strong>Faixa de Gaza<\/strong>.<\/p>\n\n\n\n<p>Pe. Il\u00eddio Troco Hon\u00f3rio Vieira, C.Ss.R <\/p>\n\n\n\n<p>Damaia, 05 de Novembro de 2023<\/p>\n","protected":false},"excerpt":{"rendered":"<p>Domingo XXXI do Tempo Comum Um s\u00f3 \u00e9 vosso Pai, o Pai Celeste; Um s\u00f3 \u00e9 vosso mestre, Jesus Cristo\u201d. (Mt 23,9-10) Domingo 05\/11 \u2013 Em todas as dioceses de Portugal come\u00e7a a Semana dos Semin\u00e1rios. 2\u00aa Feira | 06\/11 \u2013 Mem\u00f3ria dos M\u00e1rtires Redentoristas de Cuenca. Mem\u00f3ria de S. Nuno de Santa Maria, religioso.&nbsp;<a class=\"more-link\" href=\"https:\/\/www.paroquia-damaia.pt\/old\/comunicacoes-paroquiais-05-11-2023\/\">Continuar lendo <span class=\"screen-reader-text\">&#8220;Comunica\u00e7\u00f5es Paroquiais &#8211; 05\/11\/2023&#8221;<\/span><\/a><\/p>\n","protected":false},"author":5,"featured_media":0,"comment_status":"closed","ping_status":"open","sticky":false,"template":"","format":"standard","meta":{"footnotes":""},"categories":[4],"tags":[],"class_list":["post-40198","post","type-post","status-publish","format-standard","hentry","category-avisos-paroquiais","entry"],"_links":{"self":[{"href":"https:\/\/www.paroquia-damaia.pt\/old\/wp-json\/wp\/v2\/posts\/40198","targetHints":{"allow":["GET"]}}],"collection":[{"href":"https:\/\/www.paroquia-damaia.pt\/old\/wp-json\/wp\/v2\/posts"}],"about":[{"href":"https:\/\/www.paroquia-damaia.pt\/old\/wp-json\/wp\/v2\/types\/post"}],"author":[{"embeddable":true,"href":"https:\/\/www.paroquia-damaia.pt\/old\/wp-json\/wp\/v2\/users\/5"}],"replies":[{"embeddable":true,"href":"https:\/\/www.paroquia-damaia.pt\/old\/wp-json\/wp\/v2\/comments?post=40198"}],"version-history":[{"count":1,"href":"https:\/\/www.paroquia-damaia.pt\/old\/wp-json\/wp\/v2\/posts\/40198\/revisions"}],"predecessor-version":[{"id":40199,"href":"https:\/\/www.paroquia-damaia.pt\/old\/wp-json\/wp\/v2\/posts\/40198\/revisions\/40199"}],"wp:attachment":[{"href":"https:\/\/www.paroquia-damaia.pt\/old\/wp-json\/wp\/v2\/media?parent=40198"}],"wp:term":[{"taxonomy":"category","embeddable":true,"href":"https:\/\/www.paroquia-damaia.pt\/old\/wp-json\/wp\/v2\/categories?post=40198"},{"taxonomy":"post_tag","embeddable":true,"href":"https:\/\/www.paroquia-damaia.pt\/old\/wp-json\/wp\/v2\/tags?post=40198"}],"curies":[{"name":"wp","href":"https:\/\/api.w.org\/{rel}","templated":true}]}}