{"id":40200,"date":"2023-11-18T12:21:25","date_gmt":"2023-11-18T11:21:25","guid":{"rendered":"https:\/\/www.paroquia-damaia.pt\/old\/?p=40200"},"modified":"2023-11-18T12:21:25","modified_gmt":"2023-11-18T11:21:25","slug":"comunicacoes-paroquiais-12-11-2023","status":"publish","type":"post","link":"https:\/\/www.paroquia-damaia.pt\/old\/comunicacoes-paroquiais-12-11-2023\/","title":{"rendered":"Comunica\u00e7\u00f5es Paroquiais &#8211; 12\/11\/2023"},"content":{"rendered":"\n<p class=\"has-text-align-center\"><strong>Domingo XXXII do Tempo Comum<\/strong><\/p>\n\n\n\n<p class=\"has-text-align-center\"><strong><em>\u00abA\u00ed vem o Esposo: ide ao seu encontro\u00bb (Mt 25,1-13)<\/em><\/strong><strong>.<\/strong><\/p>\n\n\n\n<p><strong><u>Domingo 12\/11<\/u><\/strong><strong> \u2013<\/strong> XXXII DO TEMPO COMUM<\/p>\n\n\n\n<p><strong><u>4\u00aa Feira | 15\/11 <\/u><\/strong>\u2013 Missas com a <strong>Novena Perpetua<\/strong>; B\u00ean\u00e7\u00e3o da \u00e1gua e da sa\u00fade. <strong><\/strong><\/p>\n\n\n\n<p><strong><u>5\u00aa Feira | 16\/11<\/u><\/strong><strong> <\/strong>\u2013 <strong>Adora\u00e7\u00e3o ao Sant\u00edssimo Sacramento<\/strong>, \u00e0s 18h15. Ensaios do <em>Akathistos<\/em> as 20h.30.<\/p>\n\n\n\n<p><strong><u>Sexta feira | 17\/<\/u><\/strong><strong>11 \u2013 <\/strong>Forma\u00e7\u00e3o para Pais e Padrinhos (20h).<strong> <\/strong>Encontro das equipas das Caritas, Despensa Comunit\u00e1ria, Vicentinos para o planeamento da a\u00e7\u00e3o social na Par\u00f3quia (21h).<\/p>\n\n\n\n<p><strong><u>S\u00e1bado | 18\/11<\/u><\/strong><strong> <\/strong>\u2013 Mil Ave Marias (08h). Encontro da Equipa da PL para a Prepara\u00e7\u00e3o do Advento e do Natal (16h30); Missa na Damaia de Baixo (17h). Atividade cultural as (20h).<\/p>\n\n\n\n<p><strong><u>Domingo | 19\/11<\/u><\/strong> &#8211; DOMINGO XXXIII DO TEMPO COMUM. Dia Mundial dos Pobres. Encontro Diocesano de C\u00e1ritas (Damaia). Novena mensal a S. Jos\u00e9 (18h)<\/p>\n\n\n\n<p>Voltamos a lembrar que no dia 19 de novembro a <strong>C\u00e1ritas Diocesana<\/strong> realizar\u00e1 em nossa Par\u00f3quia seu encontro por ocasi\u00e3o do <strong>Dia Mundial dos Pobres<\/strong>. Haver\u00e1 tamb\u00e9m o <strong>almo\u00e7o partilhado<\/strong>, mas para tal \u00e9 preciso fazer sua inscri\u00e7\u00e3o. As mesmas <strong>Inscri\u00e7\u00f5es<\/strong> est\u00e3o sendo feitas na Secretaria da Par\u00f3quia. N\u00e3o h\u00e1 custos.&nbsp;<\/p>\n\n\n\n<p>No dia 18 de novembro haver\u00e1 <strong>estudos sobre a espiritualidade do Advento e do Natal<\/strong>. Convidamos todos os que atuam nas liturgias: ac\u00f3litos, ministros, leitores, coros, para esta tarde de forma\u00e7\u00e3o, a partir das 16h30.<\/p>\n\n\n\n<p>Aos aniversariantes desta semana, desejamos muitas e copiosas b\u00ean\u00e7\u00e3os do Sant\u00edssimo Redentor e a Prote\u00e7\u00e3o da M\u00e3e de Deus!<\/p>\n\n\n\n<p>Intensifiquemos as nossas ora\u00e7\u00f5es pela <strong>paz na Ucr\u00e2nia<\/strong>, <strong>Israel e Palestina<\/strong> e todas a na\u00e7\u00f5es em conflito no mundo inteiro.<\/p>\n\n\n\n<p>Pe. Il\u00eddio Troco Hon\u00f3rio Vieira, C.Ss.R \u2013 Vig\u00e1rio Paroquial<\/p>\n\n\n\n<p>Damaia, 12 de Novembro de 2023<\/p>\n","protected":false},"excerpt":{"rendered":"<p>Domingo XXXII do Tempo Comum \u00abA\u00ed vem o Esposo: ide ao seu encontro\u00bb (Mt 25,1-13). Domingo 12\/11 \u2013 XXXII DO TEMPO COMUM 4\u00aa Feira | 15\/11 \u2013 Missas com a Novena Perpetua; B\u00ean\u00e7\u00e3o da \u00e1gua e da sa\u00fade. 5\u00aa Feira | 16\/11 \u2013 Adora\u00e7\u00e3o ao Sant\u00edssimo Sacramento, \u00e0s 18h15. Ensaios do Akathistos as 20h.30. Sexta<a class=\"more-link\" href=\"https:\/\/www.paroquia-damaia.pt\/old\/comunicacoes-paroquiais-12-11-2023\/\">Continuar lendo <span class=\"screen-reader-text\">&#8220;Comunica\u00e7\u00f5es Paroquiais &#8211; 12\/11\/2023&#8221;<\/span><\/a><\/p>\n","protected":false},"author":5,"featured_media":0,"comment_status":"closed","ping_status":"open","sticky":false,"template":"","format":"standard","meta":{"footnotes":""},"categories":[4],"tags":[],"class_list":["post-40200","post","type-post","status-publish","format-standard","hentry","category-avisos-paroquiais","entry"],"_links":{"self":[{"href":"https:\/\/www.paroquia-damaia.pt\/old\/wp-json\/wp\/v2\/posts\/40200","targetHints":{"allow":["GET"]}}],"collection":[{"href":"https:\/\/www.paroquia-damaia.pt\/old\/wp-json\/wp\/v2\/posts"}],"about":[{"href":"https:\/\/www.paroquia-damaia.pt\/old\/wp-json\/wp\/v2\/types\/post"}],"author":[{"embeddable":true,"href":"https:\/\/www.paroquia-damaia.pt\/old\/wp-json\/wp\/v2\/users\/5"}],"replies":[{"embeddable":true,"href":"https:\/\/www.paroquia-damaia.pt\/old\/wp-json\/wp\/v2\/comments?post=40200"}],"version-history":[{"count":1,"href":"https:\/\/www.paroquia-damaia.pt\/old\/wp-json\/wp\/v2\/posts\/40200\/revisions"}],"predecessor-version":[{"id":40201,"href":"https:\/\/www.paroquia-damaia.pt\/old\/wp-json\/wp\/v2\/posts\/40200\/revisions\/40201"}],"wp:attachment":[{"href":"https:\/\/www.paroquia-damaia.pt\/old\/wp-json\/wp\/v2\/media?parent=40200"}],"wp:term":[{"taxonomy":"category","embeddable":true,"href":"https:\/\/www.paroquia-damaia.pt\/old\/wp-json\/wp\/v2\/categories?post=40200"},{"taxonomy":"post_tag","embeddable":true,"href":"https:\/\/www.paroquia-damaia.pt\/old\/wp-json\/wp\/v2\/tags?post=40200"}],"curies":[{"name":"wp","href":"https:\/\/api.w.org\/{rel}","templated":true}]}}