{"id":40202,"date":"2023-11-18T12:23:30","date_gmt":"2023-11-18T11:23:30","guid":{"rendered":"https:\/\/www.paroquia-damaia.pt\/old\/?p=40202"},"modified":"2023-11-18T12:23:30","modified_gmt":"2023-11-18T11:23:30","slug":"comunicacoes-paroquiais-19-11-2023","status":"publish","type":"post","link":"https:\/\/www.paroquia-damaia.pt\/old\/comunicacoes-paroquiais-19-11-2023\/","title":{"rendered":"Comunica\u00e7\u00f5es Paroquiais &#8211; 19\/11\/2023"},"content":{"rendered":"\n<p class=\"has-text-align-center\"><strong>Domingo XXXIII do Tempo Comum<\/strong><\/p>\n\n\n\n<p class=\"has-text-align-center\"><strong><em>Foste fiel em coisas pequenas: vem fazer parte na alegria do teu Senhor<\/em><\/strong><strong><em>\u201d. (Mt 25,21)<\/em><\/strong><\/p>\n\n\n\n<p><strong><u>Domingo 19\/11<\/u><\/strong><strong> \u2013<\/strong> Celebramos hoje o <strong>Dia Mundial dos Pobres<\/strong>. Alegramos-nos com a presen\u00e7a em nossa Par\u00f3quia da <strong>C\u00e1ritas Diocesana<\/strong>. Veja a programa\u00e7\u00e3o das atividades.&nbsp; &nbsp;<\/p>\n\n\n\n<p><strong><u>3\u00aa Feira | 21\/11 <\/u><\/strong><strong>\u2013 Mem\u00f3ria da Apresenta\u00e7\u00e3o da Virgem Santa Maria. <\/strong>Estudos B\u00edblico-lit\u00fargicos para Leitores (19h30).<\/p>\n\n\n\n<p><strong><u>4\u00aa Feira | 22\/11 <\/u><\/strong>\u2013 Mem\u00f3ria de <strong>S. Cec\u00edlia<\/strong>, padroeira de m\u00fasicos e de coros. Convidamos os m\u00fasicos e os membros dos nossos coros para a Santa Missa \u00e0s 19h e conv\u00edvio. Missas com a <strong>Novena Perpetua<\/strong>; B\u00ean\u00e7\u00e3o da \u00e1gua e da sa\u00fade. &nbsp;&nbsp;<strong>&nbsp;<\/strong>&nbsp;&nbsp;<strong><\/strong><\/p>\n\n\n\n<p><strong><u>5\u00aa Feira | 23\/11<\/u><\/strong><strong> <\/strong>\u2013 <a>Mem\u00f3ria de <\/a><strong>S. Clemente I<\/strong>, papa e m\u00e1rtir e de <strong>S. Columbano<\/strong>, abade. <strong>Adora\u00e7\u00e3o<\/strong> ao Sant\u00edssimo Sacramento, \u00e0s 18h15. <strong>Ensaio <\/strong>do <em>Akathistos<\/em> (20h30).&nbsp; <strong>Reuni\u00e3o <\/strong>daComiss\u00e3o Paroquial da Juventude (21h)<em><\/em><\/p>\n\n\n\n<p><strong><u>6\u00aa Feira | 24\/<\/u><\/strong><strong>11 \u2013 <\/strong>Mem\u00f3ria de<strong> S. Andr\u00e9 Dung-Lac, <\/strong>presb\u00edtero e<strong> Companheiros, <\/strong>m\u00e1rtires.<strong> Jornadas B\u00edblicas: <\/strong><em>Minist\u00e9rios na Igreja Sinodal \u2013 Relat\u00f3rio do 47\u00ba Encontro Nacional de Liturgia <\/em>(21h). &nbsp;<\/p>\n\n\n\n<p><strong><u>S\u00e1bado | 25\/11<\/u><\/strong><strong> <\/strong>\u2013 Mem\u00f3ria de <strong>S. Catarina de Alexandria, <\/strong>virgem e m\u00e1rtir. Forma\u00e7\u00e3o para <strong>Ac\u00f3litos<\/strong> (15h30). Festa da <strong>Esperan\u00e7a Crist\u00e3<\/strong> (6\u00ba Cat.).<\/p>\n\n\n\n<p><strong><u>Domingo | 26\/11<\/u><\/strong><strong> <\/strong>\u2013 <strong>Solenidade de Nosso Senhor Jesus Cristo, Rei do Universo<\/strong>. Dia Mundial da Juventude. <strong>Reuni\u00e3o <\/strong>com <strong>Legion\u00e1rios, <\/strong>com o Grupo de<strong> Mil Ave Marias<\/strong> e com o <strong>Grupo Mission\u00e1rio Paroquial<\/strong> (16h).&nbsp;<\/p>\n\n\n\n<p><strong>Aos aniversariantes <\/strong>desta semana<strong>, <\/strong>desejamos muitas e copiosas b\u00ean\u00e7\u00e3os do Sant\u00edssimo Redentor e a Prote\u00e7\u00e3o da M\u00e3e de Deus.<\/p>\n\n\n\n<p>Intensifiquemos as nossas ora\u00e7\u00f5es pela <strong>paz na Ucr\u00e2nia<\/strong> e na <strong>Faixa de Gaza<\/strong>.<\/p>\n\n\n\n<p><strong>Peregrina\u00e7\u00e3o a F\u00e1tima<\/strong>, no s\u00e1bado, dia 02 de Dezembro. Inscri\u00e7\u00f5es na Secretaria da Par\u00f3quia.<\/p>\n\n\n\n<p>A partir do 1\u00ba Domingo de Advento, a <strong>apresenta\u00e7\u00e3o das inten\u00e7\u00f5es<\/strong> nas missas dominicais e festivas ser\u00e1 feita cinco minutos antes de cada celebra\u00e7\u00e3o. &nbsp;<\/p>\n\n\n\n<p><strong>Bazar do Natal<\/strong>, no pr\u00f3ximo domingo, dia 26 de novembro, a partir das 09h \u00e0s 19h, no Audit\u00f3rio Pe. Vaz.&nbsp;<\/p>\n\n\n\n<p>Pe. Crist\u00f3v\u00e3o Dworak, CSsR \u2013 o P\u00e1roco<\/p>\n\n\n\n<p>Damaia, 19 de Novembro de 2023<\/p>\n","protected":false},"excerpt":{"rendered":"<p>Domingo XXXIII do Tempo Comum Foste fiel em coisas pequenas: vem fazer parte na alegria do teu Senhor\u201d. (Mt 25,21) Domingo 19\/11 \u2013 Celebramos hoje o Dia Mundial dos Pobres. Alegramos-nos com a presen\u00e7a em nossa Par\u00f3quia da C\u00e1ritas Diocesana. Veja a programa\u00e7\u00e3o das atividades.&nbsp; &nbsp; 3\u00aa Feira | 21\/11 \u2013 Mem\u00f3ria da Apresenta\u00e7\u00e3o da<a class=\"more-link\" href=\"https:\/\/www.paroquia-damaia.pt\/old\/comunicacoes-paroquiais-19-11-2023\/\">Continuar lendo <span class=\"screen-reader-text\">&#8220;Comunica\u00e7\u00f5es Paroquiais &#8211; 19\/11\/2023&#8221;<\/span><\/a><\/p>\n","protected":false},"author":5,"featured_media":0,"comment_status":"closed","ping_status":"open","sticky":false,"template":"","format":"standard","meta":{"footnotes":""},"categories":[4],"tags":[],"class_list":["post-40202","post","type-post","status-publish","format-standard","hentry","category-avisos-paroquiais","entry"],"_links":{"self":[{"href":"https:\/\/www.paroquia-damaia.pt\/old\/wp-json\/wp\/v2\/posts\/40202","targetHints":{"allow":["GET"]}}],"collection":[{"href":"https:\/\/www.paroquia-damaia.pt\/old\/wp-json\/wp\/v2\/posts"}],"about":[{"href":"https:\/\/www.paroquia-damaia.pt\/old\/wp-json\/wp\/v2\/types\/post"}],"author":[{"embeddable":true,"href":"https:\/\/www.paroquia-damaia.pt\/old\/wp-json\/wp\/v2\/users\/5"}],"replies":[{"embeddable":true,"href":"https:\/\/www.paroquia-damaia.pt\/old\/wp-json\/wp\/v2\/comments?post=40202"}],"version-history":[{"count":1,"href":"https:\/\/www.paroquia-damaia.pt\/old\/wp-json\/wp\/v2\/posts\/40202\/revisions"}],"predecessor-version":[{"id":40203,"href":"https:\/\/www.paroquia-damaia.pt\/old\/wp-json\/wp\/v2\/posts\/40202\/revisions\/40203"}],"wp:attachment":[{"href":"https:\/\/www.paroquia-damaia.pt\/old\/wp-json\/wp\/v2\/media?parent=40202"}],"wp:term":[{"taxonomy":"category","embeddable":true,"href":"https:\/\/www.paroquia-damaia.pt\/old\/wp-json\/wp\/v2\/categories?post=40202"},{"taxonomy":"post_tag","embeddable":true,"href":"https:\/\/www.paroquia-damaia.pt\/old\/wp-json\/wp\/v2\/tags?post=40202"}],"curies":[{"name":"wp","href":"https:\/\/api.w.org\/{rel}","templated":true}]}}