{"id":40242,"date":"2023-11-28T21:11:26","date_gmt":"2023-11-28T20:11:26","guid":{"rendered":"https:\/\/www.paroquia-damaia.pt\/old\/?p=40242"},"modified":"2023-11-28T21:11:26","modified_gmt":"2023-11-28T20:11:26","slug":"comunicacoes-paroquiais-26-11-2023","status":"publish","type":"post","link":"https:\/\/www.paroquia-damaia.pt\/old\/comunicacoes-paroquiais-26-11-2023\/","title":{"rendered":"Comunica\u00e7\u00f5es Paroquiais &#8211; 26\/11\/2023"},"content":{"rendered":"\n<p class=\"has-text-align-center\">Solenidade de Nossa Senhor Jesus Cristo, Rei do Universo<\/p>\n\n\n\n<p class=\"has-text-align-center\"><strong><em>\u201cVinde, benditos do meu Pai; recebei como heran\u00e7a o reino que vos est\u00e1 preparado desde a cria\u00e7\u00e3o do mundo<\/em><\/strong><strong><em>\u201d. (Mt 25,34)<\/em><\/strong><\/p>\n\n\n\n<p><strong><u>Domingo 26\/11<\/u><\/strong><strong> <\/strong><strong>\u2013<\/strong> Dia Mundial da <strong>Juventude<\/strong>. <strong>Reuni\u00e3o <\/strong>com <strong>Legion\u00e1rios, <\/strong>com Grupo de<strong> Mil Ave Marias<\/strong> e com o <strong>Grupo Mission\u00e1rio Paroquial<\/strong> (16h).&nbsp;&nbsp;<\/p>\n\n\n\n<p><strong><u>3\u00aa Feira | 28\/11 <\/u><\/strong><strong>\u2013 Reuni\u00e3o <\/strong>dos Padres e Di\u00e1conos da Vigararia da Amadora.<strong> <\/strong>&nbsp;<\/p>\n\n\n\n<p><strong><u>4\u00aa Feira | 29\/11 <\/u><\/strong>\u2013 Missas com a <strong>Novena Perpetua<\/strong>; B\u00ean\u00e7\u00e3o da \u00e1gua e da sa\u00fade. Ensaio do <strong>Akathistos<\/strong> (20h30).<strong>&nbsp;&nbsp;&nbsp;<\/strong><\/p>\n\n\n\n<p><strong><u>5\u00aa Feira | 30\/11<\/u><\/strong><strong> <\/strong>\u2013 <a>Mem\u00f3ria de <\/a><strong>S. Andr\u00e9, <\/strong>Ap\u00f3stolo. <strong>Adora\u00e7\u00e3o<\/strong> ao Sant\u00edssimo Sacramento, \u00e0s 18h15. Reuni\u00e3o com a <strong>Equipa de Arquitetura e de Obras<\/strong> na Par\u00f3quia (21h). <em><\/em><\/p>\n\n\n\n<p><strong><u>6\u00aa Feira | 01\/<\/u><\/strong><strong>12 \u2013 1\u00aa Sexta-Feira <\/strong>do m\u00eas. Missas com uma breve <strong>adora\u00e7\u00e3o<\/strong> e <strong>b\u00ean\u00e7\u00e3o<\/strong> do Sant\u00edssimo Sacramento.<strong> <\/strong>&nbsp;&nbsp;<\/p>\n\n\n\n<p><strong><u>S\u00e1bado | 02\/12<\/u><\/strong><strong> <\/strong>\u2013 Conclui-se o Ano lit\u00fargico \u2013 Ciclo A. Com a celebra\u00e7\u00e3o da tarde, do 1\u00ba Domingo do Advento, iniciamos o novo Ano Lit\u00fargico (B). &nbsp;<\/p>\n\n\n\n<p><strong><u>Domingo | 03\/12<\/u><\/strong><strong> <\/strong>\u2013 1\u00ba Domingo do Advento.&nbsp;<\/p>\n\n\n\n<p><strong>Aos aniversariantes <\/strong>desta semana<strong>, <\/strong>desejamos muitas e copiosas b\u00ean\u00e7\u00e3os do Sant\u00edssimo Redentor e a Prote\u00e7\u00e3o da M\u00e3e de Deus.<\/p>\n\n\n\n<p>Intensifiquemos as nossas ora\u00e7\u00f5es pela <strong>paz na Ucr\u00e2nia<\/strong> e na <strong>Faixa de Gaza<\/strong>.<\/p>\n\n\n\n<p>H\u00e1 ainda bilhetes para a<strong> peregrina\u00e7\u00e3o a F\u00e1tima<\/strong>, no s\u00e1bado, dia 02 de Dezembro. Tamb\u00e9m est\u00e3o abertas as inscri\u00e7\u00f5es para a peregrina\u00e7\u00e3o dos Volunt\u00e1rios da JMJ, para o dia 10 de dezembro. Esta peregrina\u00e7\u00e3o \u00e9 incentivada pelo novo Patriarca D. Rui Val\u00e9rio em agradecimento pela JMJ. Inscri\u00e7\u00f5es na Secretaria da Par\u00f3quia.&nbsp;&nbsp;<\/p>\n\n\n\n<p>A partir do 1\u00ba Domingo de Advento, a <strong>apresenta\u00e7\u00e3o das inten\u00e7\u00f5es<\/strong> nas missas dominicais e festivas ser\u00e1 feita cinco minutos antes de cada celebra\u00e7\u00e3o.&nbsp;<\/p>\n\n\n\n<p><strong>Sorteio de Natal<\/strong>. Adquira uma rifa no valor de uma coroa e colabore com a nossa Par\u00f3quia.<\/p>\n\n\n\n<p>Rifas na Secretaria da Par\u00f3quia e no Espa\u00e7o \u2013 Bar. Bem-haja.&nbsp;<\/p>\n\n\n\n<p>Recolhas para o <strong>Banco Alimentar<\/strong> de 01 a 03 de Dezembro. Colaboremos.&nbsp;<\/p>\n\n\n\n<p>Pe. Crist\u00f3v\u00e3o Dworak, CSsR \u2013 o P\u00e1roco Damaia, <\/p>\n\n\n\n<p>26 de Novembro de 2023<\/p>\n","protected":false},"excerpt":{"rendered":"<p>Solenidade de Nossa Senhor Jesus Cristo, Rei do Universo \u201cVinde, benditos do meu Pai; recebei como heran\u00e7a o reino que vos est\u00e1 preparado desde a cria\u00e7\u00e3o do mundo\u201d. (Mt 25,34) Domingo 26\/11 \u2013 Dia Mundial da Juventude. Reuni\u00e3o com Legion\u00e1rios, com Grupo de Mil Ave Marias e com o Grupo Mission\u00e1rio Paroquial (16h).&nbsp;&nbsp; 3\u00aa Feira<a class=\"more-link\" href=\"https:\/\/www.paroquia-damaia.pt\/old\/comunicacoes-paroquiais-26-11-2023\/\">Continuar lendo <span class=\"screen-reader-text\">&#8220;Comunica\u00e7\u00f5es Paroquiais &#8211; 26\/11\/2023&#8221;<\/span><\/a><\/p>\n","protected":false},"author":5,"featured_media":0,"comment_status":"closed","ping_status":"open","sticky":false,"template":"","format":"standard","meta":{"footnotes":""},"categories":[4],"tags":[],"class_list":["post-40242","post","type-post","status-publish","format-standard","hentry","category-avisos-paroquiais","entry"],"_links":{"self":[{"href":"https:\/\/www.paroquia-damaia.pt\/old\/wp-json\/wp\/v2\/posts\/40242","targetHints":{"allow":["GET"]}}],"collection":[{"href":"https:\/\/www.paroquia-damaia.pt\/old\/wp-json\/wp\/v2\/posts"}],"about":[{"href":"https:\/\/www.paroquia-damaia.pt\/old\/wp-json\/wp\/v2\/types\/post"}],"author":[{"embeddable":true,"href":"https:\/\/www.paroquia-damaia.pt\/old\/wp-json\/wp\/v2\/users\/5"}],"replies":[{"embeddable":true,"href":"https:\/\/www.paroquia-damaia.pt\/old\/wp-json\/wp\/v2\/comments?post=40242"}],"version-history":[{"count":1,"href":"https:\/\/www.paroquia-damaia.pt\/old\/wp-json\/wp\/v2\/posts\/40242\/revisions"}],"predecessor-version":[{"id":40243,"href":"https:\/\/www.paroquia-damaia.pt\/old\/wp-json\/wp\/v2\/posts\/40242\/revisions\/40243"}],"wp:attachment":[{"href":"https:\/\/www.paroquia-damaia.pt\/old\/wp-json\/wp\/v2\/media?parent=40242"}],"wp:term":[{"taxonomy":"category","embeddable":true,"href":"https:\/\/www.paroquia-damaia.pt\/old\/wp-json\/wp\/v2\/categories?post=40242"},{"taxonomy":"post_tag","embeddable":true,"href":"https:\/\/www.paroquia-damaia.pt\/old\/wp-json\/wp\/v2\/tags?post=40242"}],"curies":[{"name":"wp","href":"https:\/\/api.w.org\/{rel}","templated":true}]}}