{"id":40244,"date":"2023-12-03T20:11:02","date_gmt":"2023-12-03T19:11:02","guid":{"rendered":"https:\/\/www.paroquia-damaia.pt\/old\/?p=40244"},"modified":"2023-12-03T20:11:02","modified_gmt":"2023-12-03T19:11:02","slug":"comunicacoes-paroquiais-03-12-2023","status":"publish","type":"post","link":"https:\/\/www.paroquia-damaia.pt\/old\/comunicacoes-paroquiais-03-12-2023\/","title":{"rendered":"Comunica\u00e7\u00f5es Paroquiais &#8211; 03\/12\/2023"},"content":{"rendered":"\n<p class=\"has-text-align-center\"><strong>1\u00ba Domingo do Advento<\/strong><\/p>\n\n\n\n<p class=\"has-text-align-center\"><strong><em>\u201cVigiai e orai em todo o tempo<\/em><\/strong><strong><em>\u201d. (Lc 21,36)<\/em><\/strong><\/p>\n\n\n\n<p><strong><u>Domingo 03\/12<\/u><\/strong><strong> <\/strong><strong>\u2013<\/strong> 1\u00ba Domingo do Advento. <strong>Retiro do Advento<\/strong> da Capelania Africana coordenado pelo Pe. Ant\u00f3nio Leal. &nbsp;&nbsp;<\/p>\n\n\n\n<p><strong><u>2\u00aa Feira | 04\/12<\/u><\/strong><strong> \u2013 <\/strong>Mem\u00f3ria de<strong> S. Jo\u00e3o Damasceno, <\/strong>presb\u00edtero e doutor da Igreja. <strong><\/strong><\/p>\n\n\n\n<p><strong><u>3\u00aa Feira | 05\/12 <\/u><\/strong><strong>\u2013 <\/strong>Mem\u00f3ria de Santos<strong> Frutuoso, Martinho de Dume e Geraldo, <\/strong>bispos.<strong> <\/strong>Estudos B\u00edblicos com <strong>Leitores<\/strong> (19h45). Encontro e Forma\u00e7\u00e3o para <strong>Catequistas<\/strong> (21h)<strong>. <\/strong>In\u00edcio do<strong> Tr\u00edduo <\/strong>em prepara\u00e7\u00e3o \u00e0 solenidade da Imaculada Concei\u00e7\u00e3o.<\/p>\n\n\n\n<p><strong><u>4\u00aa Feira | 06\/12 <\/u><\/strong>\u2013 Mem\u00f3ria de <strong>S. Nicolau<\/strong>, bispo. <strong>N\u00e3o haver\u00e1 Novena Perp\u00e9tua<\/strong> por causa do Tr\u00edduo da Imaculada Concei\u00e7\u00e3o. Ensaio do <strong>Akathistos<\/strong> (20h30). Reuni\u00e3o das Eq. coordenadoras da <strong>JMJ<\/strong> e do <strong>Dia Afonsiano<\/strong> (21h).&nbsp; <strong>&nbsp;&nbsp;&nbsp;&nbsp;<\/strong><\/p>\n\n\n\n<p><strong><u>5\u00aa Feira | 07\/12<\/u><\/strong><strong> <\/strong>\u2013 <a>Mem\u00f3ria de <\/a><strong>S. Ambr\u00f3sio, <\/strong>bispo e doutor da Igreja<strong>. <\/strong><strong>Adora\u00e7\u00e3o<\/strong> ao Sant\u00edssimo Sacramento (18h15). <strong>Missa<\/strong> com <strong>V\u00e9speras<\/strong> da Solenidade da Imaculada Concei\u00e7\u00e3o (19h).<\/p>\n\n\n\n<p><strong><u>6\u00aa Feira | 08\/12<\/u><\/strong> \u2013 Solenidade da <strong>Imaculada Concei\u00e7\u00e3o da Virgem Santa Maria<\/strong>. <strong>Missas<\/strong> \u00e0s <strong>09h<\/strong> e \u00e0s <strong>11h<\/strong>. Na parte da tarde cantaremos o <strong>Akathistos<\/strong>, \u00e0s <strong>17h<\/strong>. N\u00e3o haver\u00e1 missa \u00e0 tarde. Convidamos para a celebra\u00e7\u00e3o do Akathistos.&nbsp; &nbsp;&nbsp;&nbsp;<\/p>\n\n\n\n<p><strong><u>S\u00e1bado | 09\/12<\/u><\/strong><strong> <\/strong>\u2013 Mem\u00f3ria de <strong>S. Jo\u00e3o Diogo<\/strong>. &nbsp;Encontro para Pais e Padrinhos (10h).<\/p>\n\n\n\n<p><strong><u>Domingo | 10\/12<\/u><\/strong><strong> <\/strong>\u2013. 2\u00ba Domingo do Advento. <strong>Peregrina\u00e7\u00e3o dos Volunt\u00e1rios<\/strong> e das <strong>Fam\u00edlias de Acolhimento<\/strong> da JMJ para F\u00e1tima em agradecimento pela JMJ. A peregrina\u00e7\u00e3o ser\u00e1 presidida pelo nosso Patriarca, D. Rui Val\u00e9rio<\/p>\n\n\n\n<p><strong>Aos aniversariantes <\/strong>desta semana<strong>, <\/strong>desejamos muitas e copiosas b\u00ean\u00e7\u00e3os do Sant\u00edssimo Redentor e a Prote\u00e7\u00e3o da M\u00e3e de Deus.<\/p>\n\n\n\n<p>A partir deste 1\u00ba Domingo de Advento, a <strong>apresenta\u00e7\u00e3o das inten\u00e7\u00f5es<\/strong> nas missas dominicais e festivas ser\u00e1 feita cinco minutos antes de cada celebra\u00e7\u00e3o.&nbsp;<\/p>\n\n\n\n<p><strong>Sorteio de Natal<\/strong>. Adquira uma rifa no valor de uma coroa e colabore com a nossa Par\u00f3quia.<\/p>\n\n\n\n<p>Rifas na Secretaria da Par\u00f3quia e no Espa\u00e7o \u2013 Bar. Bem-haja.<\/p>\n\n\n\n<p>No dia <strong>17 de dezembro<\/strong> a Missa \u00e0s 11h ser\u00e1 transmitida pela <strong>TVI.<\/strong><\/p>\n\n\n\n<p>Adquira um livro de <strong>Ora\u00e7\u00f5es para o Tempo do Advento<\/strong> para rezar em fam\u00edlia ou individualmente. Ilumine tamb\u00e9m este Advento e este Natal com as <strong>Velas da Caritas<\/strong>. Vendas na Secretaria da Par\u00f3quia. &nbsp;<\/p>\n\n\n\n<p>Pe. Crist\u00f3v\u00e3o Dworak, CSsR \u2013 o P\u00e1roco <\/p>\n\n\n\n<p>Damaia, 03 de Dezembro de 2023<\/p>\n","protected":false},"excerpt":{"rendered":"<p>1\u00ba Domingo do Advento \u201cVigiai e orai em todo o tempo\u201d. (Lc 21,36) Domingo 03\/12 \u2013 1\u00ba Domingo do Advento. Retiro do Advento da Capelania Africana coordenado pelo Pe. Ant\u00f3nio Leal. &nbsp;&nbsp; 2\u00aa Feira | 04\/12 \u2013 Mem\u00f3ria de S. Jo\u00e3o Damasceno, presb\u00edtero e doutor da Igreja. 3\u00aa Feira | 05\/12 \u2013 Mem\u00f3ria de Santos<a class=\"more-link\" href=\"https:\/\/www.paroquia-damaia.pt\/old\/comunicacoes-paroquiais-03-12-2023\/\">Continuar lendo <span class=\"screen-reader-text\">&#8220;Comunica\u00e7\u00f5es Paroquiais &#8211; 03\/12\/2023&#8221;<\/span><\/a><\/p>\n","protected":false},"author":5,"featured_media":0,"comment_status":"closed","ping_status":"open","sticky":false,"template":"","format":"standard","meta":{"footnotes":""},"categories":[4],"tags":[],"class_list":["post-40244","post","type-post","status-publish","format-standard","hentry","category-avisos-paroquiais","entry"],"_links":{"self":[{"href":"https:\/\/www.paroquia-damaia.pt\/old\/wp-json\/wp\/v2\/posts\/40244","targetHints":{"allow":["GET"]}}],"collection":[{"href":"https:\/\/www.paroquia-damaia.pt\/old\/wp-json\/wp\/v2\/posts"}],"about":[{"href":"https:\/\/www.paroquia-damaia.pt\/old\/wp-json\/wp\/v2\/types\/post"}],"author":[{"embeddable":true,"href":"https:\/\/www.paroquia-damaia.pt\/old\/wp-json\/wp\/v2\/users\/5"}],"replies":[{"embeddable":true,"href":"https:\/\/www.paroquia-damaia.pt\/old\/wp-json\/wp\/v2\/comments?post=40244"}],"version-history":[{"count":1,"href":"https:\/\/www.paroquia-damaia.pt\/old\/wp-json\/wp\/v2\/posts\/40244\/revisions"}],"predecessor-version":[{"id":40245,"href":"https:\/\/www.paroquia-damaia.pt\/old\/wp-json\/wp\/v2\/posts\/40244\/revisions\/40245"}],"wp:attachment":[{"href":"https:\/\/www.paroquia-damaia.pt\/old\/wp-json\/wp\/v2\/media?parent=40244"}],"wp:term":[{"taxonomy":"category","embeddable":true,"href":"https:\/\/www.paroquia-damaia.pt\/old\/wp-json\/wp\/v2\/categories?post=40244"},{"taxonomy":"post_tag","embeddable":true,"href":"https:\/\/www.paroquia-damaia.pt\/old\/wp-json\/wp\/v2\/tags?post=40244"}],"curies":[{"name":"wp","href":"https:\/\/api.w.org\/{rel}","templated":true}]}}