{"id":40254,"date":"2023-12-15T20:18:08","date_gmt":"2023-12-15T19:18:08","guid":{"rendered":"https:\/\/www.paroquia-damaia.pt\/old\/?p=40254"},"modified":"2023-12-15T20:18:08","modified_gmt":"2023-12-15T19:18:08","slug":"comunicacoes-paroquiais-10-12-2023","status":"publish","type":"post","link":"https:\/\/www.paroquia-damaia.pt\/old\/comunicacoes-paroquiais-10-12-2023\/","title":{"rendered":"Comunica\u00e7\u00f5es Paroquiais &#8211; 10\/12\/2023"},"content":{"rendered":"\n<p class=\"has-text-align-center\"><strong>2\u00ba Domingo do Advento<\/strong><\/p>\n\n\n\n<p class=\"has-text-align-center\"><strong><em>\u201cEndireitai os caminhos do Senhor<\/em><\/strong><strong><em>\u201d. (Mc 1,3)<\/em><\/strong><\/p>\n\n\n\n<p><strong><u>Domingo 10\/12<\/u><\/strong><strong> <\/strong><strong>\u2013<\/strong> 2\u00ba Domingo do Advento. <strong>Peregrina\u00e7\u00e3o dos Volunt\u00e1rios<\/strong> e das <strong>Fam\u00edlias de Acolhimento<\/strong> da JMJ a F\u00e1tima, em agradecimento pela JMJ.&nbsp;&nbsp;<\/p>\n\n\n\n<p><strong><u>2\u00aa Feira | 11\/12<\/u><\/strong><strong> \u2013 <\/strong>Mem\u00f3ria de<strong> S. D\u00e1maso I, <\/strong>Papa. Reuni\u00e3o da <strong>CAE<\/strong> (19h).<strong><\/strong><\/p>\n\n\n\n<p><strong><u>3\u00aa Feira | 12\/12 <\/u><\/strong><strong>\u2013 <\/strong>Mem\u00f3ria de Virgem <strong>Santa Maria de Guadalupe<\/strong>. Rece\u00e7\u00e3o da <strong>Luz da Paz de Bel\u00e9m<\/strong> na Par\u00f3quia (19h). Reuni\u00e3o da <strong>Comiss\u00e3o Permanente<\/strong> do CPP (21h).<\/p>\n\n\n\n<p><strong><u>4\u00aa Feira | 13\/12 <\/u><\/strong>\u2013 Mem\u00f3ria de <strong>S. Luzia, <\/strong>Virgem e M\u00e1rtir.<strong> <\/strong>Missas com a<strong> Novena Perp\u00e9tua: <\/strong>B\u00ean\u00e7\u00e3o da \u00e1gua e da sa\u00fade.<strong> <\/strong>Celebra\u00e7\u00e3o penitencial &#8211; Catequese (19h).<strong>&nbsp;&nbsp;&nbsp;&nbsp;&nbsp;&nbsp;<\/strong><\/p>\n\n\n\n<p><strong><u>5\u00aa Feira | 14\/12<\/u><\/strong><strong> <\/strong>\u2013 <a>Mem\u00f3ria de <\/a><strong>S. Jo\u00e3o da Cruz, <\/strong>presb\u00edtero e doutor da Igreja.<strong> <\/strong><strong>Adora\u00e7\u00e3o<\/strong> ao Sant\u00edssimo Sacramento (18h15). <strong>Celebra\u00e7\u00e3o penitencial<\/strong> &#8211; Catequese. Reuni\u00e3o da Equipa Coordenadora de <strong>Coros<\/strong> (21h). <em><\/em><\/p>\n\n\n\n<p><strong><u>6\u00aa Feira | 15\/12<\/u><\/strong> \u2013&nbsp;&nbsp;&nbsp; <strong>Celebra\u00e7\u00e3o penitencial<\/strong> \u2013 Catequese.<\/p>\n\n\n\n<p><strong><u>S\u00e1bado | 16\/12<\/u><\/strong><strong> <\/strong>\u2013 &nbsp;<strong>Retiro<\/strong> de Ac\u00f3litos (15h); <strong>Promessas<\/strong> de Novos Ac\u00f3litos (18h30). <strong>B\u00ean\u00e7\u00e3o do Menino Jesus<\/strong>. Missa na <strong>Damaia de Baixo<\/strong> (17h). Rito de Admiss\u00e3o ao <strong>Catecumenado<\/strong> (18h30). <strong>Vig\u00edlia da Juventude<\/strong> (21h, Capela). <strong>Montagem do Pres\u00e9pio<\/strong> na Igreja (\u00e0 noite).<\/p>\n\n\n\n<p><strong><u>Domingo | 17\/12<\/u><\/strong><strong> <\/strong>\u2013. <strong>3\u00ba Domingo do Advento<\/strong>. Dia Internacional dos <strong>Migrantes<\/strong>. <strong>Septen\u00e1rio<\/strong> em prepara\u00e7\u00e3o no Natal. <strong>B\u00ean\u00e7\u00e3o do Menino Jesus<\/strong> nas Missas \u00e0s 09h e \u00e0s 18h30. <strong>Missa transmitida pela TVI<\/strong> (11h). Reuni\u00e3o do <strong>Grupo Mission\u00e1rio Paroquial<\/strong> em vista de prepara\u00e7\u00e3o da apresenta\u00e7\u00e3o teatral: <em>Os Pastorinhos de F\u00e1tima <\/em>(16h).<\/p>\n\n\n\n<p><strong>Aos aniversariantes <\/strong>desta semana<strong>, <\/strong>e em especial ao<strong> Papa Francisco<\/strong>, desejamos muitas e copiosas b\u00ean\u00e7\u00e3os do Sant\u00edssimo Redentor e a Prote\u00e7\u00e3o da M\u00e3e de Deus.<\/p>\n\n\n\n<p><strong>Sorteio de Natal<\/strong>. Adquira uma rifa no valor de uma coroa e colabore com a nossa Par\u00f3quia. Rifas na Secretaria da Par\u00f3quia e no Espa\u00e7o \u2013 Bar. Bem-haja.<\/p>\n\n\n\n<p>Ilumine este Advento e o seu Natal com as <strong>Velas da Caritas<\/strong>. Venda na Secretaria da Par\u00f3quia. &nbsp;<\/p>\n\n\n\n<p>Peregrina\u00e7\u00e3o Paroquial a F\u00e1tima dia 06 de Janeiro, bilhetes na secretaria.<\/p>\n\n\n\n<p>Pe. Crist\u00f3v\u00e3o Dworak, CSsR \u2013 o P\u00e1roco<\/p>\n\n\n\n<p>Damaia, 10 de Dezembro de 2023<\/p>\n","protected":false},"excerpt":{"rendered":"<p>2\u00ba Domingo do Advento \u201cEndireitai os caminhos do Senhor\u201d. (Mc 1,3) Domingo 10\/12 \u2013 2\u00ba Domingo do Advento. Peregrina\u00e7\u00e3o dos Volunt\u00e1rios e das Fam\u00edlias de Acolhimento da JMJ a F\u00e1tima, em agradecimento pela JMJ.&nbsp;&nbsp; 2\u00aa Feira | 11\/12 \u2013 Mem\u00f3ria de S. D\u00e1maso I, Papa. Reuni\u00e3o da CAE (19h). 3\u00aa Feira | 12\/12 \u2013 Mem\u00f3ria<a class=\"more-link\" href=\"https:\/\/www.paroquia-damaia.pt\/old\/comunicacoes-paroquiais-10-12-2023\/\">Continuar lendo <span class=\"screen-reader-text\">&#8220;Comunica\u00e7\u00f5es Paroquiais &#8211; 10\/12\/2023&#8221;<\/span><\/a><\/p>\n","protected":false},"author":5,"featured_media":0,"comment_status":"closed","ping_status":"open","sticky":false,"template":"","format":"standard","meta":{"footnotes":""},"categories":[4],"tags":[],"class_list":["post-40254","post","type-post","status-publish","format-standard","hentry","category-avisos-paroquiais","entry"],"_links":{"self":[{"href":"https:\/\/www.paroquia-damaia.pt\/old\/wp-json\/wp\/v2\/posts\/40254","targetHints":{"allow":["GET"]}}],"collection":[{"href":"https:\/\/www.paroquia-damaia.pt\/old\/wp-json\/wp\/v2\/posts"}],"about":[{"href":"https:\/\/www.paroquia-damaia.pt\/old\/wp-json\/wp\/v2\/types\/post"}],"author":[{"embeddable":true,"href":"https:\/\/www.paroquia-damaia.pt\/old\/wp-json\/wp\/v2\/users\/5"}],"replies":[{"embeddable":true,"href":"https:\/\/www.paroquia-damaia.pt\/old\/wp-json\/wp\/v2\/comments?post=40254"}],"version-history":[{"count":1,"href":"https:\/\/www.paroquia-damaia.pt\/old\/wp-json\/wp\/v2\/posts\/40254\/revisions"}],"predecessor-version":[{"id":40255,"href":"https:\/\/www.paroquia-damaia.pt\/old\/wp-json\/wp\/v2\/posts\/40254\/revisions\/40255"}],"wp:attachment":[{"href":"https:\/\/www.paroquia-damaia.pt\/old\/wp-json\/wp\/v2\/media?parent=40254"}],"wp:term":[{"taxonomy":"category","embeddable":true,"href":"https:\/\/www.paroquia-damaia.pt\/old\/wp-json\/wp\/v2\/categories?post=40254"},{"taxonomy":"post_tag","embeddable":true,"href":"https:\/\/www.paroquia-damaia.pt\/old\/wp-json\/wp\/v2\/tags?post=40254"}],"curies":[{"name":"wp","href":"https:\/\/api.w.org\/{rel}","templated":true}]}}