{"id":40256,"date":"2023-12-18T11:00:47","date_gmt":"2023-12-18T10:00:47","guid":{"rendered":"https:\/\/www.paroquia-damaia.pt\/old\/?p=40256"},"modified":"2023-12-18T11:00:47","modified_gmt":"2023-12-18T10:00:47","slug":"comunicacoes-paroquiais-17-12-2023","status":"publish","type":"post","link":"https:\/\/www.paroquia-damaia.pt\/old\/comunicacoes-paroquiais-17-12-2023\/","title":{"rendered":"Comunica\u00e7\u00f5es Paroquiais &#8211; 17\/12\/2023"},"content":{"rendered":"\n<p class=\"has-text-align-center\"><strong>3\u00ba Domingo do Advento<\/strong><\/p>\n\n\n\n<p class=\"has-text-align-center\"><strong><em>\u201cExulto de alegria no Senhor, a minha alma rejubila no meu Deus<\/em><\/strong><strong><em>\u201d. (Is 61,10)<\/em><\/strong><\/p>\n\n\n\n<p><strong><u>Domingo 17\/12<\/u><\/strong><strong> <\/strong><strong>\u2013<\/strong> <strong>3\u00ba Domingo do Advento<\/strong>. Dia Internacional dos <strong>Migrantes<\/strong>. <strong>Septen\u00e1rio<\/strong> em prepara\u00e7\u00e3o do Natal. <strong>B\u00ean\u00e7\u00e3o do Menino Jesus<\/strong> nas Missas \u00e0s 09h e \u00e0s 18h30. <strong>Missa transmitida pela TVI<\/strong> (11h).&nbsp;&nbsp;<\/p>\n\n\n\n<p><strong><u>2\u00aa Feira | 18\/12<\/u><\/strong><strong> \u2013 <\/strong>Reuni\u00e3o do <strong>Grupo Mission\u00e1rio Paroquial<\/strong> em vista de prepara\u00e7\u00e3o da apresenta\u00e7\u00e3o teatral: <em>Os Pastorinhos de F\u00e1tima <\/em>(19h)<\/p>\n\n\n\n<p><strong><u>3\u00aa Feira | 19\/12 <\/u><\/strong><strong>\u2013 <\/strong><a><strong>Novena<\/strong><\/a> mensal a S. Jos\u00e9 (18h). <strong>Estudos B\u00edblico-lit\u00fargicos<\/strong> para Leitores (19h30)<\/p>\n\n\n\n<p>Reuni\u00e3o da <strong>Comiss\u00e3o Permanente<\/strong> do CPP (21h).<\/p>\n\n\n\n<p><strong><u>4\u00aa Feira | 20\/12 <\/u><\/strong>\u2013 Missas com a<strong> Novena Perp\u00e9tua: <\/strong>B\u00ean\u00e7\u00e3o da \u00e1gua e da sa\u00fade.<strong> <\/strong>(<strong>Transmiss\u00e3o<\/strong> YouTube, 19h). <strong>Ensaio<\/strong> para missas de Natal (20h30)<strong>&nbsp;&nbsp;&nbsp;&nbsp;&nbsp;&nbsp;<\/strong><\/p>\n\n\n\n<p><strong><u>5\u00aa Feira | 14\/12<\/u><\/strong><strong> <\/strong>\u2013 <strong>Adora\u00e7\u00e3o<\/strong> ao Sant\u00edssimo Sacramento (18h15). &nbsp;<\/p>\n\n\n\n<p><strong><u>S\u00e1bado | 16\/12<\/u><\/strong><strong> <\/strong>\u2013 &nbsp;<strong>Dia do Retiro Paroquial<\/strong>: <strong>Missa<\/strong> da abertura; \u00e0s 09h, &#8211; <strong>Exposi\u00e7\u00e3o<\/strong> do Sant\u00edssimo Sacramento (09h30) \u2013 <strong>Mil Ave Marias<\/strong> com Medita\u00e7\u00f5es do Advento \u2013 <strong>Adora\u00e7\u00e3o<\/strong> e Reflex\u00e3o B\u00edblica \u2013 <strong>Ter\u00e7o da Miseric\u00f3rdia<\/strong> (15h) \u2013 <strong>Adora\u00e7\u00e3o<\/strong> &#8211; <strong>Missa<\/strong> do encerramento do Retiro. Confira a programa\u00e7\u00e3o.&nbsp;<\/p>\n\n\n\n<p><strong><u>Domingo | 24\/12<\/u><\/strong><strong> <\/strong>\u2013. <strong>4\u00ba Domingo do Advento<\/strong>. Missas: 09h e 11h<strong>. <\/strong>Missa da<strong> Vig\u00edlia do Natal<a> <\/a><\/strong>(17h).Missa na <strong>Noite do Natal<\/strong> (22h). &nbsp;<\/p>\n\n\n\n<p><strong><u>2\u00aa Feira | 25\/12<\/u><\/strong><strong> \u2013 Solenidade do Natal do Senhor. <\/strong>Missas \u00e0s 09h, \u00e0s 11h e \u00e0s 18h30.<strong><\/strong><\/p>\n\n\n\n<p><strong>Aos aniversariantes <\/strong>desta semana desejamos muitas e copiosas b\u00ean\u00e7\u00e3os do Sant\u00edssimo Redentor e a Prote\u00e7\u00e3o da M\u00e3e de Deus.<\/p>\n\n\n\n<p><strong>Sorteio de Natal<\/strong>. Adquira uma rifa no valor de uma coroa e colabore com a nossa Par\u00f3quia. Rifas na Secretaria da Par\u00f3quia e no Espa\u00e7o \u2013 Bar. Bem-haja.<\/p>\n\n\n\n<p>Ilumine este Advento e o seu Natal com as <strong>Velas da Caritas<\/strong>. Venda na Secretaria da Par\u00f3quia.&nbsp;<\/p>\n\n\n\n<p><strong>Peregrina\u00e7\u00e3o Paroquial a F\u00e1tima<\/strong>, no dia 06 de Janeiro, bilhetes na secretaria.<\/p>\n\n\n\n<p><strong>Obras realizadas<\/strong>: <strong>troca de l\u00e2mpadas<\/strong> na igreja e a coloca\u00e7\u00e3o de <strong>luzes de emerg\u00eancia<\/strong>.<\/p>\n\n\n\n<p>Pe. Crist\u00f3v\u00e3o Dworak, CSsR \u2013 o P\u00e1roco <\/p>\n\n\n\n<p>Damaia, 10 de Dezembro de 2023<\/p>\n","protected":false},"excerpt":{"rendered":"<p>3\u00ba Domingo do Advento \u201cExulto de alegria no Senhor, a minha alma rejubila no meu Deus\u201d. (Is 61,10) Domingo 17\/12 \u2013 3\u00ba Domingo do Advento. Dia Internacional dos Migrantes. Septen\u00e1rio em prepara\u00e7\u00e3o do Natal. B\u00ean\u00e7\u00e3o do Menino Jesus nas Missas \u00e0s 09h e \u00e0s 18h30. Missa transmitida pela TVI (11h).&nbsp;&nbsp; 2\u00aa Feira | 18\/12 \u2013<a class=\"more-link\" href=\"https:\/\/www.paroquia-damaia.pt\/old\/comunicacoes-paroquiais-17-12-2023\/\">Continuar lendo <span class=\"screen-reader-text\">&#8220;Comunica\u00e7\u00f5es Paroquiais &#8211; 17\/12\/2023&#8221;<\/span><\/a><\/p>\n","protected":false},"author":5,"featured_media":0,"comment_status":"closed","ping_status":"open","sticky":false,"template":"","format":"standard","meta":{"footnotes":""},"categories":[4],"tags":[],"class_list":["post-40256","post","type-post","status-publish","format-standard","hentry","category-avisos-paroquiais","entry"],"_links":{"self":[{"href":"https:\/\/www.paroquia-damaia.pt\/old\/wp-json\/wp\/v2\/posts\/40256","targetHints":{"allow":["GET"]}}],"collection":[{"href":"https:\/\/www.paroquia-damaia.pt\/old\/wp-json\/wp\/v2\/posts"}],"about":[{"href":"https:\/\/www.paroquia-damaia.pt\/old\/wp-json\/wp\/v2\/types\/post"}],"author":[{"embeddable":true,"href":"https:\/\/www.paroquia-damaia.pt\/old\/wp-json\/wp\/v2\/users\/5"}],"replies":[{"embeddable":true,"href":"https:\/\/www.paroquia-damaia.pt\/old\/wp-json\/wp\/v2\/comments?post=40256"}],"version-history":[{"count":1,"href":"https:\/\/www.paroquia-damaia.pt\/old\/wp-json\/wp\/v2\/posts\/40256\/revisions"}],"predecessor-version":[{"id":40257,"href":"https:\/\/www.paroquia-damaia.pt\/old\/wp-json\/wp\/v2\/posts\/40256\/revisions\/40257"}],"wp:attachment":[{"href":"https:\/\/www.paroquia-damaia.pt\/old\/wp-json\/wp\/v2\/media?parent=40256"}],"wp:term":[{"taxonomy":"category","embeddable":true,"href":"https:\/\/www.paroquia-damaia.pt\/old\/wp-json\/wp\/v2\/categories?post=40256"},{"taxonomy":"post_tag","embeddable":true,"href":"https:\/\/www.paroquia-damaia.pt\/old\/wp-json\/wp\/v2\/tags?post=40256"}],"curies":[{"name":"wp","href":"https:\/\/api.w.org\/{rel}","templated":true}]}}