{"id":40263,"date":"2023-12-23T09:30:48","date_gmt":"2023-12-23T08:30:48","guid":{"rendered":"https:\/\/www.paroquia-damaia.pt\/old\/?p=40263"},"modified":"2023-12-23T09:30:48","modified_gmt":"2023-12-23T08:30:48","slug":"retiro-paroquial-do-advento-23-12-2023","status":"publish","type":"post","link":"https:\/\/www.paroquia-damaia.pt\/old\/retiro-paroquial-do-advento-23-12-2023\/","title":{"rendered":"RETIRO PAROQUIAL DO ADVENTO &#8211; 23\/12\/2023"},"content":{"rendered":"\n<p class=\"has-text-align-center\">\u201c<em>Diante do Sant\u00edssimo Redentor na espera do Natal\u201d<\/em><\/p>\n\n\n\n<p><strong>Programa\u00e7\u00e3o<\/strong>:<\/p>\n\n\n\n<p><strong>09h \u2013<\/strong> <strong>Santa Missa<\/strong> e o In\u00edcio do Retiro Paroquial<\/p>\n\n\n\n<p><strong>09h30 &#8211;<\/strong> <strong>Exposi\u00e7\u00e3o do Sant\u00edssimo Sacramento<\/strong> na Igreja e o in\u00edcio das <strong>Mil Ave Marias<\/strong><\/p>\n\n\n\n<p><em>(Depois de cada Ter\u00e7o vai ser feita uma breve medita\u00e7\u00e3o do livro Rezar no Advento)<\/em><\/p>\n\n\n\n<p><strong>14h \u2013 Adora\u00e7\u00e3o<\/strong><\/p>\n\n\n\n<ul class=\"wp-block-list\">\n<li>Leitura Isa\u00edas I \u2013 Is 2,1-5\n<ul class=\"wp-block-list\">\n<li>C\u00e2ntico<\/li>\n<\/ul>\n<\/li>\n\n\n\n<li>Leitura Isa\u00edas II \u2013 Is 11,1-10\n<ul class=\"wp-block-list\">\n<li>C\u00e2ntico<\/li>\n<\/ul>\n<\/li>\n\n\n\n<li>Leitura Isa\u00edas III \u2013 Is 40,1-5; 9-11\n<ul class=\"wp-block-list\">\n<li>C\u00e2ntico<\/li>\n<\/ul>\n<\/li>\n\n\n\n<li>Reflex\u00e3o: (Pe. Il\u00eddio)<\/li>\n<\/ul>\n\n\n\n<p><strong>15h \u2013 Hora da Divina Miseric\u00f3rdia <\/strong>com reflex\u00e3o sobre o Natal (Grupo da Divina Miseric\u00f3rdia)<\/p>\n\n\n\n<p><strong>15h30 \u2013 Adora\u00e7\u00e3o silenciosa<\/strong><\/p>\n\n\n\n<ul class=\"wp-block-list\">\n<li>Leitura Isa\u00edas IV \u2013 Is 35,1.6.10\n<ul class=\"wp-block-list\">\n<li>C\u00e2ntico<\/li>\n<\/ul>\n<\/li>\n\n\n\n<li>Leitura Isa\u00edas V \u2013 Is 61,1-2. 10-11.\n<ul class=\"wp-block-list\">\n<li>C\u00e2ntico<\/li>\n<\/ul>\n<\/li>\n\n\n\n<li>Leitura Isa\u00edas VI \u2013 Is 45,6-8.18.21-25\n<ul class=\"wp-block-list\">\n<li>C\u00e2ntico<\/li>\n<\/ul>\n<\/li>\n\n\n\n<li>Reflex\u00e3o (Pe. Sanches)<\/li>\n<\/ul>\n\n\n\n<p><strong>18h15 \u2013 Encerramento da Adora\u00e7\u00e3o&nbsp;&nbsp;&nbsp;<\/strong><\/p>\n\n\n\n<p><strong>18h30 \u2013 Santa missa e encerramento do Retiro<\/strong><\/p>\n\n\n\n<p class=\"has-text-align-center\"><strong>Confiss\u00f5es durante o dia (na Igreja)<\/strong>: 10h \u2013 12h; 15h \u2013 18h;<\/p>\n","protected":false},"excerpt":{"rendered":"<p>\u201cDiante do Sant\u00edssimo Redentor na espera do Natal\u201d Programa\u00e7\u00e3o: 09h \u2013 Santa Missa e o In\u00edcio do Retiro Paroquial 09h30 &#8211; Exposi\u00e7\u00e3o do Sant\u00edssimo Sacramento na Igreja e o in\u00edcio das Mil Ave Marias (Depois de cada Ter\u00e7o vai ser feita uma breve medita\u00e7\u00e3o do livro Rezar no Advento) 14h \u2013 Adora\u00e7\u00e3o 15h \u2013 Hora<a class=\"more-link\" href=\"https:\/\/www.paroquia-damaia.pt\/old\/retiro-paroquial-do-advento-23-12-2023\/\">Continuar lendo <span class=\"screen-reader-text\">&#8220;RETIRO PAROQUIAL DO ADVENTO &#8211; 23\/12\/2023&#8221;<\/span><\/a><\/p>\n","protected":false},"author":5,"featured_media":0,"comment_status":"closed","ping_status":"open","sticky":false,"template":"","format":"standard","meta":{"footnotes":""},"categories":[4],"tags":[],"class_list":["post-40263","post","type-post","status-publish","format-standard","hentry","category-avisos-paroquiais","entry"],"_links":{"self":[{"href":"https:\/\/www.paroquia-damaia.pt\/old\/wp-json\/wp\/v2\/posts\/40263","targetHints":{"allow":["GET"]}}],"collection":[{"href":"https:\/\/www.paroquia-damaia.pt\/old\/wp-json\/wp\/v2\/posts"}],"about":[{"href":"https:\/\/www.paroquia-damaia.pt\/old\/wp-json\/wp\/v2\/types\/post"}],"author":[{"embeddable":true,"href":"https:\/\/www.paroquia-damaia.pt\/old\/wp-json\/wp\/v2\/users\/5"}],"replies":[{"embeddable":true,"href":"https:\/\/www.paroquia-damaia.pt\/old\/wp-json\/wp\/v2\/comments?post=40263"}],"version-history":[{"count":1,"href":"https:\/\/www.paroquia-damaia.pt\/old\/wp-json\/wp\/v2\/posts\/40263\/revisions"}],"predecessor-version":[{"id":40264,"href":"https:\/\/www.paroquia-damaia.pt\/old\/wp-json\/wp\/v2\/posts\/40263\/revisions\/40264"}],"wp:attachment":[{"href":"https:\/\/www.paroquia-damaia.pt\/old\/wp-json\/wp\/v2\/media?parent=40263"}],"wp:term":[{"taxonomy":"category","embeddable":true,"href":"https:\/\/www.paroquia-damaia.pt\/old\/wp-json\/wp\/v2\/categories?post=40263"},{"taxonomy":"post_tag","embeddable":true,"href":"https:\/\/www.paroquia-damaia.pt\/old\/wp-json\/wp\/v2\/tags?post=40263"}],"curies":[{"name":"wp","href":"https:\/\/api.w.org\/{rel}","templated":true}]}}