{"id":40273,"date":"2024-01-01T20:20:04","date_gmt":"2024-01-01T19:20:04","guid":{"rendered":"https:\/\/www.paroquia-damaia.pt\/old\/?p=40273"},"modified":"2024-01-01T20:20:04","modified_gmt":"2024-01-01T19:20:04","slug":"comunicacoes-paroquiais-31-12-2023","status":"publish","type":"post","link":"https:\/\/www.paroquia-damaia.pt\/old\/comunicacoes-paroquiais-31-12-2023\/","title":{"rendered":"Comunica\u00e7\u00f5es Paroquiais &#8211; 31\/12\/2023"},"content":{"rendered":"\n<p class=\"has-text-align-center\"><strong>Sagrada Fam\u00edlia de Jesus, Maria e Jos\u00e9<\/strong><\/p>\n\n\n\n<p class=\"has-text-align-center\">Oitava do Natal<\/p>\n\n\n\n<p class=\"has-text-align-center\"><strong><em>\u201cO Menino crescia, tornava-Se robusto e enchia-Se de Sabedoria. E a gra\u00e7a de Deus estava com Ele<\/em><\/strong><strong><em>\u201d. (Lc 2,40)<\/em><\/strong><\/p>\n\n\n\n<p><strong><u>Domingo 31\/12<\/u><\/strong><strong> <\/strong><strong>\u2013<\/strong> \u00daltimo dia do ano de 2023. \u201cPor tudo dai gra\u00e7as ao Senhor\u201d (1 Tess 5,18). Sejamos agradecidos pelo ano que termina.&nbsp; &nbsp;&nbsp;&nbsp;&nbsp;<\/p>\n\n\n\n<p><strong><u>2\u00aa Feira | 01\/01<\/u><\/strong><strong> \u2013 <\/strong>Solenidade de<strong> Santa Maria, M\u00e3e de Deus. Dia Mundial da Paz. <\/strong>Invocamos as<strong> b\u00ean\u00e7\u00e3os do Senhor <\/strong>para todos os dias deste Novo Ano que se inicia.&nbsp; Missas \u00e0s 09h, \u00e0s 11h e \u00e0s 18h30.<\/p>\n\n\n\n<p><strong><u>3\u00aa Feira | 02\/01 <\/u>\u2013 <\/strong><a>Mem\u00f3ria de<\/a><strong> S. Bas\u00edlio e S. Greg\u00f3rio Magno, <\/strong>bispos e doutores da Igreja.<strong> Estudo b\u00edblico <\/strong>para Leitores (19h30)<strong>; <\/strong>In\u00edcio do 2\u00ba Trimestre da Catequese<strong>.  <\/strong>\u00a0<\/p>\n\n\n\n<p><strong><u>4\u00aa Feira | 03\/01 <\/u><\/strong>\u2013 Mem\u00f3ria do <strong>Sant\u00edssimo Nome de Jesus<\/strong>. Missas com a<strong> Novena Perp\u00e9tua: <\/strong>B\u00ean\u00e7\u00e3o da \u00e1gua e da sa\u00fade.<strong>&nbsp;&nbsp;&nbsp;&nbsp;&nbsp;&nbsp;&nbsp;<\/strong><\/p>\n\n\n\n<p><strong><u>5\u00aa Feira | 04\/01<\/u><\/strong><strong> <\/strong>\u2013 <strong>Adora\u00e7\u00e3o<\/strong> ao Sant\u00edssimo Sacramento (18h15).&nbsp; &nbsp;&nbsp;<\/p>\n\n\n\n<p><strong><u>6\u00aa Feira | 5\/01<\/u> <\/strong>\u2013 <strong>Primeira Sexta-feira do m\u00eas<\/strong>. Missas com a b\u00ean\u00e7\u00e3o do Sant\u00edssimo Sacramento. Mem\u00f3ria de<strong> S. Jo\u00e3o Nepomuceno Neumann, <\/strong>bispo redentorista. Reuni\u00e3o com a <strong>Comiss\u00e3o Paroquial Juvenil<\/strong> (21h). Caminhada da Catequese.<\/p>\n\n\n\n<p><strong><u>S\u00e1bado | 06\/01 <\/u><\/strong><strong>\u2013 Peregrina\u00e7\u00e3o <\/strong>Paroquial a F\u00e1tima<strong>. <\/strong>Atividade do<strong> Dia dos Reis <\/strong>da Catequese (15h).<\/p>\n\n\n\n<p><strong><u>Domingo | 07\/01<\/u><\/strong><strong> <\/strong>\u2013. Solenidade da <strong>Epifania do Senhor<\/strong>. Festa da <strong>Inf\u00e2ncia Mission\u00e1ria<\/strong>.<\/p>\n\n\n\n<p><strong>Aos aniversariantes <\/strong>desta semana: Rubem Alexandre Machado, Damiana Alexandre Luz, Maria Gomes Mendon\u00e7a, Danial Cunha Andrade, In\u00e1cio Oliveira Fernandes, Paula Maria Bastos Paulino e Leandro Filipe Campos Cardoso,  desejamos muitas e copiosas b\u00ean\u00e7\u00e3os do Sant\u00edssimo Redentor e a Prote\u00e7\u00e3o da M\u00e3e de Deus.<\/p>\n\n\n\n<p><strong>Sorteio de Natal<\/strong>. Adquira uma rifa no valor de uma coroa e colabore com a nossa Par\u00f3quia.<\/p>\n\n\n\n<p>Desejamos a todos os <strong>Paroquianos<\/strong> e <strong>Visitantes<\/strong>, aos nosso <strong>Amigos<\/strong> e <strong>Colaboradores<\/strong> um Feliz e <strong>Aben\u00e7oado Ano Novo<\/strong>.<\/p>\n\n\n\n<p>Tradicional <strong>Concerto de Ano Novo<\/strong>, de Conservat\u00f3rio de M\u00fasica de Sintra, ser\u00e1 apresentadona Igreja Paroquial do Sant\u00edssimo Redentor &#8211; Damaia, no <strong>s\u00e1bado<\/strong>, dia <strong>13 de janeiro, \u00e0s 16h<\/strong>. Convidamos. <\/p>\n\n\n\n<p>Convidamos a participar da <strong>Peregrina\u00e7\u00e3o <\/strong>paroquial para <strong>Lourdes <\/strong>(Fran\u00e7a), nos dias de <strong>23 a 28 de setembro de 2024<\/strong>, com paragens e visitas de <strong>Salamanca <\/strong>e de <strong>Burgos<\/strong>. No caminho de volta visitaremos ainda <strong>Sarago\u00e7a<\/strong>, <strong>\u00c1vila <\/strong>e <strong>Alba de Tormes<\/strong>. Mais informa\u00e7\u00f5es na Secretaria da Par\u00f3quia e no folheto informativa.  <\/p>\n\n\n\n<p>Estamos precisando de algum paroquiano\/a que nos ajude a melhorar a <strong>apresenta\u00e7\u00e3o de nossa p\u00e1gina na WEB<\/strong>. Desde j\u00e1 agradecemos por esta colabora\u00e7\u00e3o.<\/p>\n\n\n\n<p>Pe. Crist\u00f3v\u00e3o Dworak, CSsR \u2013 o P\u00e1roco Damaia, <\/p>\n\n\n\n<p>31 de Dezembro de 2023<\/p>\n","protected":false},"excerpt":{"rendered":"<p>Sagrada Fam\u00edlia de Jesus, Maria e Jos\u00e9 Oitava do Natal \u201cO Menino crescia, tornava-Se robusto e enchia-Se de Sabedoria. E a gra\u00e7a de Deus estava com Ele\u201d. (Lc 2,40) Domingo 31\/12 \u2013 \u00daltimo dia do ano de 2023. \u201cPor tudo dai gra\u00e7as ao Senhor\u201d (1 Tess 5,18). Sejamos agradecidos pelo ano que termina.&nbsp; &nbsp;&nbsp;&nbsp;&nbsp; 2\u00aa<a class=\"more-link\" href=\"https:\/\/www.paroquia-damaia.pt\/old\/comunicacoes-paroquiais-31-12-2023\/\">Continuar lendo <span class=\"screen-reader-text\">&#8220;Comunica\u00e7\u00f5es Paroquiais &#8211; 31\/12\/2023&#8221;<\/span><\/a><\/p>\n","protected":false},"author":5,"featured_media":0,"comment_status":"closed","ping_status":"open","sticky":false,"template":"","format":"standard","meta":{"footnotes":""},"categories":[4],"tags":[],"class_list":["post-40273","post","type-post","status-publish","format-standard","hentry","category-avisos-paroquiais","entry"],"_links":{"self":[{"href":"https:\/\/www.paroquia-damaia.pt\/old\/wp-json\/wp\/v2\/posts\/40273","targetHints":{"allow":["GET"]}}],"collection":[{"href":"https:\/\/www.paroquia-damaia.pt\/old\/wp-json\/wp\/v2\/posts"}],"about":[{"href":"https:\/\/www.paroquia-damaia.pt\/old\/wp-json\/wp\/v2\/types\/post"}],"author":[{"embeddable":true,"href":"https:\/\/www.paroquia-damaia.pt\/old\/wp-json\/wp\/v2\/users\/5"}],"replies":[{"embeddable":true,"href":"https:\/\/www.paroquia-damaia.pt\/old\/wp-json\/wp\/v2\/comments?post=40273"}],"version-history":[{"count":1,"href":"https:\/\/www.paroquia-damaia.pt\/old\/wp-json\/wp\/v2\/posts\/40273\/revisions"}],"predecessor-version":[{"id":40274,"href":"https:\/\/www.paroquia-damaia.pt\/old\/wp-json\/wp\/v2\/posts\/40273\/revisions\/40274"}],"wp:attachment":[{"href":"https:\/\/www.paroquia-damaia.pt\/old\/wp-json\/wp\/v2\/media?parent=40273"}],"wp:term":[{"taxonomy":"category","embeddable":true,"href":"https:\/\/www.paroquia-damaia.pt\/old\/wp-json\/wp\/v2\/categories?post=40273"},{"taxonomy":"post_tag","embeddable":true,"href":"https:\/\/www.paroquia-damaia.pt\/old\/wp-json\/wp\/v2\/tags?post=40273"}],"curies":[{"name":"wp","href":"https:\/\/api.w.org\/{rel}","templated":true}]}}