{"id":40283,"date":"2024-01-09T21:07:58","date_gmt":"2024-01-09T20:07:58","guid":{"rendered":"https:\/\/www.paroquia-damaia.pt\/old\/?p=40283"},"modified":"2024-01-09T21:07:58","modified_gmt":"2024-01-09T20:07:58","slug":"comunicacoes-paroquiais-07-01-2024","status":"publish","type":"post","link":"https:\/\/www.paroquia-damaia.pt\/old\/comunicacoes-paroquiais-07-01-2024\/","title":{"rendered":"Comunica\u00e7\u00f5es Paroquiais &#8211; 07\/01\/2024"},"content":{"rendered":"\n<p class=\"has-text-align-center\"><strong>Solenidade da Epifania do Senhor<\/strong><\/p>\n\n\n\n<p class=\"has-text-align-center\"><strong><em>\u201cVimos a sua estrela no Oriente e viemos com &nbsp;&nbsp;&nbsp;&nbsp;presentes adorar o Senhor<\/em><\/strong><strong><em>\u201d. <\/em><\/strong><em>(cf. Mt 2,2)<\/em><\/p>\n\n\n\n<p><strong><em><u>Domingo 07\/<\/u><\/em><\/strong><strong><em> 01<\/em><\/strong><strong> \u2013<\/strong> Solenidade da <strong>Epifania do Senhor<\/strong>. Festa da <strong>Inf\u00e2ncia Mission\u00e1ria<\/strong>.&nbsp;&nbsp;&nbsp;&nbsp;&nbsp;<\/p>\n\n\n\n<p><strong><em><u>2\u00aa Feira | 08\/01<\/u><\/em><\/strong><strong> \u2013 <\/strong>Festa do<strong> Batismo do Senhor. <\/strong>Termina o Tempo do Natal<strong>. <\/strong>&nbsp;<\/p>\n\n\n\n<p><strong><em><u>3\u00aa Feira | 09\/01<\/u><\/em><\/strong><strong><u> <\/u><\/strong><strong>\u2013 <\/strong><a>Recome\u00e7a o<\/a><strong> Tempo Comum <\/strong>antes da Quaresma<strong>. <\/strong>Reuni\u00e3o da <strong>Comiss\u00e3o Permanente<\/strong> do CPP (21h).<strong> <\/strong><strong>&nbsp;<\/strong>&nbsp;<\/p>\n\n\n\n<p><strong><em><u>4\u00aa Feira | 10\/01<\/u><\/em><\/strong><strong><u> <\/u><\/strong>\u2013 Mem\u00f3ria de <strong>B. Gon\u00e7alo de Amarante<\/strong>, presb\u00edtero. Missas com a<strong> Novena Perp\u00e9tua: <\/strong>B\u00ean\u00e7\u00e3o da \u00e1gua e da sa\u00fade.<strong> <\/strong>Reuni\u00e3o do <strong>Grupo NSPS<\/strong> (20h). <strong>&nbsp;&nbsp;&nbsp;&nbsp;&nbsp;&nbsp;&nbsp;<\/strong><\/p>\n\n\n\n<p><strong><em><u>5\u00aa Feira | 11\/01<\/u><\/em><\/strong><strong> <\/strong>\u2013 <strong>Adora\u00e7\u00e3o<\/strong> ao Sant\u00edssimo Sacramento (18h15).&nbsp;&nbsp; &nbsp;<\/p>\n\n\n\n<p><strong><em><u>S\u00e1bado | 13\/01<\/u><\/em><\/strong><strong><u> <\/u><\/strong><strong>\u2013 <\/strong>Mem\u00f3ria de<strong> S. Hil\u00e1rio, <\/strong>bispo e doutor da Igreja. &nbsp;<\/p>\n\n\n\n<p><strong><em><u>Domingo | 14\/01<\/u><\/em><\/strong><strong> <\/strong>\u2013. <strong>2\u00ba Domingo do Tempo Comum<\/strong>. Retiro dos <strong>Catequistas<\/strong> (09h \u2013 12h30). <strong>Ter\u00e7o Mission\u00e1rio<\/strong> das Crian\u00e7as, no Jardim Pe. Lopes, promovido pelo Grupo Mission\u00e1rio Paroquial e pela Catequese (16h).<\/p>\n\n\n\n<p><strong>Aos aniversariantes <\/strong>desta semana desejamos muitas e copiosas b\u00ean\u00e7\u00e3os do Sant\u00edssimo Redentor e a Prote\u00e7\u00e3o da M\u00e3e de Deus.<\/p>\n\n\n\n<p><strong>Concerto do Ano Novo <\/strong>do Coro Infantil Sintra Voci, Coro Leal da Camara e da Orquestra de C\u00e2mara, neste s\u00e1bado, \u00e0s 16h.<strong> <\/strong>Todos est\u00e3o convidados.<\/p>\n\n\n\n<p><strong>Peregrina\u00e7\u00e3o \u00e0 Lourdes<\/strong>, com visitas em algumas cidades da Espanha, <strong>de 23 a 28 de setembro<\/strong> <strong>de 2024<\/strong>. Informa\u00e7\u00f5es nos cartazes e na Secretaria Paroquial, com D. Margarida. Inscri\u00e7\u00f5es at\u00e9 o dia 23 de abril de 2024.<\/p>\n\n\n\n<p><strong>Agradecemos aos Escuteiros<\/strong> pela montagem do Pres\u00e9pio 2023. Depois de consultar a Comiss\u00e3o Permanente do CPP, convidamos os nossos <strong>paroquianos cabo-verdianos<\/strong> a prepara\u00e7\u00e3o do <strong>Pres\u00e9pio 2024<\/strong>.<\/p>\n\n\n\n<p>Estamos precisando de algum paroquiano\/a que nos ajude a melhorar a <strong>apresenta\u00e7\u00e3o de nossa p\u00e1gina na WEB<\/strong>. Desde j\u00e1 agradecemos por esta colabora\u00e7\u00e3o.<\/p>\n\n\n\n<p>Pe. Crist\u00f3v\u00e3o Dworak, CSsR \u2013 o P\u00e1roco<\/p>\n\n\n\n<p>Damaia, 07 de Janeiro de 2024<\/p>\n","protected":false},"excerpt":{"rendered":"<p>Solenidade da Epifania do Senhor \u201cVimos a sua estrela no Oriente e viemos com &nbsp;&nbsp;&nbsp;&nbsp;presentes adorar o Senhor\u201d. (cf. Mt 2,2) Domingo 07\/ 01 \u2013 Solenidade da Epifania do Senhor. Festa da Inf\u00e2ncia Mission\u00e1ria.&nbsp;&nbsp;&nbsp;&nbsp;&nbsp; 2\u00aa Feira | 08\/01 \u2013 Festa do Batismo do Senhor. Termina o Tempo do Natal. &nbsp; 3\u00aa Feira | 09\/01 \u2013<a class=\"more-link\" href=\"https:\/\/www.paroquia-damaia.pt\/old\/comunicacoes-paroquiais-07-01-2024\/\">Continuar lendo <span class=\"screen-reader-text\">&#8220;Comunica\u00e7\u00f5es Paroquiais &#8211; 07\/01\/2024&#8221;<\/span><\/a><\/p>\n","protected":false},"author":5,"featured_media":0,"comment_status":"closed","ping_status":"open","sticky":false,"template":"","format":"standard","meta":{"footnotes":""},"categories":[4],"tags":[],"class_list":["post-40283","post","type-post","status-publish","format-standard","hentry","category-avisos-paroquiais","entry"],"_links":{"self":[{"href":"https:\/\/www.paroquia-damaia.pt\/old\/wp-json\/wp\/v2\/posts\/40283","targetHints":{"allow":["GET"]}}],"collection":[{"href":"https:\/\/www.paroquia-damaia.pt\/old\/wp-json\/wp\/v2\/posts"}],"about":[{"href":"https:\/\/www.paroquia-damaia.pt\/old\/wp-json\/wp\/v2\/types\/post"}],"author":[{"embeddable":true,"href":"https:\/\/www.paroquia-damaia.pt\/old\/wp-json\/wp\/v2\/users\/5"}],"replies":[{"embeddable":true,"href":"https:\/\/www.paroquia-damaia.pt\/old\/wp-json\/wp\/v2\/comments?post=40283"}],"version-history":[{"count":1,"href":"https:\/\/www.paroquia-damaia.pt\/old\/wp-json\/wp\/v2\/posts\/40283\/revisions"}],"predecessor-version":[{"id":40284,"href":"https:\/\/www.paroquia-damaia.pt\/old\/wp-json\/wp\/v2\/posts\/40283\/revisions\/40284"}],"wp:attachment":[{"href":"https:\/\/www.paroquia-damaia.pt\/old\/wp-json\/wp\/v2\/media?parent=40283"}],"wp:term":[{"taxonomy":"category","embeddable":true,"href":"https:\/\/www.paroquia-damaia.pt\/old\/wp-json\/wp\/v2\/categories?post=40283"},{"taxonomy":"post_tag","embeddable":true,"href":"https:\/\/www.paroquia-damaia.pt\/old\/wp-json\/wp\/v2\/tags?post=40283"}],"curies":[{"name":"wp","href":"https:\/\/api.w.org\/{rel}","templated":true}]}}