{"id":40294,"date":"2024-01-27T20:43:00","date_gmt":"2024-01-27T19:43:00","guid":{"rendered":"https:\/\/www.paroquia-damaia.pt\/old\/?p=40294"},"modified":"2024-01-27T20:43:00","modified_gmt":"2024-01-27T19:43:00","slug":"comunicacoes-paroquiais-28-01-2024","status":"publish","type":"post","link":"https:\/\/www.paroquia-damaia.pt\/old\/comunicacoes-paroquiais-28-01-2024\/","title":{"rendered":"Comunica\u00e7\u00f5es Paroquiais &#8211; 28\/01\/2024"},"content":{"rendered":"\n<p class=\"has-text-align-center\"><strong>Domingo IV do Tempo Comum<\/strong><\/p>\n\n\n\n<p class=\"has-text-align-center\"><strong><em>&nbsp;\u201cJesus entrou na sinagoga e come\u00e7ou a ensinar, e todos se maravilhavam com a sua doutrina<\/em><\/strong><strong><em>\u201d <\/em><\/strong><em>(Mc 1,21).<\/em><\/p>\n\n\n\n<p><strong><em><u>4\u00aa Feira | 31\/01<\/u><\/em><\/strong><strong><u> <\/u><\/strong>\u2013 Mem\u00f3ria de <strong>S. Jo\u00e3o Bosco, <\/strong>presb\u00edtero. Missas com a<strong> Novena Perp\u00e9tua: <\/strong>B\u00ean\u00e7\u00e3o da \u00e1gua, dos objectos de devo\u00e7\u00e3o e da sa\u00fade.<strong> <\/strong>&nbsp;<strong>&nbsp;&nbsp;&nbsp;&nbsp;&nbsp;&nbsp;&nbsp;<\/strong><\/p>\n\n\n\n<p><strong><em><u>5\u00aa Feira | 01\/02<\/u><\/em><\/strong><strong> <\/strong>\u2013 <strong>Adora\u00e7\u00e3o<\/strong> ao Sant\u00edssimo Sacramento (18h15). Reuni\u00e3o da Equipa da <strong>Secretaria Paroquial<\/strong> (16h30).<\/p>\n\n\n\n<p><strong><em><u>6\u00aa Feira | 02\/02<\/u><\/em><\/strong><strong> \u2013 <\/strong><strong>1\u00aa Sexta-Feira do m\u00eas. <\/strong>Festa da<strong> Apresenta\u00e7\u00e3o do Senhor. <\/strong>Em todas as Dioceses de Portugal \u2013<strong> Dia do Consagrado. <\/strong>Missas com breve adora\u00e7\u00e3o eucar\u00edstica e b\u00ean\u00e7\u00e3o.<strong> <\/strong>Encontro para<strong> <\/strong><strong>Pais e Padrinhos<\/strong>, 20h.<\/p>\n\n\n\n<p><strong><em><u>S\u00e1bado | 03\/02<\/u><\/em><\/strong><strong><u> <\/u><\/strong><strong>\u2013 <\/strong>Mem\u00f3ria de<strong> S\u00e3o Br\u00e1s, <\/strong>bispo e m\u00e1rtir.<strong> <\/strong>Missas com<strong> b\u00ean\u00e7\u00e3o da garganta. <\/strong><strong>Peregrina\u00e7\u00e3o<\/strong> Paroquial para F\u00e1tima (08h).<\/p>\n\n\n\n<p><strong><em><u>Domingo | 04\/02<\/u><\/em><\/strong><strong> <\/strong>\u2013. <strong>5\u00ba Domingo do Tempo Comum<\/strong>. Em todas as Dioceses de Portugal \u2013 <strong>Ofert\u00f3rio para a Universidade Cat\u00f3lica<\/strong>.<\/p>\n\n\n\n<p><strong>Aos aniversariantes <\/strong>desta semana desejamos muitas e copiosas b\u00ean\u00e7\u00e3os do Sant\u00edssimo Redentor e a Prote\u00e7\u00e3o da M\u00e3e de Deus.<\/p>\n\n\n\n<p>Lembramos aos pais que a <strong>Missa da Catequese<\/strong> passou a ser celebrada aos s\u00e1bados, \u00e0s 18h30. Incentive os seus filhos a participar desta missa.<\/p>\n\n\n\n<p><strong>Peregrina\u00e7\u00e3o \u00e0 Lourdes<\/strong>, com visitas em algumas cidades da Espanha, <strong>de 23 a 28 de setembro<\/strong> <strong>de 2024<\/strong>. Informa\u00e7\u00f5es nos cartazes e na Secretaria Paroquial. Inscri\u00e7\u00f5es at\u00e9 o dia 23 de abril de 2024.<\/p>\n\n\n\n<p><strong>Obras<\/strong>: Damos continuidade \u00e0 <strong>troca de l\u00e2mpadas<\/strong> na igreja para l\u00e2mpadas de lede e \u00e0 instala\u00e7\u00e3o de luzes de emerg\u00eancia nas capelas Mortu\u00e1rias.<\/p>\n\n\n\n<p><strong>Pe. Crist\u00f3v\u00e3o Dworak, CSsR \u2013 o P\u00e1roco<\/strong><\/p>\n\n\n\n<p><strong>Damaia, 28 de Janeiro de 2024<\/strong><strong><\/strong><\/p>\n","protected":false},"excerpt":{"rendered":"<p>Domingo IV do Tempo Comum &nbsp;\u201cJesus entrou na sinagoga e come\u00e7ou a ensinar, e todos se maravilhavam com a sua doutrina\u201d (Mc 1,21). 4\u00aa Feira | 31\/01 \u2013 Mem\u00f3ria de S. Jo\u00e3o Bosco, presb\u00edtero. Missas com a Novena Perp\u00e9tua: B\u00ean\u00e7\u00e3o da \u00e1gua, dos objectos de devo\u00e7\u00e3o e da sa\u00fade. &nbsp;&nbsp;&nbsp;&nbsp;&nbsp;&nbsp;&nbsp;&nbsp; 5\u00aa Feira | 01\/02 \u2013<a class=\"more-link\" href=\"https:\/\/www.paroquia-damaia.pt\/old\/comunicacoes-paroquiais-28-01-2024\/\">Continuar lendo <span class=\"screen-reader-text\">&#8220;Comunica\u00e7\u00f5es Paroquiais &#8211; 28\/01\/2024&#8221;<\/span><\/a><\/p>\n","protected":false},"author":5,"featured_media":0,"comment_status":"closed","ping_status":"open","sticky":false,"template":"","format":"standard","meta":{"footnotes":""},"categories":[4],"tags":[],"class_list":["post-40294","post","type-post","status-publish","format-standard","hentry","category-avisos-paroquiais","entry"],"_links":{"self":[{"href":"https:\/\/www.paroquia-damaia.pt\/old\/wp-json\/wp\/v2\/posts\/40294","targetHints":{"allow":["GET"]}}],"collection":[{"href":"https:\/\/www.paroquia-damaia.pt\/old\/wp-json\/wp\/v2\/posts"}],"about":[{"href":"https:\/\/www.paroquia-damaia.pt\/old\/wp-json\/wp\/v2\/types\/post"}],"author":[{"embeddable":true,"href":"https:\/\/www.paroquia-damaia.pt\/old\/wp-json\/wp\/v2\/users\/5"}],"replies":[{"embeddable":true,"href":"https:\/\/www.paroquia-damaia.pt\/old\/wp-json\/wp\/v2\/comments?post=40294"}],"version-history":[{"count":1,"href":"https:\/\/www.paroquia-damaia.pt\/old\/wp-json\/wp\/v2\/posts\/40294\/revisions"}],"predecessor-version":[{"id":40295,"href":"https:\/\/www.paroquia-damaia.pt\/old\/wp-json\/wp\/v2\/posts\/40294\/revisions\/40295"}],"wp:attachment":[{"href":"https:\/\/www.paroquia-damaia.pt\/old\/wp-json\/wp\/v2\/media?parent=40294"}],"wp:term":[{"taxonomy":"category","embeddable":true,"href":"https:\/\/www.paroquia-damaia.pt\/old\/wp-json\/wp\/v2\/categories?post=40294"},{"taxonomy":"post_tag","embeddable":true,"href":"https:\/\/www.paroquia-damaia.pt\/old\/wp-json\/wp\/v2\/tags?post=40294"}],"curies":[{"name":"wp","href":"https:\/\/api.w.org\/{rel}","templated":true}]}}