{"id":40301,"date":"2024-02-12T10:59:53","date_gmt":"2024-02-12T09:59:53","guid":{"rendered":"https:\/\/www.paroquia-damaia.pt\/old\/?p=40301"},"modified":"2024-02-12T10:59:53","modified_gmt":"2024-02-12T09:59:53","slug":"comunicacoes-paroquiais-04-02-2024","status":"publish","type":"post","link":"https:\/\/www.paroquia-damaia.pt\/old\/comunicacoes-paroquiais-04-02-2024\/","title":{"rendered":"Comunica\u00e7\u00f5es Paroquiais &#8211; 04\/02\/2024"},"content":{"rendered":"\n<p class=\"has-text-align-center\"><strong>Domingo V do Tempo Comum<\/strong><\/p>\n\n\n\n<p class=\"has-text-align-center\"><strong><em>\u00a0\u201cAi de mim se eu n\u00e3o anunciar o Evangelho\u201d <\/em><\/strong><em>(1 Cor 9,16).<\/em><\/p>\n\n\n\n<p><strong><em><u>Domingo | 04\/02<\/u><\/em><\/strong><strong> <\/strong>\u2013 <strong>5\u00ba Domingo do Tempo Comum<\/strong>. Hoje em todas as Dioceses de Portugal \u2013 <strong>Ofert\u00f3rio para a Universidade Cat\u00f3lica<\/strong>. Apoiemos esta obra de bolsas de estudo para os estudantes, especialmente de teologia.<\/p>\n\n\n\n<p><strong><em><u>2\u00aa Feira | 05\/02<\/u><\/em><\/strong><strong><u> <\/u><\/strong>\u2013 Mem\u00f3ria de <strong>S. \u00c1gueda<\/strong>, virgem e m\u00e1rtir.<\/p>\n\n\n\n<p><strong><em><u>3\u00aa Feira | 06\/02<\/u><\/em><\/strong><strong><u> <\/u><\/strong>\u2013 Mem\u00f3ria de <strong>Santos Paulo Miki e Companheiros<\/strong>, m\u00e1rtires. Estudos b\u00edblicos para <strong>Leitores<\/strong> (19h45). Reuni\u00e3o para <strong>Catequistas<\/strong> (21h15). <strong><em><u><\/u><\/em><\/strong><\/p>\n\n\n\n<p><strong><em><u>4\u00aa Feira | 07\/02<\/u><\/em><\/strong><strong><u> <\/u><\/strong>\u2013 Festa das <strong>Cinco Chagas do Senhor<\/strong>. Missas com a<strong> Novena Perp\u00e9tua: <\/strong>B\u00ean\u00e7\u00e3o da \u00e1gua, dos objectos de devo\u00e7\u00e3o e da sa\u00fade.<strong> <\/strong>&nbsp;<strong>&nbsp;&nbsp;&nbsp;&nbsp;&nbsp;&nbsp;&nbsp;<\/strong><\/p>\n\n\n\n<p><strong><em><u>5\u00aa Feira | 08\/02<\/u><\/em><\/strong><strong> <\/strong>\u2013 Mem\u00f3ria de <strong>S. Jer\u00f3nimo Emiliano<\/strong> e de <strong>S. Bakhita<\/strong>, virgem. <strong>Adora\u00e7\u00e3o<\/strong> ao Sant\u00edssimo Sacramento (18h15).<\/p>\n\n\n\n<p><strong><em><u>S\u00e1bado | 10\/02<\/u><\/em><\/strong><strong><u> <\/u><\/strong><strong>\u2013 <\/strong>Mem\u00f3ria de<strong> Santa Escol\u00e1stica, <\/strong>virgem. Missa com a <strong>Un\u00e7\u00e3o dos Enfermos<\/strong> \/ Conv\u00edvio (16h30). &nbsp;<\/p>\n\n\n\n<p><strong><em><u>Domingo | 11\/02<\/u><\/em><\/strong><strong> <\/strong>\u2013 6\u00ba Domingo do Tempo Comum.Dia Mundial do<strong> Doente. <\/strong><strong>Forma\u00e7\u00e3o<\/strong> para Equipas de Minist\u00e9rios lit\u00fargicos da Par\u00f3quia: Leitores, Ministros, Coros, Ac\u00f3litos e Catequistas sobre a Espiritualidade da Quaresma (16h).<\/p>\n\n\n\n<p><strong>Aos aniversariantes <\/strong>desta semana desejamos muitas e copiosas b\u00ean\u00e7\u00e3os do Sant\u00edssimo Redentor e a Prote\u00e7\u00e3o da M\u00e3e de Deus.<\/p>\n\n\n\n<p><strong>Peregrina\u00e7\u00e3o a Lourdes<\/strong>, com visitas a algumas cidades de Espanha, <strong>de 23 a 28 de setembro<\/strong> <strong>de 2024<\/strong>. Informa\u00e7\u00f5es nos cartazes e na Secretaria Paroquial. Inscri\u00e7\u00f5es at\u00e9 o dia 23 de abril de 2024.<\/p>\n\n\n\n<p>Se algu\u00e9m ainda tiver os <strong>ramos<\/strong> do Domingo de Ramos do ano passado, pode traz\u00ea-los para fazermos deles as cinzas para a Quarta-feira de Cinzas.<\/p>\n\n\n\n<p>Convidamos para <strong>Carnaval<\/strong> organizado pela Catequese, neste s\u00e1bado, dia 10 de fevereiro, a partir das 20h, no Centro Pastoral Paroquial. &nbsp;<\/p>\n\n\n\n<p>Pe. Crist\u00f3v\u00e3o Dworak, CSsR \u2013 o P\u00e1rocoDamaia, <\/p>\n\n\n\n<p>04 de Fevereiro de 2024<\/p>\n\n\n\n<p><\/p>\n","protected":false},"excerpt":{"rendered":"<p>Domingo V do Tempo Comum \u00a0\u201cAi de mim se eu n\u00e3o anunciar o Evangelho\u201d (1 Cor 9,16). Domingo | 04\/02 \u2013 5\u00ba Domingo do Tempo Comum. Hoje em todas as Dioceses de Portugal \u2013 Ofert\u00f3rio para a Universidade Cat\u00f3lica. Apoiemos esta obra de bolsas de estudo para os estudantes, especialmente de teologia. 2\u00aa Feira |<a class=\"more-link\" href=\"https:\/\/www.paroquia-damaia.pt\/old\/comunicacoes-paroquiais-04-02-2024\/\">Continuar lendo <span class=\"screen-reader-text\">&#8220;Comunica\u00e7\u00f5es Paroquiais &#8211; 04\/02\/2024&#8221;<\/span><\/a><\/p>\n","protected":false},"author":5,"featured_media":0,"comment_status":"closed","ping_status":"open","sticky":false,"template":"","format":"standard","meta":{"footnotes":""},"categories":[4],"tags":[],"class_list":["post-40301","post","type-post","status-publish","format-standard","hentry","category-avisos-paroquiais","entry"],"_links":{"self":[{"href":"https:\/\/www.paroquia-damaia.pt\/old\/wp-json\/wp\/v2\/posts\/40301","targetHints":{"allow":["GET"]}}],"collection":[{"href":"https:\/\/www.paroquia-damaia.pt\/old\/wp-json\/wp\/v2\/posts"}],"about":[{"href":"https:\/\/www.paroquia-damaia.pt\/old\/wp-json\/wp\/v2\/types\/post"}],"author":[{"embeddable":true,"href":"https:\/\/www.paroquia-damaia.pt\/old\/wp-json\/wp\/v2\/users\/5"}],"replies":[{"embeddable":true,"href":"https:\/\/www.paroquia-damaia.pt\/old\/wp-json\/wp\/v2\/comments?post=40301"}],"version-history":[{"count":1,"href":"https:\/\/www.paroquia-damaia.pt\/old\/wp-json\/wp\/v2\/posts\/40301\/revisions"}],"predecessor-version":[{"id":40302,"href":"https:\/\/www.paroquia-damaia.pt\/old\/wp-json\/wp\/v2\/posts\/40301\/revisions\/40302"}],"wp:attachment":[{"href":"https:\/\/www.paroquia-damaia.pt\/old\/wp-json\/wp\/v2\/media?parent=40301"}],"wp:term":[{"taxonomy":"category","embeddable":true,"href":"https:\/\/www.paroquia-damaia.pt\/old\/wp-json\/wp\/v2\/categories?post=40301"},{"taxonomy":"post_tag","embeddable":true,"href":"https:\/\/www.paroquia-damaia.pt\/old\/wp-json\/wp\/v2\/tags?post=40301"}],"curies":[{"name":"wp","href":"https:\/\/api.w.org\/{rel}","templated":true}]}}