{"id":40303,"date":"2024-02-12T11:02:25","date_gmt":"2024-02-12T10:02:25","guid":{"rendered":"https:\/\/www.paroquia-damaia.pt\/old\/?p=40303"},"modified":"2024-02-12T11:02:25","modified_gmt":"2024-02-12T10:02:25","slug":"comunicacoes-paroquiais-11-02-2024","status":"publish","type":"post","link":"https:\/\/www.paroquia-damaia.pt\/old\/comunicacoes-paroquiais-11-02-2024\/","title":{"rendered":"Comunica\u00e7\u00f5es Paroquiais &#8211; 11\/02\/2024"},"content":{"rendered":"\n<p class=\"has-text-align-center\"><strong>Domingo VI do Tempo Comum<\/strong><\/p>\n\n\n\n<p class=\"has-text-align-center\"><strong><em>\u00a0\u201cJesus, compadecido, estendeu a m\u00e3o, tocou-lhe e disse: Quero, fica limpo\u201d <\/em><\/strong><em>(Mc 1,41).<\/em><\/p>\n\n\n\n<p><strong><em><u>Domingo | 11\/02<\/u><\/em><\/strong><strong> <\/strong>\u2013 <strong>6\u00ba Domingo do Tempo Comum<\/strong>. 6\u00ba Domingo do Tempo Comum.Dia Mundial do<strong> Doente. <\/strong>Missa e atividades da<strong> Capelania Africana. &nbsp;<\/strong>&nbsp;<\/p>\n\n\n\n<p><strong><em><u>4\u00aa Feira | 14\/02<\/u><\/em><\/strong><strong><u> <\/u><\/strong>\u2013 <strong>Quarta-Feira de Cinzas<\/strong>. Inicia-se o <strong>Tempo da Quaresma<\/strong>. Em todas as missas benzem-se e <strong>imp\u00f5em-se as cinzas<\/strong> feitas de ramos benzidos no ano anterior. Disa de <strong>jejum<\/strong> e <strong>abstin\u00eancia<\/strong>. N\u00e3o haver\u00e1 Novena Perp\u00e9tua. &nbsp;<strong>&nbsp;&nbsp;&nbsp;&nbsp;&nbsp;&nbsp;&nbsp;<\/strong><\/p>\n\n\n\n<p><strong><em><u>5\u00aa Feira | 15\/02<\/u><\/em><\/strong><strong> <\/strong>\u2013 <strong>Adora\u00e7\u00e3o<\/strong> ao Sant\u00edssimo Sacramento (18h15). Reuni\u00e3o com a <strong>Equipa de Comunica\u00e7\u00e3o<\/strong> e da <strong>Comiss\u00e3o<\/strong> Juvenil Paroquial (21h).&nbsp;<\/p>\n\n\n\n<p><strong><em><u>6\u00aa Feira | 16\/02<\/u><\/em><\/strong><strong> <\/strong>\u2013 <strong>Via-Sacra<\/strong> depois da missa, \u00e0s 19h45, coordenada pelos MEC.<\/p>\n\n\n\n<p><strong><em><u>S\u00e1bado | 17\/02<\/u><\/em><\/strong><strong><u> <\/u><\/strong><strong>\u2013 <\/strong>Dia de<strong> peregrina\u00e7\u00e3o dos Adolescentes <\/strong>a F\u00e1tima<strong>. Mil Ave Marias, <\/strong>na Capela a partir das 08h30.<strong> <\/strong>Missa na<strong> Damaia de Baixo, <\/strong>\u00e0s 17h.<strong> Rito de Elei\u00e7\u00e3o <\/strong>na Missa \u00e0s 18h30.<strong> <\/strong>&nbsp;&nbsp;<\/p>\n\n\n\n<p><strong><em><u>Domingo | 18\/02<\/u><\/em><\/strong><strong> <\/strong>\u2013 1\u00ba Domingo da Quaresma.<\/p>\n\n\n\n<p><strong>Aos aniversariantes <\/strong>desta semana desejamos muitas e copiosas b\u00ean\u00e7\u00e3os do Sant\u00edssimo Redentor e a Prote\u00e7\u00e3o da M\u00e3e de Deus.<\/p>\n\n\n\n<p><strong>Peregrina\u00e7\u00e3o a Lourdes<\/strong>, com visitas a algumas cidades de Espanha, <strong>de 23 a 28 de setembro<\/strong> <strong>de 2024<\/strong>. Informa\u00e7\u00f5es nos cartazes e na Secretaria Paroquial. Inscri\u00e7\u00f5es at\u00e9 o dia 23 de abril de 2024.<\/p>\n\n\n\n<p><strong>As Vias-Sacras<\/strong> este ano ser\u00e3o celebradas nas sextas-feiras, logo ap\u00f3s a missa \u00e0s 19h, isto \u00e9, por volta das 19h45. Pedimos os grupos indicados a organizar e conduzir as Vias-sacras.<\/p>\n\n\n\n<p>Pe. Crist\u00f3v\u00e3o Dworak, CSsR \u2013 o P\u00e1rocoDamaia, <\/p>\n\n\n\n<p>11 de Fevereiro de 2024<\/p>\n","protected":false},"excerpt":{"rendered":"<p>Domingo VI do Tempo Comum \u00a0\u201cJesus, compadecido, estendeu a m\u00e3o, tocou-lhe e disse: Quero, fica limpo\u201d (Mc 1,41). Domingo | 11\/02 \u2013 6\u00ba Domingo do Tempo Comum. 6\u00ba Domingo do Tempo Comum.Dia Mundial do Doente. Missa e atividades da Capelania Africana. &nbsp;&nbsp; 4\u00aa Feira | 14\/02 \u2013 Quarta-Feira de Cinzas. Inicia-se o Tempo da Quaresma.<a class=\"more-link\" href=\"https:\/\/www.paroquia-damaia.pt\/old\/comunicacoes-paroquiais-11-02-2024\/\">Continuar lendo <span class=\"screen-reader-text\">&#8220;Comunica\u00e7\u00f5es Paroquiais &#8211; 11\/02\/2024&#8221;<\/span><\/a><\/p>\n","protected":false},"author":5,"featured_media":0,"comment_status":"closed","ping_status":"open","sticky":false,"template":"","format":"standard","meta":{"footnotes":""},"categories":[4],"tags":[],"class_list":["post-40303","post","type-post","status-publish","format-standard","hentry","category-avisos-paroquiais","entry"],"_links":{"self":[{"href":"https:\/\/www.paroquia-damaia.pt\/old\/wp-json\/wp\/v2\/posts\/40303","targetHints":{"allow":["GET"]}}],"collection":[{"href":"https:\/\/www.paroquia-damaia.pt\/old\/wp-json\/wp\/v2\/posts"}],"about":[{"href":"https:\/\/www.paroquia-damaia.pt\/old\/wp-json\/wp\/v2\/types\/post"}],"author":[{"embeddable":true,"href":"https:\/\/www.paroquia-damaia.pt\/old\/wp-json\/wp\/v2\/users\/5"}],"replies":[{"embeddable":true,"href":"https:\/\/www.paroquia-damaia.pt\/old\/wp-json\/wp\/v2\/comments?post=40303"}],"version-history":[{"count":1,"href":"https:\/\/www.paroquia-damaia.pt\/old\/wp-json\/wp\/v2\/posts\/40303\/revisions"}],"predecessor-version":[{"id":40304,"href":"https:\/\/www.paroquia-damaia.pt\/old\/wp-json\/wp\/v2\/posts\/40303\/revisions\/40304"}],"wp:attachment":[{"href":"https:\/\/www.paroquia-damaia.pt\/old\/wp-json\/wp\/v2\/media?parent=40303"}],"wp:term":[{"taxonomy":"category","embeddable":true,"href":"https:\/\/www.paroquia-damaia.pt\/old\/wp-json\/wp\/v2\/categories?post=40303"},{"taxonomy":"post_tag","embeddable":true,"href":"https:\/\/www.paroquia-damaia.pt\/old\/wp-json\/wp\/v2\/tags?post=40303"}],"curies":[{"name":"wp","href":"https:\/\/api.w.org\/{rel}","templated":true}]}}