{"id":40315,"date":"2024-02-24T11:09:33","date_gmt":"2024-02-24T10:09:33","guid":{"rendered":"https:\/\/www.paroquia-damaia.pt\/old\/?p=40315"},"modified":"2024-02-24T11:09:33","modified_gmt":"2024-02-24T10:09:33","slug":"comunicacoes-paroquiais-18-02-2024","status":"publish","type":"post","link":"https:\/\/www.paroquia-damaia.pt\/old\/comunicacoes-paroquiais-18-02-2024\/","title":{"rendered":"Comunica\u00e7\u00f5es Paroquiais &#8211; 18\/02\/2024"},"content":{"rendered":"\n<p class=\"has-text-align-center\"><strong>Domingo I da Quaresma<em>\u00a0<\/em><\/strong><\/p>\n\n\n\n<p class=\"has-text-align-center\"><strong><em>\u201cArrependei-vos e acreditai no Evangelho\u201d <\/em><\/strong><em>(Mc 1,15).<\/em><\/p>\n\n\n\n<p><strong><em><u>Domingo | 18\/02<\/u><\/em><\/strong><strong> <\/strong>\u2013 1\u00ba Domingo da Quaresma. <strong>Tr\u00edduo<\/strong> em prepara\u00e7\u00e3o da memoria dos Santos Pastorinhos.<\/p>\n\n\n\n<p><strong><em><u>2\u00aa Feira | 19\/02<\/u><\/em><\/strong><strong><u> <\/u><\/strong>&#8211; <strong>Tr\u00edduo<\/strong> em prepara\u00e7\u00e3o da memoria dos Santos Pastorinhos. Reuni\u00e3o da <strong>Comiss\u00e3o Permanente do CPP<\/strong> (21h).<\/p>\n\n\n\n<p><strong><em><u>3\u00aa Feira | 20\/02 <\/u><\/em><\/strong><strong><em>&#8211; <\/em><\/strong>Mem\u00f3ria dos<strong> Santos Francisco e Jacinta Marto, <\/strong>pastorinhos de F\u00e1tima.<strong> <\/strong>Novena a<strong> S. Jos\u00e9 <\/strong>(18h).<strong> <\/strong>Encontro B\u00edblico para <strong>Leitores<\/strong> (19h45).<\/p>\n\n\n\n<p><strong><em><u>4\u00aa Feira | 21\/02<\/u><\/em><\/strong><strong><u> <\/u><\/strong>\u2013 Missas com a <strong>Novena Perp\u00e9tua<\/strong>. &nbsp;&nbsp;<strong>&nbsp;&nbsp;&nbsp;&nbsp;&nbsp;&nbsp;&nbsp;<\/strong><\/p>\n\n\n\n<p><strong><em><u>5\u00aa Feira | 22\/02<\/u><\/em><\/strong><strong> <\/strong>\u2013 <strong>Adora\u00e7\u00e3o<\/strong> ao Sant\u00edssimo Sacramento (18h15).&nbsp;<\/p>\n\n\n\n<p><strong><em><u>6\u00aa Feira | 23\/02<\/u><\/em><\/strong><strong> <\/strong>\u2013 <strong>Via-Sacra<\/strong>, \u00e0s 19h45, coordenada pelos Leitores.<\/p>\n\n\n\n<p><strong><em><u>S\u00e1bado | 24\/02<\/u><\/em><\/strong><strong><u> <\/u><\/strong><strong>\u2013<\/strong>.<strong> <\/strong>Reuni\u00e3o da Equipa do <strong>Apelo do Redentor<\/strong> (16h). <strong>Ter\u00e7o<\/strong> dos Pastorinhos (17h). <strong>Missa<\/strong> da Catequese (18h30). &nbsp;<\/p>\n\n\n\n<p><strong><em><u>Domingo | 25\/02<\/u><\/em><\/strong><strong> <\/strong>\u2013 2\u00ba Domingo da Quaresma. <strong>JEB<\/strong>: <em>Mistagogia das Liturgias da Semana Santa a partir da B\u00edblia\u201d. <\/em>Convidamos Ministros, Leitores, Coros, Ac\u00f3litos, Catequistas, Crismandos, Jovens e Escuteiros <em>(<\/em>16h). Rito <strong>Tradi\u00e7\u00e3o do Credo<\/strong> (18h30).<\/p>\n\n\n\n<p><strong>Aos aniversariantes <\/strong>desta semana desejamos muitas e copiosas b\u00ean\u00e7\u00e3os do Sant\u00edssimo Redentor e a Prote\u00e7\u00e3o da M\u00e3e de Deus.<\/p>\n\n\n\n<p><strong>Peregrina\u00e7\u00e3o a Lourdes<\/strong>, com visitas a algumas cidades de Espanha, <strong>de 23 a 28 de setembro<\/strong> <strong>de 2024<\/strong>. Informa\u00e7\u00f5es na Secretaria Paroquial.&nbsp;<\/p>\n\n\n\n<p><strong>As Vias-Sacras: <\/strong>nas sextas-feiras, ap\u00f3s a missa \u00e0s 19h45. Veja a grelha de todas as Vias-sacras no mural de avisos. &nbsp;<\/p>\n\n\n\n<p><strong>Confiss\u00f5es<\/strong> durante a semana, de manh\u00e3 ap\u00f3s a missa, e \u00e0 tarde a partir das 18h. Outros hor\u00e1rios: a combinar com os padres.<\/p>\n\n\n\n<p>A nossa <strong>Ren\u00fancia Quaresmal<\/strong> deste ano vai ser destinada a construir alojamentos para jovens na Casa Sacerdotal do Patriarcado e para apoiar as <strong>obras&nbsp;&nbsp; na Escola-Orfanato<\/strong> das Irm\u00e3s de S\u00e3o Jos\u00e9 de Chambery, na <strong>diocese de Pemba<\/strong>, em <strong>Mo\u00e7ambique<\/strong>, para acolher crian\u00e7as e jovens, v\u00edtimas da guerra, e abrir furos para capta\u00e7\u00e3o de \u00e1gua e, dessa forma, evitar o consumo de \u00e1guas envenenadas. Leve um envelope e fa\u00e7a a sua Ren\u00fancia Quaresmal.<\/p>\n\n\n\n<p>Pe. Crist\u00f3v\u00e3o Dworak, CSsR \u2013 o P\u00e1roco<\/p>\n\n\n\n<p>Damaia, 18 de Fevereiro de 2024<\/p>\n","protected":false},"excerpt":{"rendered":"<p>Domingo I da Quaresma\u00a0 \u201cArrependei-vos e acreditai no Evangelho\u201d (Mc 1,15). Domingo | 18\/02 \u2013 1\u00ba Domingo da Quaresma. Tr\u00edduo em prepara\u00e7\u00e3o da memoria dos Santos Pastorinhos. 2\u00aa Feira | 19\/02 &#8211; Tr\u00edduo em prepara\u00e7\u00e3o da memoria dos Santos Pastorinhos. Reuni\u00e3o da Comiss\u00e3o Permanente do CPP (21h). 3\u00aa Feira | 20\/02 &#8211; Mem\u00f3ria dos Santos<a class=\"more-link\" href=\"https:\/\/www.paroquia-damaia.pt\/old\/comunicacoes-paroquiais-18-02-2024\/\">Continuar lendo <span class=\"screen-reader-text\">&#8220;Comunica\u00e7\u00f5es Paroquiais &#8211; 18\/02\/2024&#8221;<\/span><\/a><\/p>\n","protected":false},"author":5,"featured_media":0,"comment_status":"closed","ping_status":"open","sticky":false,"template":"","format":"standard","meta":{"footnotes":""},"categories":[4],"tags":[],"class_list":["post-40315","post","type-post","status-publish","format-standard","hentry","category-avisos-paroquiais","entry"],"_links":{"self":[{"href":"https:\/\/www.paroquia-damaia.pt\/old\/wp-json\/wp\/v2\/posts\/40315","targetHints":{"allow":["GET"]}}],"collection":[{"href":"https:\/\/www.paroquia-damaia.pt\/old\/wp-json\/wp\/v2\/posts"}],"about":[{"href":"https:\/\/www.paroquia-damaia.pt\/old\/wp-json\/wp\/v2\/types\/post"}],"author":[{"embeddable":true,"href":"https:\/\/www.paroquia-damaia.pt\/old\/wp-json\/wp\/v2\/users\/5"}],"replies":[{"embeddable":true,"href":"https:\/\/www.paroquia-damaia.pt\/old\/wp-json\/wp\/v2\/comments?post=40315"}],"version-history":[{"count":1,"href":"https:\/\/www.paroquia-damaia.pt\/old\/wp-json\/wp\/v2\/posts\/40315\/revisions"}],"predecessor-version":[{"id":40316,"href":"https:\/\/www.paroquia-damaia.pt\/old\/wp-json\/wp\/v2\/posts\/40315\/revisions\/40316"}],"wp:attachment":[{"href":"https:\/\/www.paroquia-damaia.pt\/old\/wp-json\/wp\/v2\/media?parent=40315"}],"wp:term":[{"taxonomy":"category","embeddable":true,"href":"https:\/\/www.paroquia-damaia.pt\/old\/wp-json\/wp\/v2\/categories?post=40315"},{"taxonomy":"post_tag","embeddable":true,"href":"https:\/\/www.paroquia-damaia.pt\/old\/wp-json\/wp\/v2\/tags?post=40315"}],"curies":[{"name":"wp","href":"https:\/\/api.w.org\/{rel}","templated":true}]}}