{"id":40321,"date":"2024-03-09T12:15:12","date_gmt":"2024-03-09T11:15:12","guid":{"rendered":"https:\/\/www.paroquia-damaia.pt\/old\/?p=40321"},"modified":"2024-03-09T12:15:12","modified_gmt":"2024-03-09T11:15:12","slug":"comunicacoes-paroquiais-03-03-2024","status":"publish","type":"post","link":"https:\/\/www.paroquia-damaia.pt\/old\/comunicacoes-paroquiais-03-03-2024\/","title":{"rendered":"Comunica\u00e7\u00f5es Paroquiais &#8211; 03\/03\/2024"},"content":{"rendered":"\n<p class=\"has-text-align-center\"><strong>Domingo III da Quaresma<\/strong><\/p>\n\n\n\n<p class=\"has-text-align-center\"><strong><em>\u00a0\u201cDevora-me o zelo pela tua casa\u201d <\/em><\/strong><em>(Jo 2,17).<\/em><\/p>\n\n\n\n<p><strong><em><u>Domingo | 03\/03<\/u><\/em><\/strong><strong> <\/strong>\u2013 <strong>3\u00ba Domingo da Quaresma<\/strong>. Em todas as Dioceses de Portugal \u2013 Ofert\u00f3rio e pedit\u00f3rio para a<strong> C\u00e1ritas Portuguesa<\/strong>. &nbsp;<\/p>\n\n\n\n<p><strong><em><u>2\u00aa Feira | 04\/03<\/u><\/em><\/strong><strong> \u2013 <\/strong>Reuni\u00e3o do<strong> Conselho Econ\u00f3mico <\/strong>(19h).<\/p>\n\n\n\n<p><strong><em><u>3\u00aa Feira | 05\/03<\/u><\/em><\/strong><strong><u> <\/u><\/strong><strong>\u2013 <\/strong>Estudos b\u00edblicos para<strong> Leitores <\/strong>(19h45). Reuni\u00e3o com <strong>Catequistas<\/strong> (21h). <strong><\/strong><\/p>\n\n\n\n<p><strong><em><u>4\u00aa Feira | 06\/03<\/u><\/em><\/strong><strong><u> <\/u><\/strong>\u2013 Missas com a <strong>Novena Perp\u00e9tua<\/strong>. Reuni\u00e3o dos Coordenadores\/as de <strong>Coros e de Grupos de Canto<\/strong> (21h).&nbsp; &nbsp;<strong>&nbsp;&nbsp;&nbsp;&nbsp;&nbsp;&nbsp;&nbsp;<\/strong><\/p>\n\n\n\n<p><strong><em><u>5\u00aa Feira | 07\/03<\/u><\/em><\/strong><strong> <\/strong>\u2013 Mem\u00f3ria de <strong>S. Perp\u00e9tuo e S. Felicidade<\/strong>, m\u00e1rtires. Forma\u00e7\u00e3o sobre arquivos (16h). <strong>Adora\u00e7\u00e3o<\/strong> ao Sant\u00edssimo Sacramento (18h15).&nbsp;<\/p>\n\n\n\n<p><strong><em><u>6\u00aa Feira | 08\/03<\/u><\/em><\/strong><strong> <\/strong>\u2013 Mem\u00f3ria de <strong>S. Jo\u00e3o de Deus<\/strong>, religioso. <strong>Via-Sacra<\/strong>, \u00e0s 19h45, coordenada pelos Volunt\u00e1rios da JMJ. Velada de Armas \u2013 Escuteiros (21h30).&nbsp;<\/p>\n\n\n\n<p><strong><em><u>S\u00e1bado | 09\/03<\/u><\/em><\/strong><strong><u> <\/u><\/strong><strong>\u2013<\/strong> Encontro para <strong>Pais e Padrinhos<\/strong> (10h), Missa na <strong>Damaia de Baixo<\/strong> (17h). <strong>Missa<\/strong> com ritos penitencias do Catecumenado e as Promessas de Escuteiros (18h30).&nbsp; &nbsp;<\/p>\n\n\n\n<p><strong><em><u>Domingo | 10\/03<\/u><\/em><\/strong><strong> <\/strong>\u2013 <strong>4\u00ba Domingo da Quaresma<\/strong>. &nbsp;Encontro para membros da <strong>Caritas<\/strong>, <strong>Despensa Comunit\u00e1ria<\/strong> e <strong>Vicentinos<\/strong> (16h).<\/p>\n\n\n\n<p><strong>Aos aniversariantes <\/strong>desta semana desejamos muitas e copiosas b\u00ean\u00e7\u00e3os do Sant\u00edssimo Redentor e a Prote\u00e7\u00e3o da M\u00e3e de Deus.<\/p>\n\n\n\n<p><strong>Peregrina\u00e7\u00e3o a Lourdes<\/strong>, com visitas a algumas cidades de Espanha, <strong>de 23 a 28 de setembro<\/strong> <strong>de 2024<\/strong>. Informa\u00e7\u00f5es na Secretaria Paroquial.&nbsp;<\/p>\n\n\n\n<p><strong>Confiss\u00f5es<\/strong> durante a semana, de manh\u00e3 ap\u00f3s a missa, e \u00e0 tarde a partir das 18h. Outros hor\u00e1rios: a combinar com os padres.<\/p>\n\n\n\n<p>Leve o envelope e fa\u00e7a a sua <strong>Ren\u00fancia Quaresmal<\/strong>. Mais informa\u00e7\u00f5es no cartaz.&nbsp;<\/p>\n\n\n\n<p>O nosso <strong>Retiro Paroquial da Quaresma<\/strong> vai ser realizado no s\u00e1bado, dia 16 de mar\u00e7o, aqui no Complexo Paroquial. Neste dia n\u00e3o haver\u00e1 outras atividades pastorais.&nbsp;<\/p>\n\n\n\n<p>Pe. Crist\u00f3v\u00e3o Dworak, CSsR \u2013 o P\u00e1roco<\/p>\n\n\n\n<p>Damaia, 03 de Mar\u00e7o de 2024<\/p>\n\n\n\n<p><\/p>\n","protected":false},"excerpt":{"rendered":"<p>Domingo III da Quaresma \u00a0\u201cDevora-me o zelo pela tua casa\u201d (Jo 2,17). Domingo | 03\/03 \u2013 3\u00ba Domingo da Quaresma. Em todas as Dioceses de Portugal \u2013 Ofert\u00f3rio e pedit\u00f3rio para a C\u00e1ritas Portuguesa. &nbsp; 2\u00aa Feira | 04\/03 \u2013 Reuni\u00e3o do Conselho Econ\u00f3mico (19h). 3\u00aa Feira | 05\/03 \u2013 Estudos b\u00edblicos para Leitores (19h45).<a class=\"more-link\" href=\"https:\/\/www.paroquia-damaia.pt\/old\/comunicacoes-paroquiais-03-03-2024\/\">Continuar lendo <span class=\"screen-reader-text\">&#8220;Comunica\u00e7\u00f5es Paroquiais &#8211; 03\/03\/2024&#8221;<\/span><\/a><\/p>\n","protected":false},"author":5,"featured_media":0,"comment_status":"closed","ping_status":"open","sticky":false,"template":"","format":"standard","meta":{"footnotes":""},"categories":[4],"tags":[],"class_list":["post-40321","post","type-post","status-publish","format-standard","hentry","category-avisos-paroquiais","entry"],"_links":{"self":[{"href":"https:\/\/www.paroquia-damaia.pt\/old\/wp-json\/wp\/v2\/posts\/40321","targetHints":{"allow":["GET"]}}],"collection":[{"href":"https:\/\/www.paroquia-damaia.pt\/old\/wp-json\/wp\/v2\/posts"}],"about":[{"href":"https:\/\/www.paroquia-damaia.pt\/old\/wp-json\/wp\/v2\/types\/post"}],"author":[{"embeddable":true,"href":"https:\/\/www.paroquia-damaia.pt\/old\/wp-json\/wp\/v2\/users\/5"}],"replies":[{"embeddable":true,"href":"https:\/\/www.paroquia-damaia.pt\/old\/wp-json\/wp\/v2\/comments?post=40321"}],"version-history":[{"count":1,"href":"https:\/\/www.paroquia-damaia.pt\/old\/wp-json\/wp\/v2\/posts\/40321\/revisions"}],"predecessor-version":[{"id":40322,"href":"https:\/\/www.paroquia-damaia.pt\/old\/wp-json\/wp\/v2\/posts\/40321\/revisions\/40322"}],"wp:attachment":[{"href":"https:\/\/www.paroquia-damaia.pt\/old\/wp-json\/wp\/v2\/media?parent=40321"}],"wp:term":[{"taxonomy":"category","embeddable":true,"href":"https:\/\/www.paroquia-damaia.pt\/old\/wp-json\/wp\/v2\/categories?post=40321"},{"taxonomy":"post_tag","embeddable":true,"href":"https:\/\/www.paroquia-damaia.pt\/old\/wp-json\/wp\/v2\/tags?post=40321"}],"curies":[{"name":"wp","href":"https:\/\/api.w.org\/{rel}","templated":true}]}}