{"id":40323,"date":"2024-03-09T12:18:30","date_gmt":"2024-03-09T11:18:30","guid":{"rendered":"https:\/\/www.paroquia-damaia.pt\/old\/?p=40323"},"modified":"2024-03-09T12:18:30","modified_gmt":"2024-03-09T11:18:30","slug":"comunicacoes-paroquiais-25-02-2024","status":"publish","type":"post","link":"https:\/\/www.paroquia-damaia.pt\/old\/comunicacoes-paroquiais-25-02-2024\/","title":{"rendered":"Comunica\u00e7\u00f5es Paroquiais &#8211; 25\/02\/2024"},"content":{"rendered":"\n<p class=\"has-text-align-center\"><strong>Domingo II da Quaresma<em>\u00a0<\/em><\/strong><\/p>\n\n\n\n<p class=\"has-text-align-center\"><strong><em>\u201cEste \u00e9 o meu Filho muito amado: escutai-O\u201d <\/em><\/strong><em>(Mc 9,8).<\/em><\/p>\n\n\n\n<p><strong><em><u>Domingo | 25\/02<\/u><\/em><\/strong><strong> <\/strong>\u2013 2\u00ba Domingo da <strong>Quaresma<\/strong>. In\u00edcio da <strong>Semana da C\u00e1ritas<\/strong>. <strong>JEB<\/strong>: <em>Mistagogia das Liturgias da Semana Santa a partir da B\u00edblia\u201d (<\/em>16h). Rito <strong>Tradi\u00e7\u00e3o do Credo<\/strong> (18h30).<\/p>\n\n\n\n<p><strong><em><u>4\u00aa Feira | 28\/02<\/u><\/em><\/strong><strong><u> <\/u><\/strong>\u2013 Missas com a <strong>Novena Perp\u00e9tua<\/strong>.&nbsp; &nbsp;<strong>&nbsp;&nbsp;&nbsp;&nbsp;&nbsp;&nbsp;&nbsp;<\/strong><\/p>\n\n\n\n<p><strong><em><u>5\u00aa Feira | 29\/02<\/u><\/em><\/strong><strong> <\/strong>\u2013 <strong>Adora\u00e7\u00e3o<\/strong> ao Sant\u00edssimo Sacramento (18h15).&nbsp;<\/p>\n\n\n\n<p><strong><em><u>6\u00aa Feira | 01\/03<\/u><\/em><\/strong><strong> <\/strong>\u2013 <strong>1\u00aa Sexta-feira do m\u00eas<\/strong>. Missas com uma breve adora\u00e7\u00e3o e b\u00ean\u00e7\u00e3o eucar\u00edstica. <strong>Via-Sacra<\/strong>, \u00e0s 19h45, coordenada pelos Grupos da A\u00e7\u00e3o Socio-Caritativa da Par\u00f3quia. Encontro para <strong>Pais e padrinhos<\/strong> (20h). &nbsp;<\/p>\n\n\n\n<p><strong><em><u>S\u00e1bado | 02\/03<\/u><\/em><\/strong><strong><u> <\/u><\/strong><strong>\u2013<\/strong>.<strong> <\/strong>1\u00ba S\u00e1bado do m\u00eas. <strong>Peregrina\u00e7\u00e3o<\/strong> mensal a F\u00e1tima. Sa\u00edda do autocarro \u00e0s 08h. <strong>Missa<\/strong> com ritos penitencias do Catecumenado \u00e0s 18h30. &nbsp;&nbsp;<\/p>\n\n\n\n<p><strong><em><u>Domingo | 03\/03<\/u><\/em><\/strong><strong> <\/strong>\u2013 <strong>3\u00ba Domingo da Quaresma<\/strong>. Em todas as Dioceses de Portugal \u2013 <strong>Ofert\u00f3rio para a C\u00e1ritas Portuguesa<\/strong>.<\/p>\n\n\n\n<p><strong>Aos aniversariantes <\/strong>desta semana desejamos muitas e copiosas b\u00ean\u00e7\u00e3os do Sant\u00edssimo Redentor e a Prote\u00e7\u00e3o da M\u00e3e de Deus.<\/p>\n\n\n\n<p><strong>Peregrina\u00e7\u00e3o a Lourdes<\/strong>, com visitas a algumas cidades de Espanha, <strong>de 23 a 28 de setembro<\/strong> <strong>de 2024<\/strong>. Informa\u00e7\u00f5es na Secretaria Paroquial.&nbsp;<\/p>\n\n\n\n<p><strong>As Vias-Sacras: <\/strong>nas sextas-feiras, ap\u00f3s a missa \u00e0s 19h45.&nbsp;&nbsp;<\/p>\n\n\n\n<p><strong>Confiss\u00f5es<\/strong> durante a semana, de manh\u00e3 ap\u00f3s a missa, e \u00e0 tarde a partir das 18h. Outros hor\u00e1rios: a combinar com os padres.<\/p>\n\n\n\n<p>Leve o envelope e fa\u00e7a a sua <strong>Ren\u00fancia Quaresmal<\/strong>. Mais informa\u00e7\u00f5es no cartaz.&nbsp;<\/p>\n\n\n\n<p>Participe da <strong>Semana da C\u00e1ritas<\/strong>, especialmente do <strong>Pedit\u00f3rio<\/strong> aqui na Igreja depois das missas, e no pr\u00f3ximo fim de semana, no Pingo Doce e no Lidl em Alfragide. &nbsp;Colabore tamb\u00e9m com a recolha dos alimentos. Bem-haja.<\/p>\n\n\n\n<p>O nosso <strong>Retiro Paroquial da Quaresma<\/strong> vai ser realizado no s\u00e1bado, dia 16 de mar\u00e7o, aqui no Complexo Paroquial. Neste dia n\u00e3o haver\u00e1 outras atividades pastorais. &nbsp;<\/p>\n\n\n\n<p>Pe. Crist\u00f3v\u00e3o Dworak, CSsR \u2013 o P\u00e1roco<\/p>\n\n\n\n<p>Damaia, 25 de Fevereiro de 2024<\/p>\n","protected":false},"excerpt":{"rendered":"<p>Domingo II da Quaresma\u00a0 \u201cEste \u00e9 o meu Filho muito amado: escutai-O\u201d (Mc 9,8). Domingo | 25\/02 \u2013 2\u00ba Domingo da Quaresma. In\u00edcio da Semana da C\u00e1ritas. JEB: Mistagogia das Liturgias da Semana Santa a partir da B\u00edblia\u201d (16h). Rito Tradi\u00e7\u00e3o do Credo (18h30). 4\u00aa Feira | 28\/02 \u2013 Missas com a Novena Perp\u00e9tua.&nbsp; &nbsp;&nbsp;&nbsp;&nbsp;&nbsp;&nbsp;&nbsp;&nbsp;<a class=\"more-link\" href=\"https:\/\/www.paroquia-damaia.pt\/old\/comunicacoes-paroquiais-25-02-2024\/\">Continuar lendo <span class=\"screen-reader-text\">&#8220;Comunica\u00e7\u00f5es Paroquiais &#8211; 25\/02\/2024&#8221;<\/span><\/a><\/p>\n","protected":false},"author":5,"featured_media":0,"comment_status":"closed","ping_status":"open","sticky":false,"template":"","format":"standard","meta":{"footnotes":""},"categories":[4],"tags":[],"class_list":["post-40323","post","type-post","status-publish","format-standard","hentry","category-avisos-paroquiais","entry"],"_links":{"self":[{"href":"https:\/\/www.paroquia-damaia.pt\/old\/wp-json\/wp\/v2\/posts\/40323","targetHints":{"allow":["GET"]}}],"collection":[{"href":"https:\/\/www.paroquia-damaia.pt\/old\/wp-json\/wp\/v2\/posts"}],"about":[{"href":"https:\/\/www.paroquia-damaia.pt\/old\/wp-json\/wp\/v2\/types\/post"}],"author":[{"embeddable":true,"href":"https:\/\/www.paroquia-damaia.pt\/old\/wp-json\/wp\/v2\/users\/5"}],"replies":[{"embeddable":true,"href":"https:\/\/www.paroquia-damaia.pt\/old\/wp-json\/wp\/v2\/comments?post=40323"}],"version-history":[{"count":1,"href":"https:\/\/www.paroquia-damaia.pt\/old\/wp-json\/wp\/v2\/posts\/40323\/revisions"}],"predecessor-version":[{"id":40324,"href":"https:\/\/www.paroquia-damaia.pt\/old\/wp-json\/wp\/v2\/posts\/40323\/revisions\/40324"}],"wp:attachment":[{"href":"https:\/\/www.paroquia-damaia.pt\/old\/wp-json\/wp\/v2\/media?parent=40323"}],"wp:term":[{"taxonomy":"category","embeddable":true,"href":"https:\/\/www.paroquia-damaia.pt\/old\/wp-json\/wp\/v2\/categories?post=40323"},{"taxonomy":"post_tag","embeddable":true,"href":"https:\/\/www.paroquia-damaia.pt\/old\/wp-json\/wp\/v2\/tags?post=40323"}],"curies":[{"name":"wp","href":"https:\/\/api.w.org\/{rel}","templated":true}]}}