{"id":40325,"date":"2024-03-09T12:21:13","date_gmt":"2024-03-09T11:21:13","guid":{"rendered":"https:\/\/www.paroquia-damaia.pt\/old\/?p=40325"},"modified":"2024-03-09T12:21:13","modified_gmt":"2024-03-09T11:21:13","slug":"comunicacoes-paroquiais-10-03-2024","status":"publish","type":"post","link":"https:\/\/www.paroquia-damaia.pt\/old\/comunicacoes-paroquiais-10-03-2024\/","title":{"rendered":"Comunica\u00e7\u00f5es Paroquiais &#8211; 10\/03\/2024"},"content":{"rendered":"\n<p class=\"has-text-align-center\"><strong>Domingo IV da Quaresma<\/strong><\/p>\n\n\n\n<p class=\"has-text-align-center\"><strong><em>\u00a0\u201cDeus enviou o seu Filho ao mundo, n\u00e3o para condenar o mundo, mas para que o mundo seja salvo por meio d\u00b4Ele\u201d <\/em><\/strong><em>(Jo 3,17).<\/em><\/p>\n\n\n\n<p><strong><em><u>Domingo | 10\/03<\/u><\/em><\/strong><strong> <\/strong>\u2013 <strong>4\u00ba Domingo da Quaresma<\/strong>. Encontro para membros da <strong>Caritas<\/strong>, <strong>Despensa Comunit\u00e1ria<\/strong> e <strong>Vicentinos<\/strong> (16h). <strong>Retiro<\/strong> da Capelania Africana. <strong>Elei\u00e7\u00f5es<\/strong> Legislativas.<\/p>\n\n\n\n<p><strong><em><u>3\u00aa Feira | 12\/03<\/u><\/em><\/strong><strong><u> <\/u><\/strong><strong>\u2013 Reuni\u00e3o <\/strong>dos Padres e Di\u00e1conos da <strong>Vigararia da Amadora <\/strong>(10h30).<strong> <\/strong>Reuni\u00e3o da <strong>Comiss\u00e3o Permanente<\/strong> do CPP (21h). <strong><\/strong><\/p>\n\n\n\n<p><strong><em><u>4\u00aa Feira | 13\/03<\/u><\/em><\/strong><strong><u> <\/u><\/strong>\u2013 Missas com a <strong>Novena Perp\u00e9tua<\/strong>. <strong>11\u00ba Aniversario <\/strong>da elei\u00e7\u00e3o do <strong>Papa Francisco<\/strong> (2013). Reuni\u00e3o com a Comiss\u00e3o Paroquial da <strong>Juventude<\/strong> (21h). &nbsp;&nbsp;<strong>&nbsp;&nbsp;&nbsp;&nbsp;&nbsp;&nbsp;&nbsp;<\/strong><\/p>\n\n\n\n<p><strong><em><u>5\u00aa Feira | 14\/03<\/u><\/em><\/strong><strong> <\/strong>\u2013 Forma\u00e7\u00e3o sobre arquivos (16h). <strong>Adora\u00e7\u00e3o<\/strong> ao Sant\u00edssimo Sacramento (18h15). Anivers\u00e1rio de D. Joaquim Mendes. &nbsp;<\/p>\n\n\n\n<p><strong><em><u>6\u00aa Feira | 15\/03<\/u><\/em><\/strong><strong> <\/strong>\u2013 Festa de <strong>S. Clemente Hofbauer<\/strong>, religioso redentorista. <strong>Via-Sacra<\/strong>, \u00e0s 19h30, coordenada pela Catequese e Inf\u00e2ncia Mission\u00e1ria.&nbsp;<\/p>\n\n\n\n<p><strong><em><u>S\u00e1bado | 16\/03<\/u><\/em><\/strong><strong><u> <\/u><\/strong><strong>\u2013<\/strong> <strong>Retiro Paroquial da Quaresma<\/strong>; Veja a programa\u00e7\u00e3o. Ritos Penitenciais do Catecumenado e Dia do Pai na Catequese (18h30).&nbsp;<\/p>\n\n\n\n<p><strong><em><u>Domingo | 17\/03<\/u><\/em><\/strong><strong> <\/strong>\u2013 <strong>5\u00ba Domingo da Quaresma<\/strong>. &nbsp;<\/p>\n\n\n\n<p><strong>Aos aniversariantes <\/strong>desta semana desejamos muitas e copiosas b\u00ean\u00e7\u00e3os do Sant\u00edssimo Redentor e a Prote\u00e7\u00e3o da M\u00e3e de Deus.<\/p>\n\n\n\n<p><strong>Peregrina\u00e7\u00e3o a Lourdes<\/strong>, com visitas a algumas cidades de Espanha, <strong>de 23 a 28 de setembro<\/strong> <strong>de 2024<\/strong>. Informa\u00e7\u00f5es na Secretaria Paroquial.&nbsp;<\/p>\n\n\n\n<p><strong>Confiss\u00f5es<\/strong> durante a semana, de manh\u00e3 ap\u00f3s a missa, e \u00e0 tarde a partir das 18h. Outros hor\u00e1rios: a combinar com os padres.<\/p>\n\n\n\n<p>Leve o envelope e fa\u00e7a a sua <strong>Ren\u00fancia Quaresmal<\/strong>. Mais informa\u00e7\u00f5es no cartaz.<\/p>\n\n\n\n<p>Conhe\u00e7a a <strong>Programa\u00e7\u00e3o da Semana Santa<\/strong>. Seja mission\u00e1rio e evangelizador. <strong>Leve esta programa\u00e7\u00e3o aos seus vizinhos<\/strong>, colocando nas caixas de correio do seu pr\u00e9dio. Se faltar, pe\u00e7a na Secretaria da Par\u00f3quia. &nbsp;<\/p>\n\n\n\n<p>Pe. Crist\u00f3v\u00e3o Dworak, CSsR \u2013 o P\u00e1roco<\/p>\n\n\n\n<p>Damaia, 10 de Mar\u00e7o de 2024<\/p>\n","protected":false},"excerpt":{"rendered":"<p>Domingo IV da Quaresma \u00a0\u201cDeus enviou o seu Filho ao mundo, n\u00e3o para condenar o mundo, mas para que o mundo seja salvo por meio d\u00b4Ele\u201d (Jo 3,17). Domingo | 10\/03 \u2013 4\u00ba Domingo da Quaresma. Encontro para membros da Caritas, Despensa Comunit\u00e1ria e Vicentinos (16h). Retiro da Capelania Africana. Elei\u00e7\u00f5es Legislativas. 3\u00aa Feira |<a class=\"more-link\" href=\"https:\/\/www.paroquia-damaia.pt\/old\/comunicacoes-paroquiais-10-03-2024\/\">Continuar lendo <span class=\"screen-reader-text\">&#8220;Comunica\u00e7\u00f5es Paroquiais &#8211; 10\/03\/2024&#8221;<\/span><\/a><\/p>\n","protected":false},"author":5,"featured_media":0,"comment_status":"closed","ping_status":"open","sticky":false,"template":"","format":"standard","meta":{"footnotes":""},"categories":[4],"tags":[],"class_list":["post-40325","post","type-post","status-publish","format-standard","hentry","category-avisos-paroquiais","entry"],"_links":{"self":[{"href":"https:\/\/www.paroquia-damaia.pt\/old\/wp-json\/wp\/v2\/posts\/40325","targetHints":{"allow":["GET"]}}],"collection":[{"href":"https:\/\/www.paroquia-damaia.pt\/old\/wp-json\/wp\/v2\/posts"}],"about":[{"href":"https:\/\/www.paroquia-damaia.pt\/old\/wp-json\/wp\/v2\/types\/post"}],"author":[{"embeddable":true,"href":"https:\/\/www.paroquia-damaia.pt\/old\/wp-json\/wp\/v2\/users\/5"}],"replies":[{"embeddable":true,"href":"https:\/\/www.paroquia-damaia.pt\/old\/wp-json\/wp\/v2\/comments?post=40325"}],"version-history":[{"count":1,"href":"https:\/\/www.paroquia-damaia.pt\/old\/wp-json\/wp\/v2\/posts\/40325\/revisions"}],"predecessor-version":[{"id":40326,"href":"https:\/\/www.paroquia-damaia.pt\/old\/wp-json\/wp\/v2\/posts\/40325\/revisions\/40326"}],"wp:attachment":[{"href":"https:\/\/www.paroquia-damaia.pt\/old\/wp-json\/wp\/v2\/media?parent=40325"}],"wp:term":[{"taxonomy":"category","embeddable":true,"href":"https:\/\/www.paroquia-damaia.pt\/old\/wp-json\/wp\/v2\/categories?post=40325"},{"taxonomy":"post_tag","embeddable":true,"href":"https:\/\/www.paroquia-damaia.pt\/old\/wp-json\/wp\/v2\/tags?post=40325"}],"curies":[{"name":"wp","href":"https:\/\/api.w.org\/{rel}","templated":true}]}}