{"id":40330,"date":"2024-03-17T19:50:55","date_gmt":"2024-03-17T18:50:55","guid":{"rendered":"https:\/\/www.paroquia-damaia.pt\/old\/?p=40330"},"modified":"2024-03-17T19:50:55","modified_gmt":"2024-03-17T18:50:55","slug":"comunicacoes-paroquiais-17-03-2024","status":"publish","type":"post","link":"https:\/\/www.paroquia-damaia.pt\/old\/comunicacoes-paroquiais-17-03-2024\/","title":{"rendered":"Comunica\u00e7\u00f5es Paroquiais &#8211; 17\/03\/2024"},"content":{"rendered":"\n<p class=\"has-text-align-center\"><strong>Domingo V da Quaresma<em>\u00a0<\/em><\/strong><\/p>\n\n\n\n<p class=\"has-text-align-center\"><strong><em>\u201cSe algu\u00e9m Me quiser servir, que Me siga, e onde Eu estiver, ali estar\u00e1 tamb\u00e9m o meu servo\u201d <\/em><\/strong><em>(Jo 12,26).<\/em><\/p>\n\n\n\n<p><strong><em><u>Domingo | 17\/03<\/u><\/em><\/strong><strong> <\/strong>\u2013 <strong>5\u00ba Domingo da Quaresma<\/strong>.&nbsp;<\/p>\n\n\n\n<p><strong><em><u>3\u00aa Feira | 19\/03<\/u><\/em><\/strong><strong><u> <\/u><\/strong><strong>\u2013 <\/strong>Solenidade de<strong> S. Jos\u00e9, <\/strong>Esposo da Virgem Santa Maria.<strong> <\/strong>&nbsp;<strong><\/strong><\/p>\n\n\n\n<p><strong><em><u>4\u00aa Feira | 20\/03<\/u><\/em><\/strong><strong><u> <\/u><\/strong>\u2013 Missas com a <strong>Novena Perp\u00e9tua<\/strong>.&nbsp;&nbsp;&nbsp; <strong>&nbsp;&nbsp;&nbsp;&nbsp;&nbsp;&nbsp;&nbsp;<\/strong><\/p>\n\n\n\n<p><strong><em><u>5\u00aa Feira | 21\/03<\/u><\/em><\/strong><strong> <\/strong>\u2013 Forma\u00e7\u00e3o sobre arquivos (16h). <strong>Adora\u00e7\u00e3o<\/strong> ao Sant\u00edssimo Sacramento (18h15). <strong>Celebra\u00e7\u00e3o penitencial<\/strong> \u2013 Catequese (19h). &nbsp;<\/p>\n\n\n\n<p><strong><em><u>6\u00aa Feira | 22\/03<\/u><\/em><\/strong><strong> <\/strong>\u2013 Reuni\u00e3o diocesana de <strong>Pastoral Socio-Caritativa<\/strong> em Alfragide. <strong>Celebra\u00e7\u00e3o penitencial<\/strong> \u2013 Catequese (19h). <strong>Via-Sacra<\/strong>, pelas ruas da Damaia, com a participa\u00e7\u00e3o especial de Jovens, Escuteiros, Crismandos e adolescentes, \u00e0s 21h. &nbsp;&nbsp;<\/p>\n\n\n\n<p><strong><em><u>S\u00e1bado | 23\/03<\/u><\/em><\/strong><strong><u> <\/u><\/strong><strong>\u2013<\/strong> <strong>Prepara\u00e7\u00e3o de ramos<\/strong> \u2013 Escuteiros. <strong>B\u00ean\u00e7\u00e3o de Ramos<\/strong> (na P\u00e7a Conde da Lous\u00e3), Prociss\u00e3o e Missa, \u00e0s 18h15. &nbsp;&nbsp;<\/p>\n\n\n\n<p><strong><em><u>Domingo | 24\/03<\/u><\/em><\/strong><strong> <\/strong>\u2013 <strong>Domingo de Ramos<\/strong> e o <strong>in\u00edcio da Semana Santa<\/strong>. Missas com a b\u00ean\u00e7\u00e3o de ramos e prociss\u00f5es at\u00e9 a Igreja. \u00c0s <strong>09h<\/strong>&#8211; B\u00ean\u00e7\u00e3o de ramos no <strong>\u00c1trio<\/strong>, prociss\u00e3o e Missa; \u00e0s <strong>10h30<\/strong> \u2013 B\u00ean\u00e7\u00e3o de Ramos na <strong>Praceta D. Jo\u00e3o de Almeida<\/strong>, prociss\u00e3o e missa; <strong>18h15<\/strong> \u2013 B\u00ean\u00e7\u00e3o de ramos na <strong>Pra\u00e7a Conde de Lous\u00e3<\/strong> (ao lado do Centro de Sa\u00fade), prociss\u00e3o e Missa. &nbsp;<\/p>\n\n\n\n<p>Conhe\u00e7a a <strong>Programa\u00e7\u00e3o da Semana Santa<\/strong>. Seja mission\u00e1rio e evangelizador. <strong>Leve esta programa\u00e7\u00e3o aos seus vizinhos<\/strong>, colocando nas caixas de correio do seu pr\u00e9dio. Se faltar, pe\u00e7a na Secretaria da Par\u00f3quia.&nbsp; Uma pequena corre\u00e7\u00e3o: a Vig\u00edlia Pascal ser\u00e1 celebrada \u00e0s 21h30. &nbsp;<\/p>\n\n\n\n<p><strong>Aos aniversariantes <\/strong>desta semana desejamos muitas e copiosas b\u00ean\u00e7\u00e3os do Sant\u00edssimo Redentor e a Prote\u00e7\u00e3o da M\u00e3e de Deus.<\/p>\n\n\n\n<p><strong>Peregrina\u00e7\u00e3o a Lourdes<\/strong>, com visitas a algumas cidades de Espanha, <strong>de 23 a 28 de setembro<\/strong> <strong>de 2024<\/strong>. Informa\u00e7\u00f5es na Secretaria Paroquial.&nbsp;<\/p>\n\n\n\n<p><strong>Confiss\u00f5es<\/strong> durante a semana, de manh\u00e3 ap\u00f3s a missa, e \u00e0 tarde a partir das 18h. Outros hor\u00e1rios: a combinar com os padres.<\/p>\n\n\n\n<p>Leve o envelope e fa\u00e7a a sua <strong>Ren\u00fancia Quaresmal<\/strong>. Mais informa\u00e7\u00f5es no cartaz.<\/p>\n\n\n\n<p>Participe no <strong>Bingo dos Jovens<\/strong>, neste s\u00e1bado, dia 23 de mar\u00e7o, a partir das 20h, no Sal\u00e3o Paroquial. Entrada gratuita. Inscri\u00e7\u00f5es na Secretaria e on line.<\/p>\n\n\n\n<p>Pe. Crist\u00f3v\u00e3o Dworak, CSsR \u2013 o P\u00e1roco<\/p>\n\n\n\n<p>Damaia, 17 de Mar\u00e7o de 2024<\/p>\n","protected":false},"excerpt":{"rendered":"<p>Domingo V da Quaresma\u00a0 \u201cSe algu\u00e9m Me quiser servir, que Me siga, e onde Eu estiver, ali estar\u00e1 tamb\u00e9m o meu servo\u201d (Jo 12,26). Domingo | 17\/03 \u2013 5\u00ba Domingo da Quaresma.&nbsp; 3\u00aa Feira | 19\/03 \u2013 Solenidade de S. Jos\u00e9, Esposo da Virgem Santa Maria. &nbsp; 4\u00aa Feira | 20\/03 \u2013 Missas com a<a class=\"more-link\" href=\"https:\/\/www.paroquia-damaia.pt\/old\/comunicacoes-paroquiais-17-03-2024\/\">Continuar lendo <span class=\"screen-reader-text\">&#8220;Comunica\u00e7\u00f5es Paroquiais &#8211; 17\/03\/2024&#8221;<\/span><\/a><\/p>\n","protected":false},"author":5,"featured_media":0,"comment_status":"closed","ping_status":"open","sticky":false,"template":"","format":"standard","meta":{"footnotes":""},"categories":[4],"tags":[],"class_list":["post-40330","post","type-post","status-publish","format-standard","hentry","category-avisos-paroquiais","entry"],"_links":{"self":[{"href":"https:\/\/www.paroquia-damaia.pt\/old\/wp-json\/wp\/v2\/posts\/40330","targetHints":{"allow":["GET"]}}],"collection":[{"href":"https:\/\/www.paroquia-damaia.pt\/old\/wp-json\/wp\/v2\/posts"}],"about":[{"href":"https:\/\/www.paroquia-damaia.pt\/old\/wp-json\/wp\/v2\/types\/post"}],"author":[{"embeddable":true,"href":"https:\/\/www.paroquia-damaia.pt\/old\/wp-json\/wp\/v2\/users\/5"}],"replies":[{"embeddable":true,"href":"https:\/\/www.paroquia-damaia.pt\/old\/wp-json\/wp\/v2\/comments?post=40330"}],"version-history":[{"count":1,"href":"https:\/\/www.paroquia-damaia.pt\/old\/wp-json\/wp\/v2\/posts\/40330\/revisions"}],"predecessor-version":[{"id":40331,"href":"https:\/\/www.paroquia-damaia.pt\/old\/wp-json\/wp\/v2\/posts\/40330\/revisions\/40331"}],"wp:attachment":[{"href":"https:\/\/www.paroquia-damaia.pt\/old\/wp-json\/wp\/v2\/media?parent=40330"}],"wp:term":[{"taxonomy":"category","embeddable":true,"href":"https:\/\/www.paroquia-damaia.pt\/old\/wp-json\/wp\/v2\/categories?post=40330"},{"taxonomy":"post_tag","embeddable":true,"href":"https:\/\/www.paroquia-damaia.pt\/old\/wp-json\/wp\/v2\/tags?post=40330"}],"curies":[{"name":"wp","href":"https:\/\/api.w.org\/{rel}","templated":true}]}}