{"id":40337,"date":"2024-03-24T10:23:44","date_gmt":"2024-03-24T09:23:44","guid":{"rendered":"https:\/\/www.paroquia-damaia.pt\/old\/?p=40337"},"modified":"2024-03-24T10:23:44","modified_gmt":"2024-03-24T09:23:44","slug":"comunicacoes-paroquiais-24-03-2024","status":"publish","type":"post","link":"https:\/\/www.paroquia-damaia.pt\/old\/comunicacoes-paroquiais-24-03-2024\/","title":{"rendered":"Comunica\u00e7\u00f5es Paroquiais &#8211; 24\/03\/2024"},"content":{"rendered":"\n<p class=\"has-text-align-center\"><strong>Domingo de Ramos e Semana Santa <em>\u00a0<\/em><\/strong><\/p>\n\n\n\n<p class=\"has-text-align-center\"><strong><em>\u201cHosana! Bendito O que vem em nome do Senhor!\u201d <\/em><\/strong><em>(Mc 11,10).<\/em><\/p>\n\n\n\n<p><strong><em><u>Domingo | 24\/03<\/u><\/em><\/strong><strong> <\/strong>\u2013 Domingo de Ramos na Paix\u00e3o do Senhor. In\u00edcio da Semana Santa. &nbsp;<\/p>\n\n\n\n<p>Conhe\u00e7a a <strong>Programa\u00e7\u00e3o da Semana Santa<\/strong>. Seja mission\u00e1rio e evangelizador. <strong>Leve esta programa\u00e7\u00e3o aos seus vizinhos<\/strong>, colocando nas caixas de correio do seu pr\u00e9dio.<\/p>\n\n\n\n<p>Na <strong>Vig\u00edlia Pascal<\/strong>, al\u00e9m de velas comuns, usaremos tamb\u00e9m pequenos C\u00edrios pascais. Procure na Secretaria da Par\u00f3quia.&nbsp;&nbsp;<\/p>\n\n\n\n<p><strong>Aos aniversariantes <\/strong>desta semana desejamos muitas e copiosas b\u00ean\u00e7\u00e3os do Sant\u00edssimo Redentor e a Prote\u00e7\u00e3o da M\u00e3e de Deus.<\/p>\n\n\n\n<p><strong>Peregrina\u00e7\u00e3o a Lourdes<\/strong>, com visitas a algumas cidades de Espanha, <strong>de 23 a 28 de setembro<\/strong> <strong>de 2024<\/strong>. Informa\u00e7\u00f5es na Secretaria Paroquial.&nbsp;<\/p>\n\n\n\n<p>Leve o envelope e fa\u00e7a a sua <strong>Ren\u00fancia Quaresmal<\/strong>. Mais informa\u00e7\u00f5es no cartaz.<\/p>\n\n\n\n<p><strong>Peregrina\u00e7\u00e3o paroquial<\/strong> para a F\u00e1tima, no dia 06 de abril. Inscri\u00e7\u00f5es na Secretaria.<\/p>\n\n\n\n<p>Pe. Crist\u00f3v\u00e3o Dworak, CSsR \u2013 o P\u00e1roco<\/p>\n\n\n\n<p>Damaia, 24 de Mar\u00e7o de 2024<\/p>\n","protected":false},"excerpt":{"rendered":"<p>Domingo de Ramos e Semana Santa \u00a0 \u201cHosana! Bendito O que vem em nome do Senhor!\u201d (Mc 11,10). Domingo | 24\/03 \u2013 Domingo de Ramos na Paix\u00e3o do Senhor. In\u00edcio da Semana Santa. &nbsp; Conhe\u00e7a a Programa\u00e7\u00e3o da Semana Santa. Seja mission\u00e1rio e evangelizador. Leve esta programa\u00e7\u00e3o aos seus vizinhos, colocando nas caixas de correio<a class=\"more-link\" href=\"https:\/\/www.paroquia-damaia.pt\/old\/comunicacoes-paroquiais-24-03-2024\/\">Continuar lendo <span class=\"screen-reader-text\">&#8220;Comunica\u00e7\u00f5es Paroquiais &#8211; 24\/03\/2024&#8221;<\/span><\/a><\/p>\n","protected":false},"author":5,"featured_media":0,"comment_status":"closed","ping_status":"open","sticky":false,"template":"","format":"standard","meta":{"footnotes":""},"categories":[4],"tags":[],"class_list":["post-40337","post","type-post","status-publish","format-standard","hentry","category-avisos-paroquiais","entry"],"_links":{"self":[{"href":"https:\/\/www.paroquia-damaia.pt\/old\/wp-json\/wp\/v2\/posts\/40337","targetHints":{"allow":["GET"]}}],"collection":[{"href":"https:\/\/www.paroquia-damaia.pt\/old\/wp-json\/wp\/v2\/posts"}],"about":[{"href":"https:\/\/www.paroquia-damaia.pt\/old\/wp-json\/wp\/v2\/types\/post"}],"author":[{"embeddable":true,"href":"https:\/\/www.paroquia-damaia.pt\/old\/wp-json\/wp\/v2\/users\/5"}],"replies":[{"embeddable":true,"href":"https:\/\/www.paroquia-damaia.pt\/old\/wp-json\/wp\/v2\/comments?post=40337"}],"version-history":[{"count":1,"href":"https:\/\/www.paroquia-damaia.pt\/old\/wp-json\/wp\/v2\/posts\/40337\/revisions"}],"predecessor-version":[{"id":40338,"href":"https:\/\/www.paroquia-damaia.pt\/old\/wp-json\/wp\/v2\/posts\/40337\/revisions\/40338"}],"wp:attachment":[{"href":"https:\/\/www.paroquia-damaia.pt\/old\/wp-json\/wp\/v2\/media?parent=40337"}],"wp:term":[{"taxonomy":"category","embeddable":true,"href":"https:\/\/www.paroquia-damaia.pt\/old\/wp-json\/wp\/v2\/categories?post=40337"},{"taxonomy":"post_tag","embeddable":true,"href":"https:\/\/www.paroquia-damaia.pt\/old\/wp-json\/wp\/v2\/tags?post=40337"}],"curies":[{"name":"wp","href":"https:\/\/api.w.org\/{rel}","templated":true}]}}