{"id":40339,"date":"2024-03-24T10:32:29","date_gmt":"2024-03-24T09:32:29","guid":{"rendered":"https:\/\/www.paroquia-damaia.pt\/old\/?p=40339"},"modified":"2024-03-24T10:32:29","modified_gmt":"2024-03-24T09:32:29","slug":"comunicacoes-paroquiais-3","status":"publish","type":"post","link":"https:\/\/www.paroquia-damaia.pt\/old\/comunicacoes-paroquiais-3\/","title":{"rendered":"Comunica\u00e7\u00f5es Paroquiais"},"content":{"rendered":"\n<p class=\"has-text-align-center\"><strong>Programa\u00e7\u00e3o da Semana Santa 2024<\/strong><\/p>\n\n\n\n<p class=\"has-text-align-center\"><strong><u>23\/03\/2024 \u2013 S\u00c1BADO<\/u><\/strong><\/p>\n\n\n\n<p>18h15 \u2013 B\u00ean\u00e7\u00e3o de Ramos (P\u00e7 Conde da Lous\u00e3), Prociss\u00e3o e Missa vespertina de Domingo de Ramos. &nbsp;<\/p>\n\n\n\n<p class=\"has-text-align-center\"><strong><u>24\/03\/2024 \u2013 DOMINGO DE RAMOS NA PAIX\u00c3O DO SENHOR<\/u><\/strong><\/p>\n\n\n\n<p>09h \u2013 B\u00ean\u00e7\u00e3o de Ramos (no \u00e0trio), Prociss\u00e3o e Missa<\/p>\n\n\n\n<p><strong>10h30 \u2013<\/strong> <strong>B\u00ean\u00e7\u00e3o de Ramos<\/strong> (na Pct. D. Jo\u00e3o de Almeida) &#8211;&nbsp;&nbsp;<\/p>\n\n\n\n<p>&nbsp;Prociss\u00e3o com Ramos at\u00e9 a Igreja e <strong>Santa Missa<\/strong><\/p>\n\n\n\n<p>18h15 \u2013 B\u00ean\u00e7\u00e3o de Ramos (P\u00e7 Conde de Lous\u00e3 \u2013 Est.), Prociss\u00e3o e Santa Missa. &nbsp;<\/p>\n\n\n\n<p class=\"has-text-align-center\"><strong><u>25\/03\/2024 \u2013 SEGUNDA-FEIRA DA SEMANA SANTA<\/u><\/strong><\/p>\n\n\n\n<p>09h \u2013 Missa<\/p>\n\n\n\n<p>09h \u2013 12h \/ 17h \u2013 20h &#8211; Confiss\u00f5es<\/p>\n\n\n\n<p>19h\u2013 <strong>Missa com V\u00e9speras<\/strong>&nbsp;<\/p>\n\n\n\n<p>21h \u2013 <strong>Celebra\u00e7\u00e3o penitencial<\/strong> para adultos &nbsp;<\/p>\n\n\n\n<p class=\"has-text-align-center\"><strong><u>26\/03\/2024 \u2013 TER\u00c7A- FEIRA DA SEMANA SANTA<\/u><\/strong><\/p>\n\n\n\n<p>09h \u2013 Missa<\/p>\n\n\n\n<p>09h \u2013 12h \/ 17h \u2013 20h &#8211; Confiss\u00f5es<\/p>\n\n\n\n<p>19h <strong>\u2013<\/strong> <strong>Missa com V\u00e9speras<\/strong><\/p>\n\n\n\n<p class=\"has-text-align-center\"><strong><u>27\/03\/2024 \u2013 QUARTA-FEIRA DA SEMANA SANTA<\/u><\/strong><\/p>\n\n\n\n<p>09h \u2013 Missa<\/p>\n\n\n\n<p>09h \u2013 12h \/ 17h \u2013 20h &#8211; Confiss\u00f5es<\/p>\n\n\n\n<p>19h\u2013 <strong>Missa com V\u00e9speras<\/strong><\/p>\n\n\n\n<p class=\"has-text-align-center\"><strong><u>28\/03\/2024 \u2013 QUINTA-FEIRA DA SEMANA SANTA<\/u><\/strong><\/p>\n\n\n\n<p class=\"has-text-align-center\">Tr\u00edduo Pascal<\/p>\n\n\n\n<p>10h \u2013 A Missa Crismal na S\u00e9 de Lisboa<\/p>\n\n\n\n<p><strong>19h \u2013 Missa da Ceia do Senhor com o Lava-p\u00e9s<\/strong><\/p>\n\n\n\n<p>20h15 &#8211; Traslada\u00e7\u00e3o do Sant\u00edssimo Sacramento e a Adora\u00e7\u00e3o<\/p>\n\n\n\n<p>23h30 \u2013 Of\u00edcio da Agonia (Capela)<\/p>\n\n\n\n<p class=\"has-text-align-center\"><strong><u>29\/03\/20204 \u2013 SEXTA-FEIRA DA PAIX\u00c3O DO SENHOR<\/u><\/strong><\/p>\n\n\n\n<p class=\"has-text-align-center\">Tr\u00edduo Pascal<\/p>\n\n\n\n<p class=\"has-text-align-center\"><em>Dia de jejum e de abstin\u00eancia<\/em><\/p>\n\n\n\n<p>09h \u2013 Of\u00edcio da Paix\u00e3o (na Capela \u2013 Capelania Africana) e Adora\u00e7\u00e3o individual at\u00e9 \u00e0s 14h30.<\/p>\n\n\n\n<p><strong>15h \u2013 Celebra\u00e7\u00e3o da Paix\u00e3o do Senhor<\/strong> (Celebra\u00e7\u00e3o principal do dia; Oferta para os <em>Lugares Santos<\/em> <em>de Jerusal\u00e9m<\/em>)<\/p>\n\n\n\n<p>18h30 \u2013 <em>Via-sacra <\/em>(no Largo da Igreja)<\/p>\n\n\n\n<p>19h30 \u2013 Medita\u00e7\u00e3o das Sete Palavras de Jesus na Cruz<\/p>\n\n\n\n<p>20h30 \u2013 Adora\u00e7\u00e3o individual at\u00e9 a meia-noite<\/p>\n\n\n\n<p class=\"has-text-align-center\"><em>Confiss\u00f5es durante todo o dia<\/em><\/p>\n\n\n\n<p class=\"has-text-align-center\"><strong><u>30\/03\/2024 \u2013 S\u00c1BADO SANTO E VIG\u00cdLIA PASCAL<\/u><\/strong><\/p>\n\n\n\n<p class=\"has-text-align-center\">Tr\u00edduo Pascal<\/p>\n\n\n\n<p class=\"has-text-align-center\"><em>Confiss\u00f5es durante todo o dia<\/em><\/p>\n\n\n\n<p>09h \u2013 Of\u00edcio das Dores (na Capela)<\/p>\n\n\n\n<p>&nbsp;&nbsp;&nbsp;&nbsp;&nbsp;&nbsp;&nbsp;&nbsp;&nbsp; Adora\u00e7\u00e3o individual na Capela<\/p>\n\n\n\n<p>21h30 \u2013 <strong>Vig\u00edlia Pascal<\/strong> com batizados<\/p>\n\n\n\n<p>23h \u2013 <strong>Prociss\u00e3o da Ressurrei\u00e7\u00e3o<\/strong> com o Sant\u00edssimo Sacramento no Largo da Igreja<\/p>\n\n\n\n<p class=\"has-text-align-center\"><strong><u>31\/03\/2024 \u2013 DOMINGO DA P\u00c1SCOA DA RESSURREI\u00c7\u00c3O DO SENHOR<\/u><\/strong><\/p>\n\n\n\n<p class=\"has-text-align-center\">Tr\u00edduo Pascal<\/p>\n\n\n\n<p>09h \u2013 11h \u2013 18h30 &#8211; Missas <\/p>\n\n\n\n<p>12h15 \u2013 Batizados<\/p>\n\n\n\n<p class=\"has-text-align-center\"><strong><u>04\/04\/2024 \u2013 5\u00aa FEIRA NA OITAVA DA P\u00c1SCOA<\/u><\/strong> <\/p>\n\n\n\n<p>21h \u2013 <em>Via lucis<\/em> no Largo da Igreja (Jovens)<\/p>\n","protected":false},"excerpt":{"rendered":"<p>Programa\u00e7\u00e3o da Semana Santa 2024 23\/03\/2024 \u2013 S\u00c1BADO 18h15 \u2013 B\u00ean\u00e7\u00e3o de Ramos (P\u00e7 Conde da Lous\u00e3), Prociss\u00e3o e Missa vespertina de Domingo de Ramos. &nbsp; 24\/03\/2024 \u2013 DOMINGO DE RAMOS NA PAIX\u00c3O DO SENHOR 09h \u2013 B\u00ean\u00e7\u00e3o de Ramos (no \u00e0trio), Prociss\u00e3o e Missa 10h30 \u2013 B\u00ean\u00e7\u00e3o de Ramos (na Pct. D. Jo\u00e3o de<a class=\"more-link\" href=\"https:\/\/www.paroquia-damaia.pt\/old\/comunicacoes-paroquiais-3\/\">Continuar lendo <span class=\"screen-reader-text\">&#8220;Comunica\u00e7\u00f5es Paroquiais&#8221;<\/span><\/a><\/p>\n","protected":false},"author":5,"featured_media":0,"comment_status":"closed","ping_status":"open","sticky":false,"template":"","format":"standard","meta":{"footnotes":""},"categories":[4],"tags":[],"class_list":["post-40339","post","type-post","status-publish","format-standard","hentry","category-avisos-paroquiais","entry"],"_links":{"self":[{"href":"https:\/\/www.paroquia-damaia.pt\/old\/wp-json\/wp\/v2\/posts\/40339","targetHints":{"allow":["GET"]}}],"collection":[{"href":"https:\/\/www.paroquia-damaia.pt\/old\/wp-json\/wp\/v2\/posts"}],"about":[{"href":"https:\/\/www.paroquia-damaia.pt\/old\/wp-json\/wp\/v2\/types\/post"}],"author":[{"embeddable":true,"href":"https:\/\/www.paroquia-damaia.pt\/old\/wp-json\/wp\/v2\/users\/5"}],"replies":[{"embeddable":true,"href":"https:\/\/www.paroquia-damaia.pt\/old\/wp-json\/wp\/v2\/comments?post=40339"}],"version-history":[{"count":1,"href":"https:\/\/www.paroquia-damaia.pt\/old\/wp-json\/wp\/v2\/posts\/40339\/revisions"}],"predecessor-version":[{"id":40340,"href":"https:\/\/www.paroquia-damaia.pt\/old\/wp-json\/wp\/v2\/posts\/40339\/revisions\/40340"}],"wp:attachment":[{"href":"https:\/\/www.paroquia-damaia.pt\/old\/wp-json\/wp\/v2\/media?parent=40339"}],"wp:term":[{"taxonomy":"category","embeddable":true,"href":"https:\/\/www.paroquia-damaia.pt\/old\/wp-json\/wp\/v2\/categories?post=40339"},{"taxonomy":"post_tag","embeddable":true,"href":"https:\/\/www.paroquia-damaia.pt\/old\/wp-json\/wp\/v2\/tags?post=40339"}],"curies":[{"name":"wp","href":"https:\/\/api.w.org\/{rel}","templated":true}]}}