{"id":40342,"date":"2024-04-02T10:44:04","date_gmt":"2024-04-02T09:44:04","guid":{"rendered":"https:\/\/www.paroquia-damaia.pt\/old\/?p=40342"},"modified":"2024-04-02T10:44:04","modified_gmt":"2024-04-02T09:44:04","slug":"comunicacoes-paroquiais-31-03-2024","status":"publish","type":"post","link":"https:\/\/www.paroquia-damaia.pt\/old\/comunicacoes-paroquiais-31-03-2024\/","title":{"rendered":"Comunica\u00e7\u00f5es Paroquiais &#8211; 31\/03\/2024"},"content":{"rendered":"\n<p class=\"has-text-align-center\"><strong>Domingo de P\u00e1scoa da Ressurrei\u00e7\u00e3o do Senhor<\/strong><\/p>\n\n\n\n<p class=\"has-text-align-center\">Oitava da P\u00e1scoa <\/p>\n\n\n\n<p class=\"has-text-align-center\"><strong><em>\u00a0\u201cO Senhor ressuscitou verdadeiramente. Aleluia! (Lc 24,34<\/em><\/strong><em>).<\/em><\/p>\n\n\n\n<p><strong><em><u>Domingo | 31\/03<\/u><\/em><\/strong><strong> <\/strong>\u2013 <strong>Solenidade da Ressurrei\u00e7\u00e3o do Senhor<\/strong>. In\u00edcio da <strong>Oitava<\/strong> da P\u00e1scoa. Missas como de costume: \u00e0s 09h, \u00e0s 11h e \u00e0s 18h30.<\/p>\n\n\n\n<p><strong><em><u>2\u00aa Feira | 01\/04<\/u><\/em><\/strong><strong> <\/strong>\u2013 Nesta Segunda-feira, por ser a Oitava da P\u00e1scoa, teremos tamb\u00e9m a missa \u00e0s 19h. Ao longo da Oitava da P\u00e1scoa as <strong>Missas<\/strong> \u00e0s 19h ser\u00e3o com <strong>as V\u00e9speras<\/strong>.<\/p>\n\n\n\n<p><strong><em><u>3\u00aa Feira | 02\/04<\/u><\/em><\/strong><strong><em> <\/em><\/strong><em>\u2013 <\/em><strong>Estudos b\u00edblicos<\/strong> para Leitores, \u00e0s 19h45.<strong><\/strong><\/p>\n\n\n\n<p><strong><em><u>4\u00aa Feira | 03\/04<\/u><\/em><\/strong><strong><em> \u2013 <\/em><\/strong>Missas com a <strong>Novena Perp\u00e9tua<\/strong>. Encontro para <strong>Catequistas<\/strong> (21h)<\/p>\n\n\n\n<p><strong><em><u>5\u00aa Feira | 04\/04<\/u><\/em><\/strong><strong><em> <\/em><\/strong><em>\u2013 <\/em>Forma\u00e7\u00e3o sobre <strong>Arquivos<\/strong> (16h). <strong>Adora\u00e7\u00e3o<\/strong> ao Sant\u00edssimo Sacramento, \u00e0s 18h15; <strong><em>Via-lucis<\/em><\/strong> com os Jovens, \u00e0s 21h, no Jardim Pe. Lopes.<\/p>\n\n\n\n<p><strong><em><u>6\u00aa Feira | 05\/04<\/u><\/em><\/strong><strong><em> <\/em><\/strong><strong>&#8211; 1\u00aa Sexta-feira do m\u00eas<\/strong>. Missas com a B\u00ean\u00e7\u00e3o do Sant\u00edssimo Sacramento.<strong><\/strong><\/p>\n\n\n\n<p><strong><em><u>S\u00e1bado | 06\/04<\/u><\/em><\/strong><strong><em> \u2013 <\/em><\/strong><strong>Peregrina\u00e7\u00e3o<\/strong> Paroquial para F\u00e1tima. Encontro do <strong>Grupo Mission\u00e1rio Paroquial<\/strong> e da Anima\u00e7\u00e3o Mission\u00e1ria \u2013 <strong>ANIMAG<\/strong>, \u00e0s 16h.<\/p>\n\n\n\n<p><strong><em><u>Domingo | 07\/04<\/u><\/em><\/strong><strong><em> \u2013 <\/em><\/strong><strong>Retiro<\/strong> dos Catequistas.<\/p>\n\n\n\n<p><strong>Aos aniversariantes <\/strong>desta semana desejamos muitas e copiosas b\u00ean\u00e7\u00e3os do Sant\u00edssimo Redentor e a Prote\u00e7\u00e3o da M\u00e3e de Deus.<\/p>\n\n\n\n<p><strong>Peregrina\u00e7\u00e3o a Lourdes<\/strong>, com visitas a algumas cidades de Espanha, <strong>de 23 a 28 de setembro<\/strong> <strong>de 2024<\/strong>. Informa\u00e7\u00f5es na Secretaria Paroquial.&nbsp;<\/p>\n\n\n\n<p>At\u00e9 o pr\u00f3ximo Domingo fa\u00e7a a sua <strong>Ren\u00fancia Quaresmal<\/strong>. At\u00e9 hoje recebemos somente 52 envelopes. &nbsp;<\/p>\n\n\n\n<p><strong>Agradecemos<\/strong> de cora\u00e7\u00e3o a todas as equipas envolvidas na prepara\u00e7\u00e3o e na celebra\u00e7\u00e3o da Semana Santa. Bem-haja.<\/p>\n\n\n\n<p>A todos desejamos uma <strong>feliz<\/strong> e <strong>aben\u00e7oada P\u00e1scoa<\/strong> da Ressurrei\u00e7\u00e3o do Senhor. &nbsp;&nbsp;&nbsp;<\/p>\n\n\n\n<p>Pe. Crist\u00f3v\u00e3o Dworak, CSsR \u2013 o P\u00e1roco<\/p>\n\n\n\n<p>Damaia, 31 de Mar\u00e7o de 2024<\/p>\n","protected":false},"excerpt":{"rendered":"<p>Domingo de P\u00e1scoa da Ressurrei\u00e7\u00e3o do Senhor Oitava da P\u00e1scoa \u00a0\u201cO Senhor ressuscitou verdadeiramente. Aleluia! (Lc 24,34). Domingo | 31\/03 \u2013 Solenidade da Ressurrei\u00e7\u00e3o do Senhor. In\u00edcio da Oitava da P\u00e1scoa. Missas como de costume: \u00e0s 09h, \u00e0s 11h e \u00e0s 18h30. 2\u00aa Feira | 01\/04 \u2013 Nesta Segunda-feira, por ser a Oitava da P\u00e1scoa,<a class=\"more-link\" href=\"https:\/\/www.paroquia-damaia.pt\/old\/comunicacoes-paroquiais-31-03-2024\/\">Continuar lendo <span class=\"screen-reader-text\">&#8220;Comunica\u00e7\u00f5es Paroquiais &#8211; 31\/03\/2024&#8221;<\/span><\/a><\/p>\n","protected":false},"author":5,"featured_media":0,"comment_status":"closed","ping_status":"open","sticky":false,"template":"","format":"standard","meta":{"footnotes":""},"categories":[4],"tags":[],"class_list":["post-40342","post","type-post","status-publish","format-standard","hentry","category-avisos-paroquiais","entry"],"_links":{"self":[{"href":"https:\/\/www.paroquia-damaia.pt\/old\/wp-json\/wp\/v2\/posts\/40342","targetHints":{"allow":["GET"]}}],"collection":[{"href":"https:\/\/www.paroquia-damaia.pt\/old\/wp-json\/wp\/v2\/posts"}],"about":[{"href":"https:\/\/www.paroquia-damaia.pt\/old\/wp-json\/wp\/v2\/types\/post"}],"author":[{"embeddable":true,"href":"https:\/\/www.paroquia-damaia.pt\/old\/wp-json\/wp\/v2\/users\/5"}],"replies":[{"embeddable":true,"href":"https:\/\/www.paroquia-damaia.pt\/old\/wp-json\/wp\/v2\/comments?post=40342"}],"version-history":[{"count":1,"href":"https:\/\/www.paroquia-damaia.pt\/old\/wp-json\/wp\/v2\/posts\/40342\/revisions"}],"predecessor-version":[{"id":40343,"href":"https:\/\/www.paroquia-damaia.pt\/old\/wp-json\/wp\/v2\/posts\/40342\/revisions\/40343"}],"wp:attachment":[{"href":"https:\/\/www.paroquia-damaia.pt\/old\/wp-json\/wp\/v2\/media?parent=40342"}],"wp:term":[{"taxonomy":"category","embeddable":true,"href":"https:\/\/www.paroquia-damaia.pt\/old\/wp-json\/wp\/v2\/categories?post=40342"},{"taxonomy":"post_tag","embeddable":true,"href":"https:\/\/www.paroquia-damaia.pt\/old\/wp-json\/wp\/v2\/tags?post=40342"}],"curies":[{"name":"wp","href":"https:\/\/api.w.org\/{rel}","templated":true}]}}