{"id":40345,"date":"2024-04-07T20:10:51","date_gmt":"2024-04-07T19:10:51","guid":{"rendered":"https:\/\/www.paroquia-damaia.pt\/old\/?p=40345"},"modified":"2024-04-07T20:10:51","modified_gmt":"2024-04-07T19:10:51","slug":"comunicacoes-paroquiais-07-04-2024","status":"publish","type":"post","link":"https:\/\/www.paroquia-damaia.pt\/old\/comunicacoes-paroquiais-07-04-2024\/","title":{"rendered":"Comunica\u00e7\u00f5es Paroquiais &#8211; 07\/04\/2024"},"content":{"rendered":"\n<p class=\"has-text-align-center\"><strong>2\u00ba Domingo da P\u00e1scoa<\/strong><\/p>\n\n\n\n<p class=\"has-text-align-center\">Divina Miseric\u00f3rdia <\/p>\n\n\n\n<p class=\"has-text-align-center\"><strong><em>\u00a0\u201cEm seu nome havia de ser pregado o arrependimento e o perd\u00e3o dos pecados\u00a0 a todas as na\u00e7\u00f5es\u201d (Lc 24,48<\/em><\/strong><em>).<\/em><\/p>\n\n\n\n<p><strong><em><u>Domingo | 07\/04<\/u><\/em><\/strong><strong> <\/strong>\u2013 <strong>Domingo da Divina Miseric\u00f3rdia<\/strong>. Al\u00e9m das missas, como de costume teremos tamb\u00e9m o <strong>Ter\u00e7o da Miseric\u00f3rdia<\/strong>, \u00e0s 15h e adora\u00e7\u00e3o eucar\u00edstica at\u00e9 \u00e0s 18h.<\/p>\n\n\n\n<p><strong><em><u>2\u00aa Feira | 08\/04<\/u><\/em><\/strong><strong> <\/strong>\u2013 <strong>Solenidade da Anuncia\u00e7\u00e3o do Senho<\/strong>r. Missas \u00e0s <strong>09h<\/strong> e \u00e0s <strong>19h<\/strong>. Tamb\u00e9m nesta 2\u00aaFeira da Miseric\u00f3rdia e do Bom Samaritano, <strong>a Pastoral da Sa\u00fade<\/strong> desafia-nos, e todos os visitadores de doentes, e ministros a saciarem-se do lado de Cristo e a renovarem-se espiritualmente para o servi\u00e7o da miseric\u00f3rdia e da compaix\u00e3o aos irm\u00e3os fr\u00e1geis e doentes e no servi\u00e7o \u00e0 vida e \u00e0 sa\u00fade.<\/p>\n\n\n\n<p><strong><em><u>3\u00aa Feira | 09\/04<\/u><\/em><\/strong><strong><em> <\/em><\/strong><em>\u2013 <\/em>In\u00edcio do <strong>3\u00ba Trimestre da Catequese<\/strong>. Reuni\u00e3o da <strong>Comiss\u00e3o Permanente<\/strong>, \u00e0s 21h. <strong>&nbsp;<\/strong><\/p>\n\n\n\n<p><strong><em><u>4\u00aa Feira | 10\/04<\/u><\/em><\/strong><strong><em> \u2013 <\/em><\/strong>Missas com a <strong>Novena Perp\u00e9tua<\/strong>. Encontro com o <strong>Grupo NSPS<\/strong>&nbsp; (20h).<\/p>\n\n\n\n<p><strong><em><u>5\u00aa Feira | 11\/04<\/u><\/em><\/strong><strong><em> <\/em><\/strong><em>\u2013 <\/em><strong>Adora\u00e7\u00e3o<\/strong> ao Sant\u00edssimo Sacramento, \u00e0s 18h15; <strong><em>Via-lucis<\/em><\/strong> com a Catequese de Adultos, \u00e0s 21h, na Capela do Centro.<\/p>\n\n\n\n<p><strong><em><u>6\u00aa Feira | 12\/04<\/u><\/em><\/strong><strong><em> <\/em><\/strong><strong>\u2013 <\/strong>Reuni\u00e3o da <strong>Comiss\u00e3o de Obras e de Arquitetura<\/strong> (21h).<\/p>\n\n\n\n<p><strong><em><u>S\u00e1bado | 13\/04<\/u><\/em><\/strong><strong><em> \u2013 <\/em><\/strong>Encontro mensal de <strong>ac\u00f3litos<\/strong> (15h30). <strong>Catequese<\/strong> \u2013 Festa da Vida (18h30).<\/p>\n\n\n\n<p><strong><em><u>Domingo | 14\/04<\/u><\/em><\/strong><strong><em> \u2013 <\/em><\/strong><strong>3\u00ba Domingo da P\u00e1scoa. <\/strong>&nbsp;<\/p>\n\n\n\n<p><strong>Aos aniversariantes <\/strong>desta semana desejamos muitas e copiosas b\u00ean\u00e7\u00e3os do Sant\u00edssimo Redentor e a Prote\u00e7\u00e3o da M\u00e3e de Deus.<\/p>\n\n\n\n<p><strong>Peregrina\u00e7\u00e3o a Lourdes<\/strong>, com visitas a algumas cidades de Espanha, <strong>de 23 a 28 de setembro<\/strong> <strong>de 2024<\/strong>. Informa\u00e7\u00f5es na Secretaria Paroquial.&nbsp;<\/p>\n\n\n\n<p>At\u00e9 o pr\u00f3ximo Domingo podemos entregar ainda a <strong>Ren\u00fancia Quaresmal<\/strong>.<\/p>\n\n\n\n<p>Todas as quintas-feiras celebraremos a <strong><em>Via lucis<\/em><\/strong>, \u00e0s 21h, na Capela do Centro Pastoral. Convidamos a participar.<\/p>\n\n\n\n<p>Este ano pretendemos participar do <strong>Encontro Nacional de Ac\u00f3litos<\/strong>, em F\u00e1tima que ser\u00e1 realizado no dia 01 de maio. Pedimos que os pais apoiem os ac\u00f3litos a aderirem a esta ideia. Bem-haja.&nbsp; &nbsp;&nbsp;<\/p>\n\n\n\n<p>Pe. Crist\u00f3v\u00e3o Dworak, CSsR \u2013 o P\u00e1roco<\/p>\n\n\n\n<p>Damaia, 07 de Abril de 2024<\/p>\n","protected":false},"excerpt":{"rendered":"<p>2\u00ba Domingo da P\u00e1scoa Divina Miseric\u00f3rdia \u00a0\u201cEm seu nome havia de ser pregado o arrependimento e o perd\u00e3o dos pecados\u00a0 a todas as na\u00e7\u00f5es\u201d (Lc 24,48). Domingo | 07\/04 \u2013 Domingo da Divina Miseric\u00f3rdia. Al\u00e9m das missas, como de costume teremos tamb\u00e9m o Ter\u00e7o da Miseric\u00f3rdia, \u00e0s 15h e adora\u00e7\u00e3o eucar\u00edstica at\u00e9 \u00e0s 18h. 2\u00aa<a class=\"more-link\" href=\"https:\/\/www.paroquia-damaia.pt\/old\/comunicacoes-paroquiais-07-04-2024\/\">Continuar lendo <span class=\"screen-reader-text\">&#8220;Comunica\u00e7\u00f5es Paroquiais &#8211; 07\/04\/2024&#8221;<\/span><\/a><\/p>\n","protected":false},"author":5,"featured_media":0,"comment_status":"closed","ping_status":"open","sticky":false,"template":"","format":"standard","meta":{"footnotes":""},"categories":[4],"tags":[],"class_list":["post-40345","post","type-post","status-publish","format-standard","hentry","category-avisos-paroquiais","entry"],"_links":{"self":[{"href":"https:\/\/www.paroquia-damaia.pt\/old\/wp-json\/wp\/v2\/posts\/40345","targetHints":{"allow":["GET"]}}],"collection":[{"href":"https:\/\/www.paroquia-damaia.pt\/old\/wp-json\/wp\/v2\/posts"}],"about":[{"href":"https:\/\/www.paroquia-damaia.pt\/old\/wp-json\/wp\/v2\/types\/post"}],"author":[{"embeddable":true,"href":"https:\/\/www.paroquia-damaia.pt\/old\/wp-json\/wp\/v2\/users\/5"}],"replies":[{"embeddable":true,"href":"https:\/\/www.paroquia-damaia.pt\/old\/wp-json\/wp\/v2\/comments?post=40345"}],"version-history":[{"count":1,"href":"https:\/\/www.paroquia-damaia.pt\/old\/wp-json\/wp\/v2\/posts\/40345\/revisions"}],"predecessor-version":[{"id":40346,"href":"https:\/\/www.paroquia-damaia.pt\/old\/wp-json\/wp\/v2\/posts\/40345\/revisions\/40346"}],"wp:attachment":[{"href":"https:\/\/www.paroquia-damaia.pt\/old\/wp-json\/wp\/v2\/media?parent=40345"}],"wp:term":[{"taxonomy":"category","embeddable":true,"href":"https:\/\/www.paroquia-damaia.pt\/old\/wp-json\/wp\/v2\/categories?post=40345"},{"taxonomy":"post_tag","embeddable":true,"href":"https:\/\/www.paroquia-damaia.pt\/old\/wp-json\/wp\/v2\/tags?post=40345"}],"curies":[{"name":"wp","href":"https:\/\/api.w.org\/{rel}","templated":true}]}}