{"id":40350,"date":"2024-04-14T08:41:29","date_gmt":"2024-04-14T07:41:29","guid":{"rendered":"https:\/\/www.paroquia-damaia.pt\/old\/?p=40350"},"modified":"2024-04-14T08:41:29","modified_gmt":"2024-04-14T07:41:29","slug":"comunicacoes-paroquiais-14-04-2024","status":"publish","type":"post","link":"https:\/\/www.paroquia-damaia.pt\/old\/comunicacoes-paroquiais-14-04-2024\/","title":{"rendered":"Comunica\u00e7\u00f5es Paroquiais &#8211; 14\/04\/2024"},"content":{"rendered":"\n<p class=\"has-text-align-center\"><strong>3\u00ba Domingo da P\u00e1scoa <em>\u00a0<\/em><\/strong><\/p>\n\n\n\n<p class=\"has-text-align-center\"><strong><em>\u201cAbriu-lhes ent\u00e3o o entendimento para compreenderem as Escrituras\u201d (Lc 24,45<\/em><\/strong><em>).<\/em><\/p>\n\n\n\n<p><strong><em><u>Domingo | 14\/04<\/u><\/em><\/strong><strong> <\/strong>\u2013 Come\u00e7a a <strong>Semana de Ora\u00e7\u00e3o<\/strong> pelas Voca\u00e7\u00f5es Consagradas. &nbsp;<\/p>\n\n\n\n<p><strong><em><u>3\u00aa Feira | 16\/04<\/u><\/em><\/strong><strong><em> <\/em><\/strong><em>\u2013 <\/em><strong>Estudos B\u00edblicos<\/strong> para Leitores (19h45). <strong>&nbsp;<\/strong><\/p>\n\n\n\n<p><strong><em><u>4\u00aa Feira | 17\/04<\/u><\/em><\/strong><strong><em> \u2013 <\/em><\/strong>Missas com a <strong>Novena Perp\u00e9tua<\/strong>. &nbsp;<\/p>\n\n\n\n<p><strong><em><u>5\u00aa Feira | 18\/04<\/u><\/em><\/strong><strong><em> <\/em><\/strong><em>\u2013 <\/em><strong>Adora\u00e7\u00e3o<\/strong> ao Sant\u00edssimo Sacramento, \u00e0s 18h15; Exposi\u00e7\u00e3o do Sant\u00edssimo Sacramento e <strong><em>Via-lucis<\/em><\/strong>; convidamos especialmente os MEC (21h), na Capela do Centro.<\/p>\n\n\n\n<p><strong><em><u>6\u00aa Feira | 19\/04<\/u><\/em><\/strong><strong><em> <\/em><\/strong><strong>\u2013 Novena <\/strong>a S\u00e3o Jos\u00e9, \u00e0s 18h.<strong> <\/strong>&nbsp;<\/p>\n\n\n\n<p><strong><em><u>S\u00e1bado | 20\/04<\/u><\/em><\/strong><strong><em> <\/em><\/strong><em>\u2013 <\/em><strong>Retiro dos MEC<\/strong>, em Alfragide, coordenado por Pe. J\u00falio. <strong>Mil Ave Marias<\/strong> (Capela, 08h30). Encontro para <strong>Pais e Padrinhos<\/strong> (10h). <strong>Batizados<\/strong> (11h). Missa na <strong>Damaia de Baixo<\/strong> (17h). <strong>Retiro dos Crismandos<\/strong>. Festa do <strong>Pai nosso<\/strong> (2\u00ba Cat.). <strong>Festival Vicarial<\/strong> da Juventude.<strong> <\/strong>&nbsp;<\/p>\n\n\n\n<p><strong><em><u>Domingo | 21\/04<\/u><\/em><\/strong><strong><em> \u2013 <\/em><\/strong><strong>4\u00ba Domingo da P\u00e1scoa \u2013 <\/strong>Domingo do Bom Pastor e Dia Mundial de ora\u00e7\u00f5es pelas Voca\u00e7\u00f5es. &nbsp;<\/p>\n\n\n\n<p><strong>Aos aniversariantes <\/strong>desta semana desejamos muitas e copiosas b\u00ean\u00e7\u00e3os do Sant\u00edssimo Redentor e a Prote\u00e7\u00e3o da M\u00e3e de Deus.<\/p>\n\n\n\n<p><strong>Peregrina\u00e7\u00e3o a Lourdes<\/strong>, com visitas a algumas cidades de Espanha, <strong>de 23 a 28 de setembro<\/strong> <strong>de 2024<\/strong>. Informa\u00e7\u00f5es na Secretaria Paroquial.&nbsp;<\/p>\n\n\n\n<p>Este ano pretendemos participar do <strong>Encontro Nacional de Ac\u00f3litos<\/strong>, em F\u00e1tima que ser\u00e1 realizado no dia 01 de maio. Pedimos que os pais apoiem os ac\u00f3litos a aderirem a esta ideia. Bem-haja.&nbsp;<\/p>\n\n\n\n<p>Veja algumas <strong>fotos da Semana Santa<\/strong> deste ano, que foram colocados na entrada do Centro Paroquial e n\u00e3o deixe de tomar um caf\u00e9 ou um ch\u00e1 e comer um bolinho.<\/p>\n\n\n\n<p>Confira dias e lugares de <strong>Reza dos Ter\u00e7o nas Pra\u00e7as<\/strong> que faremos no m\u00eas de maio. Desde j\u00e1 se sinta convidado a participar.<\/p>\n\n\n\n<p>Inscri\u00e7\u00f5es a <strong>Ateli\u00ea de Costura<\/strong>. Informa\u00e7\u00f5es na Secretaria.<\/p>\n\n\n\n<p><strong>Doe algum alimento<\/strong> (leite, azeite, \u00f3leo, enlatados), a fim de refor\u00e7as as nossas cestas para os mais carenciados. Bem-haja.<\/p>\n\n\n\n<p><strong>Encontro de Volunt\u00e1rios<\/strong> da JMJ e das <strong>Fam\u00edlias de Acolhimento<\/strong>, no pr\u00f3ximo s\u00e1bado, dia 20 de abril: Santa Missa (18h30), conv\u00edvio e momento de ora\u00e7\u00e3o (21h). Participe. &nbsp;&nbsp;<\/p>\n\n\n\n<p>Pe. Crist\u00f3v\u00e3o Dworak, CSsR \u2013 o P\u00e1roco<\/p>\n\n\n\n<p>Damaia, 14 de Abril de 2024<\/p>\n","protected":false},"excerpt":{"rendered":"<p>3\u00ba Domingo da P\u00e1scoa \u00a0 \u201cAbriu-lhes ent\u00e3o o entendimento para compreenderem as Escrituras\u201d (Lc 24,45). Domingo | 14\/04 \u2013 Come\u00e7a a Semana de Ora\u00e7\u00e3o pelas Voca\u00e7\u00f5es Consagradas. &nbsp; 3\u00aa Feira | 16\/04 \u2013 Estudos B\u00edblicos para Leitores (19h45). &nbsp; 4\u00aa Feira | 17\/04 \u2013 Missas com a Novena Perp\u00e9tua. &nbsp; 5\u00aa Feira | 18\/04 \u2013<a class=\"more-link\" href=\"https:\/\/www.paroquia-damaia.pt\/old\/comunicacoes-paroquiais-14-04-2024\/\">Continuar lendo <span class=\"screen-reader-text\">&#8220;Comunica\u00e7\u00f5es Paroquiais &#8211; 14\/04\/2024&#8221;<\/span><\/a><\/p>\n","protected":false},"author":5,"featured_media":0,"comment_status":"closed","ping_status":"open","sticky":false,"template":"","format":"standard","meta":{"footnotes":""},"categories":[4],"tags":[],"class_list":["post-40350","post","type-post","status-publish","format-standard","hentry","category-avisos-paroquiais","entry"],"_links":{"self":[{"href":"https:\/\/www.paroquia-damaia.pt\/old\/wp-json\/wp\/v2\/posts\/40350","targetHints":{"allow":["GET"]}}],"collection":[{"href":"https:\/\/www.paroquia-damaia.pt\/old\/wp-json\/wp\/v2\/posts"}],"about":[{"href":"https:\/\/www.paroquia-damaia.pt\/old\/wp-json\/wp\/v2\/types\/post"}],"author":[{"embeddable":true,"href":"https:\/\/www.paroquia-damaia.pt\/old\/wp-json\/wp\/v2\/users\/5"}],"replies":[{"embeddable":true,"href":"https:\/\/www.paroquia-damaia.pt\/old\/wp-json\/wp\/v2\/comments?post=40350"}],"version-history":[{"count":1,"href":"https:\/\/www.paroquia-damaia.pt\/old\/wp-json\/wp\/v2\/posts\/40350\/revisions"}],"predecessor-version":[{"id":40351,"href":"https:\/\/www.paroquia-damaia.pt\/old\/wp-json\/wp\/v2\/posts\/40350\/revisions\/40351"}],"wp:attachment":[{"href":"https:\/\/www.paroquia-damaia.pt\/old\/wp-json\/wp\/v2\/media?parent=40350"}],"wp:term":[{"taxonomy":"category","embeddable":true,"href":"https:\/\/www.paroquia-damaia.pt\/old\/wp-json\/wp\/v2\/categories?post=40350"},{"taxonomy":"post_tag","embeddable":true,"href":"https:\/\/www.paroquia-damaia.pt\/old\/wp-json\/wp\/v2\/tags?post=40350"}],"curies":[{"name":"wp","href":"https:\/\/api.w.org\/{rel}","templated":true}]}}