{"id":40358,"date":"2024-05-10T11:00:09","date_gmt":"2024-05-10T10:00:09","guid":{"rendered":"https:\/\/www.paroquia-damaia.pt\/old\/?p=40358"},"modified":"2024-05-10T11:00:09","modified_gmt":"2024-05-10T10:00:09","slug":"comunicacoes-paroquiais-28-04-2024","status":"publish","type":"post","link":"https:\/\/www.paroquia-damaia.pt\/old\/comunicacoes-paroquiais-28-04-2024\/","title":{"rendered":"Comunica\u00e7\u00f5es Paroquiais &#8211; 28\/04\/2024"},"content":{"rendered":"\n<p class=\"has-text-align-center\"><strong>5\u00ba Domingo da P\u00e1scoa&nbsp;<\/strong><\/p>\n\n\n\n<p class=\"has-text-align-center\"><strong><em>&nbsp;\u201cSe algu\u00e9m permanece em Mim e Eu nele, esse d\u00e1 muito fruto, porque sem Mim nada podeis fazer\u201d<\/em><\/strong><\/p>\n\n\n\n<p class=\"has-text-align-right\"><strong><em>(Jo 15,5<\/em><\/strong><em>).<\/em><\/p>\n\n\n\n<p><strong><em><u>2\u00aa Feira | 29\/04<\/u><\/em><\/strong><strong><em> <\/em><\/strong>\u2013 Mem\u00f3ria de <strong>S. Catarina de Sena, <\/strong>Virgem e doutora da Igreja, Padroeira da Europa. <strong>&nbsp;<\/strong><\/p>\n\n\n\n<p><strong><em><u>3\u00aa Feira | 30\/04<\/u><\/em><\/strong><strong><em> \u2013 <\/em><\/strong>Mem\u00f3ria de <strong>S. Pio V<\/strong>, Papa. Iniciamos os <strong>Ter\u00e7os na Pra\u00e7a<\/strong>. Nesta 3\u00aa feira, na <strong>Praceta Rua Conde de Tomar<\/strong> (Damaia de Baixo) e na <strong>Pra\u00e7a Jo\u00e3o de Almeida<\/strong> (Damaia), \u00e0s 21h. Trazer as velas. <strong><\/strong><\/p>\n\n\n\n<p><strong><em><u>4\u00aa Feira | 01\/05<\/u><\/em><\/strong><strong><em> \u2013 <\/em><\/strong>Mem\u00f3ria de <strong>S. Jos\u00e9 Oper\u00e1rio. <\/strong>Comemora\u00e7\u00e3o do<strong> 55\u00ba Anivers\u00e1rio da Funda\u00e7\u00e3o da Par\u00f3quia do Sant\u00edssimo Redentor. <\/strong>O dia da<strong> Peregrina\u00e7\u00e3o Nacional dos Ac\u00f3litos <\/strong>para F\u00e1tima<strong>. <\/strong>Missas comemorativas com a <strong>Novena Perp\u00e9tua<\/strong>. &nbsp;<\/p>\n\n\n\n<p><strong><em><u>5\u00aa Feira | 02\/05<\/u><\/em><\/strong><strong><em> <\/em><\/strong><em>\u2013 <\/em>Mem\u00f3ria de <strong>S. Atan\u00e1sio<\/strong>, bispo e doutor da Igreja. <strong>Adora\u00e7\u00e3o<\/strong> ao Sant\u00edssimo Sacramento, \u00e0s 18h15. <strong><em>Via-lucis<\/em><\/strong>, sob a coordena\u00e7\u00e3o dos Volunt\u00e1rios da JMJ (21h).<\/p>\n\n\n\n<p><strong><em><u>6\u00aa Feira | 03\/05<\/u><\/em><\/strong><strong><em> <\/em><\/strong>&nbsp;&#8211; Festa de <strong>Santos Filipe e Tiago<\/strong>, Ap\u00f3stolos. <strong>1\u00aa Sexta \u2013 feira<\/strong> do m\u00eas. Missas com <strong>b\u00ean\u00e7\u00e3o eucar\u00edstica<\/strong>. Reuni\u00e3o da <strong>Comiss\u00e3o Permanente<\/strong> do CPP (21h).<\/p>\n\n\n\n<p><strong><em><u>S\u00e1bado | 04\/05<\/u><\/em><\/strong><strong><em> <\/em><\/strong><em>\u2013 <\/em><strong>1\u00ba S\u00e1bado<\/strong> do m\u00eas. <strong>Peregrina\u00e7\u00e3o<\/strong> Paroquial para F\u00e1tima. Queremos comunicar que devido ao pre\u00e7o atual do aluguel de autocarro, torna se necess\u00e1rio subir o pre\u00e7o do <strong>bilhete<\/strong> para <strong>15\u20ac<\/strong>, a partir do m\u00eas de junho. <strong>Festa de Ave Maria<\/strong> do 1\u00ba e 2\u00ba Catecismo, na missa \u00e0s 18h30. Depois da Missa, \u00e0s 19h45, teremos ainda o <strong>Bingo de Jovens<\/strong>. Convidamos.<\/p>\n\n\n\n<p><strong><em><u>Domingo | 05\/05<\/u><\/em><\/strong><strong><em> <\/em><\/strong><em>\u2013 <\/em><strong>Dia da M\u00e3e<\/strong>. Parabenizamos e rezamos por todas as m\u00e3es, vivas e falecidas.<\/p>\n\n\n\n<p><strong>Aos aniversariantes <\/strong>desta semana desejamos muitas e copiosas b\u00ean\u00e7\u00e3os do Sant\u00edssimo Redentor e a Prote\u00e7\u00e3o da M\u00e3e de Deus.<\/p>\n\n\n\n<p>Confira dias e lugares de <strong>Reza do Ter\u00e7o nas Pra\u00e7as<\/strong> que faremos neste m\u00eas de maio, com a presen\u00e7a dos Mission\u00e1rios e Mission\u00e1rias do ANIMAG. Venha e participe. Traga a sua vela.<\/p>\n\n\n\n<p><strong>Doe algum alimento<\/strong> (leite, azeite, \u00f3leo, enlatados), a fim de refor\u00e7as as nossas cestas para os mais carenciados. Bem-haja.<\/p>\n\n\n\n<p>Pe. Crist\u00f3v\u00e3o Dworak, CSsR \u2013 o P\u00e1roco<\/p>\n\n\n\n<p>Damaia, 28 de Abril de 2024<\/p>\n\n\n\n<p><\/p>\n","protected":false},"excerpt":{"rendered":"<p>5\u00ba Domingo da P\u00e1scoa&nbsp; &nbsp;\u201cSe algu\u00e9m permanece em Mim e Eu nele, esse d\u00e1 muito fruto, porque sem Mim nada podeis fazer\u201d (Jo 15,5). 2\u00aa Feira | 29\/04 \u2013 Mem\u00f3ria de S. Catarina de Sena, Virgem e doutora da Igreja, Padroeira da Europa. &nbsp; 3\u00aa Feira | 30\/04 \u2013 Mem\u00f3ria de S. Pio V, Papa.<a class=\"more-link\" href=\"https:\/\/www.paroquia-damaia.pt\/old\/comunicacoes-paroquiais-28-04-2024\/\">Continuar lendo <span class=\"screen-reader-text\">&#8220;Comunica\u00e7\u00f5es Paroquiais &#8211; 28\/04\/2024&#8221;<\/span><\/a><\/p>\n","protected":false},"author":5,"featured_media":0,"comment_status":"closed","ping_status":"open","sticky":false,"template":"","format":"standard","meta":{"footnotes":""},"categories":[4],"tags":[],"class_list":["post-40358","post","type-post","status-publish","format-standard","hentry","category-avisos-paroquiais","entry"],"_links":{"self":[{"href":"https:\/\/www.paroquia-damaia.pt\/old\/wp-json\/wp\/v2\/posts\/40358","targetHints":{"allow":["GET"]}}],"collection":[{"href":"https:\/\/www.paroquia-damaia.pt\/old\/wp-json\/wp\/v2\/posts"}],"about":[{"href":"https:\/\/www.paroquia-damaia.pt\/old\/wp-json\/wp\/v2\/types\/post"}],"author":[{"embeddable":true,"href":"https:\/\/www.paroquia-damaia.pt\/old\/wp-json\/wp\/v2\/users\/5"}],"replies":[{"embeddable":true,"href":"https:\/\/www.paroquia-damaia.pt\/old\/wp-json\/wp\/v2\/comments?post=40358"}],"version-history":[{"count":1,"href":"https:\/\/www.paroquia-damaia.pt\/old\/wp-json\/wp\/v2\/posts\/40358\/revisions"}],"predecessor-version":[{"id":40359,"href":"https:\/\/www.paroquia-damaia.pt\/old\/wp-json\/wp\/v2\/posts\/40358\/revisions\/40359"}],"wp:attachment":[{"href":"https:\/\/www.paroquia-damaia.pt\/old\/wp-json\/wp\/v2\/media?parent=40358"}],"wp:term":[{"taxonomy":"category","embeddable":true,"href":"https:\/\/www.paroquia-damaia.pt\/old\/wp-json\/wp\/v2\/categories?post=40358"},{"taxonomy":"post_tag","embeddable":true,"href":"https:\/\/www.paroquia-damaia.pt\/old\/wp-json\/wp\/v2\/tags?post=40358"}],"curies":[{"name":"wp","href":"https:\/\/api.w.org\/{rel}","templated":true}]}}