{"id":40360,"date":"2024-05-10T11:04:21","date_gmt":"2024-05-10T10:04:21","guid":{"rendered":"https:\/\/www.paroquia-damaia.pt\/old\/?p=40360"},"modified":"2024-05-10T11:04:21","modified_gmt":"2024-05-10T10:04:21","slug":"comunicacoes-paroquiais-05-05-2024","status":"publish","type":"post","link":"https:\/\/www.paroquia-damaia.pt\/old\/comunicacoes-paroquiais-05-05-2024\/","title":{"rendered":"Comunica\u00e7\u00f5es Paroquiais &#8211; 05\/05\/2024"},"content":{"rendered":"\n<p class=\"has-text-align-center\"><strong>6\u00ba Domingo da P\u00e1scoa&nbsp;<\/strong><\/p>\n\n\n\n<p class=\"has-text-align-center\"><strong><em>&nbsp;\u201cPermanecei no meu amor\u201d<\/em><\/strong><\/p>\n\n\n\n<p class=\"has-text-align-right\"><em>(Jo 15,9).<\/em><\/p>\n\n\n\n<p><strong><em><u>Domingo | 05\/05<\/u><\/em><\/strong><strong><em> &#8211; <\/em><\/strong><strong>Dia das M\u00e3es<\/strong>. Parabenizamos e rezamos por todas as m\u00e3es, vivas e falecidas.<strong><em><u><\/u><\/em><\/strong><\/p>\n\n\n\n<p><strong><em><u>2\u00aa Feira | 06\/05<\/u><\/em><\/strong><strong><em> <\/em><\/strong>\u2013 Reuni\u00e3o do <strong>Conselho Econ\u00f3mico Paroquial<\/strong> (19h); <strong>Estudos B\u00edblico-lit\u00fargicos<\/strong> para Leitores (19h45); Reuni\u00e3o com a <strong>Equipa de Arquitetos<\/strong> e de Obras (21h). <strong>&nbsp;<\/strong><\/p>\n\n\n\n<p><strong><em><u>3\u00aa Feira | 07\/05<\/u><\/em><\/strong><strong><em> \u2013 <\/em><\/strong><strong>Ter\u00e7o nas Pra\u00e7a: <\/strong>esta 3\u00aa feira, no <strong>Parque Goa<\/strong> (Damaia de Baixo) e no <strong>Parque ao lado da Pra\u00e7a Nat\u00e1lia Correia<\/strong> (Damaia), \u00e0s 21h. Trazer as velas. <strong>Confiss\u00f5es<\/strong> para Crismandos (19h). <strong><\/strong><\/p>\n\n\n\n<p><strong><em><u>4\u00aa Feira | 08\/05<\/u><\/em><\/strong><strong><em> \u2013 <\/em><\/strong>Missas com a <strong>Novena Perp\u00e9tua<\/strong>. &nbsp;<\/p>\n\n\n\n<p><strong><em><u>5\u00aa Feira | 09\/05<\/u><\/em><\/strong><strong><em> <\/em><\/strong><em>\u2013 <\/em><strong>Adora\u00e7\u00e3o<\/strong> ao Sant\u00edssimo Sacramento, \u00e0s 18h15. <strong><em>Via-lucis<\/em><\/strong>, sob a coordena\u00e7\u00e3o da Pastoral Social (21h).<\/p>\n\n\n\n<p><strong><em><u>6\u00aa Feira | 10\/05<\/u><\/em><\/strong><strong><em> <\/em><\/strong>&#8211; Mem\u00f3ria de <strong>S. Jo\u00e3o de \u00c1vila<\/strong>, presb\u00edtero e Doutor da Igreja.<\/p>\n\n\n\n<p><strong><em><u>S\u00e1bado | 11\/05<\/u><\/em><\/strong><strong><em> <\/em><\/strong><em>\u2013 <\/em>Al\u00e9m das missas de costume, teremos tamb\u00e9m a <strong>Santa Missa com Crismas<\/strong>, \u00e0s 16h, presidida por D. Joaquim Mendes. &nbsp;<\/p>\n\n\n\n<p><strong><em><u>Domingo | 12\/05<\/u> <\/em><\/strong><em>\u2013 <\/em>Solenidade da <strong>Ascens\u00e3o do Senhor<\/strong>. Dia Mundial dos Meios de Comunica\u00e7\u00e3o Social. Ofert\u00f3rio para os Meios de Comunica\u00e7\u00e3o Social. <strong>Prociss\u00e3o pelas ruas da Damaia<\/strong> com a imagem de Nossa Senhora do Ros\u00e1rio de F\u00e1tima (21h).<\/p>\n\n\n\n<p>No dia 13 de maio faremos um dia de <strong>Ora\u00e7\u00e3o de Ter\u00e7o<\/strong> de manh\u00e3, a partir das 09h30 at\u00e9 \u00e0 missa da tarde, \u00e0s 19h. Neste dia teremos tamb\u00e9m o <strong>encontro<\/strong> com o novo <strong>Provincial dos Redentoristas da Prov\u00edncia Europa Sul<\/strong> (21h).<\/p>\n\n\n\n<p><strong>Aos aniversariantes <\/strong>desta semana desejamos muitas e copiosas b\u00ean\u00e7\u00e3os do Sant\u00edssimo Redentor e a Prote\u00e7\u00e3o da M\u00e3e de Deus.<\/p>\n\n\n\n<p>Queremos comunicar ao que costumam fazer a sua peregrina\u00e7\u00e3o mensal para F\u00e1tima, que devido ao pre\u00e7o atual do aluguer do autocarro, torna se necess\u00e1rio subir o pre\u00e7o do <strong>bilhete<\/strong> para <strong>15\u20ac<\/strong>, a partir do m\u00eas de junho.<\/p>\n\n\n\n<p>Confira dias e lugares de <strong>Reza do Ter\u00e7o nas Pra\u00e7as<\/strong> que faremos neste m\u00eas de maio, com a presen\u00e7a dos Mission\u00e1rios e Mission\u00e1rias do ANIMAG. Venha e participe. Traga a sua vela.<\/p>\n\n\n\n<p><strong>Doe algum alimento<\/strong> (leite, azeite, \u00f3leo, enlatados), a fim de refor\u00e7as as nossas cestas para os mais carenciados. Bem-haja.<\/p>\n\n\n\n<p>Pe. Crist\u00f3v\u00e3o Dworak, CSsR \u2013 o P\u00e1roco<\/p>\n\n\n\n<p>Damaia, 05 de Maio de 2024<\/p>\n\n\n\n<p><\/p>\n","protected":false},"excerpt":{"rendered":"<p>6\u00ba Domingo da P\u00e1scoa&nbsp; &nbsp;\u201cPermanecei no meu amor\u201d (Jo 15,9). Domingo | 05\/05 &#8211; Dia das M\u00e3es. Parabenizamos e rezamos por todas as m\u00e3es, vivas e falecidas. 2\u00aa Feira | 06\/05 \u2013 Reuni\u00e3o do Conselho Econ\u00f3mico Paroquial (19h); Estudos B\u00edblico-lit\u00fargicos para Leitores (19h45); Reuni\u00e3o com a Equipa de Arquitetos e de Obras (21h). &nbsp; 3\u00aa<a class=\"more-link\" href=\"https:\/\/www.paroquia-damaia.pt\/old\/comunicacoes-paroquiais-05-05-2024\/\">Continuar lendo <span class=\"screen-reader-text\">&#8220;Comunica\u00e7\u00f5es Paroquiais &#8211; 05\/05\/2024&#8221;<\/span><\/a><\/p>\n","protected":false},"author":5,"featured_media":0,"comment_status":"closed","ping_status":"open","sticky":false,"template":"","format":"standard","meta":{"footnotes":""},"categories":[4],"tags":[],"class_list":["post-40360","post","type-post","status-publish","format-standard","hentry","category-avisos-paroquiais","entry"],"_links":{"self":[{"href":"https:\/\/www.paroquia-damaia.pt\/old\/wp-json\/wp\/v2\/posts\/40360","targetHints":{"allow":["GET"]}}],"collection":[{"href":"https:\/\/www.paroquia-damaia.pt\/old\/wp-json\/wp\/v2\/posts"}],"about":[{"href":"https:\/\/www.paroquia-damaia.pt\/old\/wp-json\/wp\/v2\/types\/post"}],"author":[{"embeddable":true,"href":"https:\/\/www.paroquia-damaia.pt\/old\/wp-json\/wp\/v2\/users\/5"}],"replies":[{"embeddable":true,"href":"https:\/\/www.paroquia-damaia.pt\/old\/wp-json\/wp\/v2\/comments?post=40360"}],"version-history":[{"count":1,"href":"https:\/\/www.paroquia-damaia.pt\/old\/wp-json\/wp\/v2\/posts\/40360\/revisions"}],"predecessor-version":[{"id":40361,"href":"https:\/\/www.paroquia-damaia.pt\/old\/wp-json\/wp\/v2\/posts\/40360\/revisions\/40361"}],"wp:attachment":[{"href":"https:\/\/www.paroquia-damaia.pt\/old\/wp-json\/wp\/v2\/media?parent=40360"}],"wp:term":[{"taxonomy":"category","embeddable":true,"href":"https:\/\/www.paroquia-damaia.pt\/old\/wp-json\/wp\/v2\/categories?post=40360"},{"taxonomy":"post_tag","embeddable":true,"href":"https:\/\/www.paroquia-damaia.pt\/old\/wp-json\/wp\/v2\/tags?post=40360"}],"curies":[{"name":"wp","href":"https:\/\/api.w.org\/{rel}","templated":true}]}}