{"id":40362,"date":"2024-05-12T20:35:05","date_gmt":"2024-05-12T19:35:05","guid":{"rendered":"https:\/\/www.paroquia-damaia.pt\/old\/?p=40362"},"modified":"2024-05-12T20:35:05","modified_gmt":"2024-05-12T19:35:05","slug":"comunicacoes-paroquiais-12-05-2024","status":"publish","type":"post","link":"https:\/\/www.paroquia-damaia.pt\/old\/comunicacoes-paroquiais-12-05-2024\/","title":{"rendered":"Comunica\u00e7\u00f5es Paroquiais &#8211; 12\/05\/2024"},"content":{"rendered":"\n<p class=\"has-text-align-center\"><strong>7\u00ba Domingo da P\u00e1scoa \u2013 Ascens\u00e3o do Senhor<\/strong><\/p>\n\n\n\n<p class=\"has-text-align-center\"><strong><em>\u00a0\u201cIde por todo o mundo e pregai o Evangelho a toda a criatura\u201d <\/em><\/strong><em>(Mc 16,15).<\/em><\/p>\n\n\n\n<p><strong><em><u>Domingo | 12\/05<\/u><\/em><\/strong><strong><em> \u2013 <\/em><\/strong><strong>Solenidade da Ascens\u00e3o do Senhor. Dia Mundial dos Meios de Comunica\u00e7\u00e3o Social<\/strong>. Ofert\u00f3rio de hoje \u00e9 para os Meios de Comunica\u00e7\u00e3o Social. <strong>Ora\u00e7\u00e3o do ter\u00e7o e a Prociss\u00e3o<\/strong> no Largo da Igreja com a imagem de Nossa senhora do Ros\u00e1rio de F\u00e1tima (21h).<strong><em><u><\/u><\/em><\/strong><\/p>\n\n\n\n<p><strong><em><u>2\u00aa Feira | 13\/05<\/u><\/em><\/strong><strong><em> <\/em><\/strong>\u2013 Festa da <strong>Virgem Santa Maria do Ros\u00e1rio de F\u00e1tima<\/strong>. Missas \u00e0s &nbsp;09h e \u00e0s 19h. <strong>Jornada do Santo Ter\u00e7o<\/strong> durante todo o dia. Veja a grelha. Encontro com o <strong>Pe. Gennaro Sorrentino, CSSR<\/strong>, com as comunidades da Damaia, Venda Nova e Buraca, \u00e0s 21h. &nbsp;<strong>&nbsp;<\/strong><\/p>\n\n\n\n<p><strong><em><u>3\u00aa Feira | 14\/05<\/u><\/em><\/strong><strong><em> <\/em><\/strong><em>\u2013 <\/em>Festa de<strong> S. Matias, <\/strong>Ap\u00f3stolo.<strong> Ter\u00e7o nas Pra\u00e7a: <\/strong>esta 3\u00aa feira, na <strong>Praceta da \u00cdndia<\/strong> (Damaia de Baixo) e no <strong>Parque Urbano do Neudel<\/strong> (Damaia), \u00e0s 21h. Trazer as velas. <strong><\/strong><\/p>\n\n\n\n<p><strong><em><u>4\u00aa Feira | 15\/05<\/u><\/em><\/strong><strong><em> \u2013 <\/em><\/strong>Missas com a <strong>Novena Perp\u00e9tua<\/strong>. Reuni\u00e3o com a Equipa de N.S.P.S. (20h)<\/p>\n\n\n\n<p><strong><em><u>5\u00aa Feira | 16\/05<\/u><\/em><\/strong><strong><em> <\/em><\/strong><em>\u2013 <\/em><strong>Adora\u00e7\u00e3o<\/strong> ao Sant\u00edssimo Sacramento, \u00e0s 18h15. <strong><em>Via-lucis<\/em><\/strong>, sob a coordena\u00e7\u00e3o do Grupo Mission\u00e1rio Paroquial (21h).<\/p>\n\n\n\n<p><strong><em><u>S\u00e1bado | 18\/05<\/u><\/em><\/strong><strong><em> <\/em><\/strong><em>\u2013 <\/em>Mem\u00f3ria de <strong>S. Jo\u00e3o I<\/strong>, papa e m\u00e1rtir. <strong>Mil Ave Marias<\/strong> (08h); Forma\u00e7\u00e3o para <strong>Pais e Padrinhos<\/strong> (10h); <strong>Confiss\u00f5es<\/strong> da catequese (14h30); Missa na <strong>Damaia de Baixo<\/strong> (17h); <strong>Vig\u00edlia de Pentecostes<\/strong> (21h). Encontro Nacional de <strong>C\u00e1ritas<\/strong> em F\u00e1tima. &nbsp;<\/p>\n\n\n\n<p><strong><em><u>Domingo | 19\/05<\/u><\/em><\/strong><strong><em> <\/em><\/strong><em>\u2013 <\/em><strong>Solenidade de Pentecostes<\/strong>. Dia do <strong>Apostolado Leigo<\/strong>.<\/p>\n\n\n\n<p><strong>Aos aniversariantes <\/strong>desta semana desejamos muitas e copiosas b\u00ean\u00e7\u00e3os do Sant\u00edssimo Redentor e a Prote\u00e7\u00e3o da M\u00e3e de Deus.<\/p>\n\n\n\n<p><strong>Doe algum alimento<\/strong> (leite, azeite, \u00f3leo, enlatados), a fim de refor\u00e7as as nossas cestas para os mais carenciados. Bem-haja.<\/p>\n\n\n\n<p>Agradecemos ao Senhor pelo <strong>Sacramento da Confirma\u00e7\u00e3o<\/strong> celebrado neste s\u00e1bado e aos catequistas pelo empenho e pela miss\u00e3o realizada.&nbsp;<\/p>\n\n\n\n<p>Pe. Crist\u00f3v\u00e3o Dworak, CSsR \u2013 o P\u00e1roco<\/p>\n\n\n\n<p>Damaia, 12 de Maio de 2024<\/p>\n\n\n\n<p><\/p>\n","protected":false},"excerpt":{"rendered":"<p>7\u00ba Domingo da P\u00e1scoa \u2013 Ascens\u00e3o do Senhor \u00a0\u201cIde por todo o mundo e pregai o Evangelho a toda a criatura\u201d (Mc 16,15). Domingo | 12\/05 \u2013 Solenidade da Ascens\u00e3o do Senhor. Dia Mundial dos Meios de Comunica\u00e7\u00e3o Social. Ofert\u00f3rio de hoje \u00e9 para os Meios de Comunica\u00e7\u00e3o Social. Ora\u00e7\u00e3o do ter\u00e7o e a Prociss\u00e3o<a class=\"more-link\" href=\"https:\/\/www.paroquia-damaia.pt\/old\/comunicacoes-paroquiais-12-05-2024\/\">Continuar lendo <span class=\"screen-reader-text\">&#8220;Comunica\u00e7\u00f5es Paroquiais &#8211; 12\/05\/2024&#8221;<\/span><\/a><\/p>\n","protected":false},"author":5,"featured_media":0,"comment_status":"closed","ping_status":"open","sticky":false,"template":"","format":"standard","meta":{"footnotes":""},"categories":[4],"tags":[],"class_list":["post-40362","post","type-post","status-publish","format-standard","hentry","category-avisos-paroquiais","entry"],"_links":{"self":[{"href":"https:\/\/www.paroquia-damaia.pt\/old\/wp-json\/wp\/v2\/posts\/40362","targetHints":{"allow":["GET"]}}],"collection":[{"href":"https:\/\/www.paroquia-damaia.pt\/old\/wp-json\/wp\/v2\/posts"}],"about":[{"href":"https:\/\/www.paroquia-damaia.pt\/old\/wp-json\/wp\/v2\/types\/post"}],"author":[{"embeddable":true,"href":"https:\/\/www.paroquia-damaia.pt\/old\/wp-json\/wp\/v2\/users\/5"}],"replies":[{"embeddable":true,"href":"https:\/\/www.paroquia-damaia.pt\/old\/wp-json\/wp\/v2\/comments?post=40362"}],"version-history":[{"count":1,"href":"https:\/\/www.paroquia-damaia.pt\/old\/wp-json\/wp\/v2\/posts\/40362\/revisions"}],"predecessor-version":[{"id":40363,"href":"https:\/\/www.paroquia-damaia.pt\/old\/wp-json\/wp\/v2\/posts\/40362\/revisions\/40363"}],"wp:attachment":[{"href":"https:\/\/www.paroquia-damaia.pt\/old\/wp-json\/wp\/v2\/media?parent=40362"}],"wp:term":[{"taxonomy":"category","embeddable":true,"href":"https:\/\/www.paroquia-damaia.pt\/old\/wp-json\/wp\/v2\/categories?post=40362"},{"taxonomy":"post_tag","embeddable":true,"href":"https:\/\/www.paroquia-damaia.pt\/old\/wp-json\/wp\/v2\/tags?post=40362"}],"curies":[{"name":"wp","href":"https:\/\/api.w.org\/{rel}","templated":true}]}}