{"id":40366,"date":"2024-05-16T18:16:55","date_gmt":"2024-05-16T17:16:55","guid":{"rendered":"https:\/\/www.paroquia-damaia.pt\/old\/?p=40366"},"modified":"2024-05-16T18:17:15","modified_gmt":"2024-05-16T17:17:15","slug":"comunicados-paroquiais-25-05-2024","status":"publish","type":"post","link":"https:\/\/www.paroquia-damaia.pt\/old\/comunicados-paroquiais-25-05-2024\/","title":{"rendered":"Comunicados Paroquiais &#8211; 15\/05\/2024"},"content":{"rendered":"\n<p class=\"has-text-align-center\"><strong>Aviso da Secretaria Paroquial<\/strong><\/p>\n\n\n\n<p class=\"has-text-align-center\"><em>Caros Paroquianos<\/em><\/p>\n\n\n\n<p class=\"has-text-align-center\"><strong><em>Devido \u00e0 aus\u00eancia de D. Margarida, a Secretaria Paroquial funcionar\u00e1, nas pr\u00f3ximas tr\u00eas semanas, com hor\u00e1rios reduzidos.<\/em><\/strong><\/p>\n\n\n\n<p class=\"has-text-align-center\"><em>Desde j\u00e1 pedimos a vossa compreens\u00e3o.<\/em><\/p>\n\n\n\n<p>Pe. Crist\u00f3v\u00e3o Dworak, CSsR &#8211; o P\u00e1roco <\/p>\n\n\n\n<p><\/p>\n","protected":false},"excerpt":{"rendered":"<p>Aviso da Secretaria Paroquial Caros Paroquianos Devido \u00e0 aus\u00eancia de D. Margarida, a Secretaria Paroquial funcionar\u00e1, nas pr\u00f3ximas tr\u00eas semanas, com hor\u00e1rios reduzidos. Desde j\u00e1 pedimos a vossa compreens\u00e3o. Pe. Crist\u00f3v\u00e3o Dworak, CSsR &#8211; o P\u00e1roco<\/p>\n","protected":false},"author":5,"featured_media":0,"comment_status":"closed","ping_status":"open","sticky":false,"template":"","format":"standard","meta":{"footnotes":""},"categories":[4],"tags":[],"class_list":["post-40366","post","type-post","status-publish","format-standard","hentry","category-avisos-paroquiais","entry"],"_links":{"self":[{"href":"https:\/\/www.paroquia-damaia.pt\/old\/wp-json\/wp\/v2\/posts\/40366","targetHints":{"allow":["GET"]}}],"collection":[{"href":"https:\/\/www.paroquia-damaia.pt\/old\/wp-json\/wp\/v2\/posts"}],"about":[{"href":"https:\/\/www.paroquia-damaia.pt\/old\/wp-json\/wp\/v2\/types\/post"}],"author":[{"embeddable":true,"href":"https:\/\/www.paroquia-damaia.pt\/old\/wp-json\/wp\/v2\/users\/5"}],"replies":[{"embeddable":true,"href":"https:\/\/www.paroquia-damaia.pt\/old\/wp-json\/wp\/v2\/comments?post=40366"}],"version-history":[{"count":2,"href":"https:\/\/www.paroquia-damaia.pt\/old\/wp-json\/wp\/v2\/posts\/40366\/revisions"}],"predecessor-version":[{"id":40368,"href":"https:\/\/www.paroquia-damaia.pt\/old\/wp-json\/wp\/v2\/posts\/40366\/revisions\/40368"}],"wp:attachment":[{"href":"https:\/\/www.paroquia-damaia.pt\/old\/wp-json\/wp\/v2\/media?parent=40366"}],"wp:term":[{"taxonomy":"category","embeddable":true,"href":"https:\/\/www.paroquia-damaia.pt\/old\/wp-json\/wp\/v2\/categories?post=40366"},{"taxonomy":"post_tag","embeddable":true,"href":"https:\/\/www.paroquia-damaia.pt\/old\/wp-json\/wp\/v2\/tags?post=40366"}],"curies":[{"name":"wp","href":"https:\/\/api.w.org\/{rel}","templated":true}]}}