{"id":40370,"date":"2024-05-20T11:11:05","date_gmt":"2024-05-20T10:11:05","guid":{"rendered":"https:\/\/www.paroquia-damaia.pt\/old\/?p=40370"},"modified":"2024-05-20T11:11:05","modified_gmt":"2024-05-20T10:11:05","slug":"comunicacoes-paroquiais-19-05-2024","status":"publish","type":"post","link":"https:\/\/www.paroquia-damaia.pt\/old\/comunicacoes-paroquiais-19-05-2024\/","title":{"rendered":"COMUNICA\u00c7\u00d5ES PAROQUIAIS &#8211; 19\/05\/2024"},"content":{"rendered":"\n<p class=\"has-text-align-center\"><strong>Solenidade de Pentecostes<\/strong><\/p>\n\n\n\n<p class=\"has-text-align-center\"><strong><em>&nbsp;\u201cEnviai, Senhor, o vosso Esp\u00edrito e renovai a face da terra\u201d <\/em><\/strong><em>(Sl 103,30).<\/em><\/p>\n\n\n\n<p><strong><em><u>Domingo | 19\/05<\/u><\/em><\/strong><strong><em> \u2013 <\/em><\/strong><strong>Solenidade de Pentecostes. <\/strong>Dia do <strong>Apostolado Leigo<\/strong>. <strong>Profiss\u00e3o de F\u00e9<\/strong> (11h).<strong><em><u><\/u><\/em><\/strong><\/p>\n\n\n\n<p><strong><em><u>2\u00aa Feira | 20\/05<\/u><\/em><\/strong><strong><em> <\/em><\/strong>\u2013 Inicia-se o <strong>Tempo Comum<\/strong> que estender-se-\u00e1 at\u00e9 o 1\u00ba Domingo do Advento. Mem\u00f3ria de <strong>Santa Maria, M\u00e3e da Igreja<\/strong>. Missa s\u00f3 \u00e0s 09h. <strong>Estudos b\u00edblico \u2013 lit\u00fargicos<\/strong> para Leitores (19h30).&nbsp; <strong>&nbsp;<\/strong><\/p>\n\n\n\n<p><strong><em><u>3\u00aa Feira | 21\/05<\/u><\/em><\/strong><strong><em> <\/em><\/strong><em>\u2013 <\/em>Mem\u00f3ria de <strong>Santos Crist\u00f3v\u00e3o Magallones<\/strong> e Companheiros, m\u00e1rtires. <strong>Ter\u00e7o nas Pra\u00e7a: <\/strong>esta 3\u00aa feira, no <strong>Largo Crist\u00f3v\u00e3o da Gama<\/strong> (Damaia de Baixo) e na <strong>Pra\u00e7a Gama Pinto<\/strong> (Damaia), \u00e0s 21h. Trazer as velas. <strong><\/strong><\/p>\n\n\n\n<p><strong><em><u>4\u00aa Feira | 22\/05<\/u><\/em><\/strong><strong><em> \u2013 <\/em><\/strong>Mem\u00f3ria de<strong> Santa Rita de C\u00e1ssia, <\/strong>religiosa.<strong><em> <\/em><\/strong>Missas com a <strong>Novena Perp\u00e9tua<\/strong>. &nbsp;<\/p>\n\n\n\n<p><strong><em><u>5\u00aa Feira | 23\/05<\/u><\/em><\/strong><strong><em> <\/em><\/strong><em>\u2013 <\/em><strong>Adora\u00e7\u00e3o<\/strong> ao Sant\u00edssimo Sacramento, \u00e0s 18h15.<\/p>\n\n\n\n<p><strong><em><u>S\u00e1bado | 25\/05<\/u><\/em><\/strong><strong><em> <\/em><\/strong><em>\u2013 <\/em>Mem\u00f3ria de <strong>S. Beda Vener\u00e1vel, <\/strong>presb\u00edtero e doutor da Igreja; S. <strong>Greg\u00f3rio VII<\/strong>, Papa; <strong>S. Maria de Madalena de Pazzi<\/strong>, religiosa. Encontro de <strong>Ac\u00f3litos<\/strong> (15h30). <strong>Jornadas de Estudos B\u00edblicos<\/strong> (16h). Recolhas do <strong>Banco Alimentar<\/strong> (Catequese). <strong>&nbsp;<\/strong>&nbsp;&nbsp;<\/p>\n\n\n\n<p><strong><em><u>Domingo | 26\/05<\/u><\/em><\/strong><strong><em> <\/em><\/strong><em>\u2013 <\/em>Domingo VIII do Tempo Comum. Solenidade da <strong>Sant\u00edssima Trindade<\/strong>. <strong>1\u00aa Comunh\u00e3o<\/strong> (11h). &nbsp;<\/p>\n\n\n\n<p><strong>Aos aniversariantes <\/strong>desta semana desejamos muitas e copiosas b\u00ean\u00e7\u00e3os do Sant\u00edssimo Redentor e a Prote\u00e7\u00e3o da M\u00e3e de Deus.<\/p>\n\n\n\n<p>Devido \u00e0 aus\u00eancia da D. Margarida, <em>a <strong>Secretaria Paroquial<\/strong> funcionar\u00e1, nas pr\u00f3ximas tr\u00eas semanas, com <strong>hor\u00e1rios reduzidos<\/strong>.<\/em><em> <\/em>Desde j\u00e1 pedimos a vossa compreens\u00e3o.<\/p>\n\n\n\n<p>Participe da <strong>Noite de Fado Solid\u00e1rio<\/strong> em prol da <strong>Igreja de Alc\u00e2ntara, <\/strong>organizado pela equipa daquela comunidade, a ser realizada no dia 29 de maio, a partir das 21h, no nosso audit\u00f3rio. Com isso poder\u00e1s ajudar tamb\u00e9m nas obras no nosso Centro Pastoral. Mais informa\u00e7\u00f5es confira no cartaz do evento. <strong>Bilhetes<\/strong> na Secretaria e no Bar da Sala de Conv\u00edvio. \u00a0<\/p>\n\n\n\n<p>Pe. Crist\u00f3v\u00e3o Dworak, CSsR \u2013 o P\u00e1roco<\/p>\n\n\n\n<p>Damaia, 19 de Maio de 2024<\/p>\n\n\n\n<p><\/p>\n","protected":false},"excerpt":{"rendered":"<p>Solenidade de Pentecostes &nbsp;\u201cEnviai, Senhor, o vosso Esp\u00edrito e renovai a face da terra\u201d (Sl 103,30). Domingo | 19\/05 \u2013 Solenidade de Pentecostes. Dia do Apostolado Leigo. Profiss\u00e3o de F\u00e9 (11h). 2\u00aa Feira | 20\/05 \u2013 Inicia-se o Tempo Comum que estender-se-\u00e1 at\u00e9 o 1\u00ba Domingo do Advento. Mem\u00f3ria de Santa Maria, M\u00e3e da Igreja.<a class=\"more-link\" href=\"https:\/\/www.paroquia-damaia.pt\/old\/comunicacoes-paroquiais-19-05-2024\/\">Continuar lendo <span class=\"screen-reader-text\">&#8220;COMUNICA\u00c7\u00d5ES PAROQUIAIS &#8211; 19\/05\/2024&#8221;<\/span><\/a><\/p>\n","protected":false},"author":5,"featured_media":0,"comment_status":"closed","ping_status":"open","sticky":false,"template":"","format":"standard","meta":{"footnotes":""},"categories":[4],"tags":[],"class_list":["post-40370","post","type-post","status-publish","format-standard","hentry","category-avisos-paroquiais","entry"],"_links":{"self":[{"href":"https:\/\/www.paroquia-damaia.pt\/old\/wp-json\/wp\/v2\/posts\/40370","targetHints":{"allow":["GET"]}}],"collection":[{"href":"https:\/\/www.paroquia-damaia.pt\/old\/wp-json\/wp\/v2\/posts"}],"about":[{"href":"https:\/\/www.paroquia-damaia.pt\/old\/wp-json\/wp\/v2\/types\/post"}],"author":[{"embeddable":true,"href":"https:\/\/www.paroquia-damaia.pt\/old\/wp-json\/wp\/v2\/users\/5"}],"replies":[{"embeddable":true,"href":"https:\/\/www.paroquia-damaia.pt\/old\/wp-json\/wp\/v2\/comments?post=40370"}],"version-history":[{"count":1,"href":"https:\/\/www.paroquia-damaia.pt\/old\/wp-json\/wp\/v2\/posts\/40370\/revisions"}],"predecessor-version":[{"id":40371,"href":"https:\/\/www.paroquia-damaia.pt\/old\/wp-json\/wp\/v2\/posts\/40370\/revisions\/40371"}],"wp:attachment":[{"href":"https:\/\/www.paroquia-damaia.pt\/old\/wp-json\/wp\/v2\/media?parent=40370"}],"wp:term":[{"taxonomy":"category","embeddable":true,"href":"https:\/\/www.paroquia-damaia.pt\/old\/wp-json\/wp\/v2\/categories?post=40370"},{"taxonomy":"post_tag","embeddable":true,"href":"https:\/\/www.paroquia-damaia.pt\/old\/wp-json\/wp\/v2\/tags?post=40370"}],"curies":[{"name":"wp","href":"https:\/\/api.w.org\/{rel}","templated":true}]}}