{"id":40373,"date":"2024-05-29T17:54:28","date_gmt":"2024-05-29T16:54:28","guid":{"rendered":"https:\/\/www.paroquia-damaia.pt\/old\/?p=40373"},"modified":"2024-05-29T17:54:28","modified_gmt":"2024-05-29T16:54:28","slug":"comunicacoes-paroquiais-26-05-2024","status":"publish","type":"post","link":"https:\/\/www.paroquia-damaia.pt\/old\/comunicacoes-paroquiais-26-05-2024\/","title":{"rendered":"Comunica\u00e7\u00f5es Paroquiais &#8211; 26\/05\/2024"},"content":{"rendered":"\n<p class=\"has-text-align-center\"><strong>Solenidade da Sant\u00edssima Trindade<\/strong><\/p>\n\n\n\n<p class=\"has-text-align-center\"><strong><em>&nbsp;\u201cGl\u00f3ria ao Pai e ao Filho e ao Esp\u00edrito Santo, ao Deus que \u00e9, que era e que h\u00e1-de vir\u201d<\/em><\/strong><\/p>\n\n\n\n<p><strong><em><u>Domingo | 26\/05<\/u><\/em><\/strong><strong><em> \u2013 <\/em><\/strong>Solenidade da <strong>Sant\u00edssima Trindade<\/strong>. Missa da <strong>1\u00aa Comunh\u00e3o<\/strong> de 19 adolescentes da nossa catequese (11h). Agradecemos \u00e0s catequistas pelo empenho e pela prepara\u00e7\u00e3o da celebra\u00e7\u00e3o, aos pais pelo apoio e aos catequizando pela perseveran\u00e7a. <strong><em><u><\/u><\/em><\/strong><\/p>\n\n\n\n<p><strong><em><u>2\u00aa Feira | 27\/05<\/u><\/em><\/strong><strong><em> <\/em><\/strong>\u2013Mem\u00f3ria de <strong>S. Agostinho de Cantu\u00e1ria, <\/strong>bispo<strong>. <\/strong>&nbsp;&nbsp;<strong>&nbsp;<\/strong><\/p>\n\n\n\n<p><strong><em><u>3\u00aa Feira | 28\/05<\/u><\/em><\/strong><strong><em> <\/em><\/strong><em>\u2013 <\/em><strong>Ter\u00e7o nas Pra\u00e7a: <\/strong>esta 3\u00aa feira, no <strong>Largo Crist\u00f3v\u00e3o da Gama<\/strong> (Damaia de Baixo) e no <strong>Largo Pe. Himalaia<\/strong> (Damaia), \u00e0s 21h. Trazer as velas. <strong><\/strong><\/p>\n\n\n\n<p><strong><em><u>4\u00aa Feira | 29\/05<\/u><\/em><\/strong><strong><em> \u2013 <\/em><\/strong>Mem\u00f3ria de<strong> S. Paulo VI, <\/strong>papa<strong>. <\/strong>Missas com a <strong>Novena Perp\u00e9tua<\/strong>. <strong>36\u00ba aniversario<\/strong> de ordena\u00e7\u00e3o sacerdotal do Pe. Crist\u00f3v\u00e3o. &nbsp;<\/p>\n\n\n\n<p><strong><em><u>5\u00aa Feira | 30\/05<\/u><\/em><\/strong><strong><em> <\/em><\/strong><em>\u2013 <\/em>Solenidade do <strong>Sant\u00edssimo Corpo e Sangue de Cristo<\/strong>. Missas \u00e0s 09h, \u00e0s 11h e \u00e0s 18h30, com uma <strong>breve adora\u00e7\u00e3o<\/strong> do Sant\u00edssimo Sacramento. <strong>Prociss\u00e3o<\/strong> pelo Largo da Igreja depois da missa \u00e0s 11h. &nbsp;<\/p>\n\n\n\n<p><strong><em><u>6\u00aa Feira | 31\/05<\/u><\/em><\/strong><strong><em> <\/em><\/strong><em>\u2013 <\/em>Festa da <strong>Visita\u00e7\u00e3o da Virgem Santa Maria<\/strong>. In\u00edcio do <strong>Congresso Eucar\u00edstico Nacional<\/strong> em Braga. <strong>&nbsp;<\/strong>&nbsp;&nbsp;<\/p>\n\n\n\n<p><strong><em><u>S\u00e1bado | 01\/06 <\/u><\/em><\/strong><strong><em>\u2013 <\/em><\/strong>Mem\u00f3ria de<strong> S. Justino, <\/strong>m\u00e1rtir.<strong> Peregrina\u00e7\u00e3o <\/strong>mensal para<strong> F\u00e1tima, <\/strong>com sa\u00edda \u00e0s 08h e retorno \u00e0s 17h30<strong><em>. &nbsp;<\/em><\/strong><\/p>\n\n\n\n<p><strong><em><u>Domingo | 02\/06<\/u><\/em><\/strong><strong><em> <\/em><\/strong><em>\u2013 <\/em><strong>Domingo IX<\/strong> do Tempo Comum. Missa e atividades da <strong>Capelania Africana<\/strong>, a partir das 11h.&nbsp; &nbsp;&nbsp;<\/p>\n\n\n\n<p>Convidamos todos os membros do<strong> Conselho Pastoral Paroquial <\/strong>para reuni\u00e3o ordin\u00e1ria que ser\u00e1 realizada no<strong> dia 15 de junho, \u00e0s 16h. <\/strong>Confira a Carta de Convoca\u00e7\u00e3o.<\/p>\n\n\n\n<p><strong>Aos aniversariantes <\/strong>desta semana desejamos muitas e copiosas b\u00ean\u00e7\u00e3os do Sant\u00edssimo Redentor e a Prote\u00e7\u00e3o da M\u00e3e de Deus.<\/p>\n\n\n\n<p>Participe da <strong>Noite de Fado Solid\u00e1rio, <\/strong>com conte\u00fado religioso,em prol da <strong>Igreja de Alc\u00e2ntara, <\/strong>organizado pela equipa daquela comunidade, a ser realizado no <strong>dia 29 de maio, a partir das 21h<\/strong>, no nosso audit\u00f3rio. Com isso poder\u00e1s ajudar tamb\u00e9m nas obras no nosso Centro Pastoral. Mais informa\u00e7\u00f5es confira no cartaz do evento. <strong>Bilhetes<\/strong> na Secretaria e no Bar da Sala de Conv\u00edvio.<\/p>\n\n\n\n<p>Colabore com a restaura\u00e7\u00e3o dos bancos na nossa igreja. Bem-haja.<\/p>\n\n\n\n<p class=\"has-text-align-center\">Pe. Crist\u00f3v\u00e3o Dworak, CSsR \u2013 o P\u00e1rocoDamaia, <\/p>\n\n\n\n<p>26 de maio de 2024<\/p>\n\n\n\n<p><\/p>\n","protected":false},"excerpt":{"rendered":"<p>Solenidade da Sant\u00edssima Trindade &nbsp;\u201cGl\u00f3ria ao Pai e ao Filho e ao Esp\u00edrito Santo, ao Deus que \u00e9, que era e que h\u00e1-de vir\u201d Domingo | 26\/05 \u2013 Solenidade da Sant\u00edssima Trindade. Missa da 1\u00aa Comunh\u00e3o de 19 adolescentes da nossa catequese (11h). Agradecemos \u00e0s catequistas pelo empenho e pela prepara\u00e7\u00e3o da celebra\u00e7\u00e3o, aos pais<a class=\"more-link\" href=\"https:\/\/www.paroquia-damaia.pt\/old\/comunicacoes-paroquiais-26-05-2024\/\">Continuar lendo <span class=\"screen-reader-text\">&#8220;Comunica\u00e7\u00f5es Paroquiais &#8211; 26\/05\/2024&#8221;<\/span><\/a><\/p>\n","protected":false},"author":5,"featured_media":0,"comment_status":"closed","ping_status":"open","sticky":false,"template":"","format":"standard","meta":{"footnotes":""},"categories":[4],"tags":[],"class_list":["post-40373","post","type-post","status-publish","format-standard","hentry","category-avisos-paroquiais","entry"],"_links":{"self":[{"href":"https:\/\/www.paroquia-damaia.pt\/old\/wp-json\/wp\/v2\/posts\/40373","targetHints":{"allow":["GET"]}}],"collection":[{"href":"https:\/\/www.paroquia-damaia.pt\/old\/wp-json\/wp\/v2\/posts"}],"about":[{"href":"https:\/\/www.paroquia-damaia.pt\/old\/wp-json\/wp\/v2\/types\/post"}],"author":[{"embeddable":true,"href":"https:\/\/www.paroquia-damaia.pt\/old\/wp-json\/wp\/v2\/users\/5"}],"replies":[{"embeddable":true,"href":"https:\/\/www.paroquia-damaia.pt\/old\/wp-json\/wp\/v2\/comments?post=40373"}],"version-history":[{"count":1,"href":"https:\/\/www.paroquia-damaia.pt\/old\/wp-json\/wp\/v2\/posts\/40373\/revisions"}],"predecessor-version":[{"id":40374,"href":"https:\/\/www.paroquia-damaia.pt\/old\/wp-json\/wp\/v2\/posts\/40373\/revisions\/40374"}],"wp:attachment":[{"href":"https:\/\/www.paroquia-damaia.pt\/old\/wp-json\/wp\/v2\/media?parent=40373"}],"wp:term":[{"taxonomy":"category","embeddable":true,"href":"https:\/\/www.paroquia-damaia.pt\/old\/wp-json\/wp\/v2\/categories?post=40373"},{"taxonomy":"post_tag","embeddable":true,"href":"https:\/\/www.paroquia-damaia.pt\/old\/wp-json\/wp\/v2\/tags?post=40373"}],"curies":[{"name":"wp","href":"https:\/\/api.w.org\/{rel}","templated":true}]}}