{"id":40377,"date":"2024-06-10T12:21:50","date_gmt":"2024-06-10T11:21:50","guid":{"rendered":"https:\/\/www.paroquia-damaia.pt\/old\/?p=40377"},"modified":"2024-06-10T12:21:50","modified_gmt":"2024-06-10T11:21:50","slug":"comunicacoes-paroquiais-09-06-2024","status":"publish","type":"post","link":"https:\/\/www.paroquia-damaia.pt\/old\/comunicacoes-paroquiais-09-06-2024\/","title":{"rendered":"Comunica\u00e7\u00f5es Paroquiais &#8211; 09\/06\/2024"},"content":{"rendered":"\n<p class=\"has-text-align-center\">Domingo X do Tempo Comum<\/p>\n\n\n\n<p class=\"has-text-align-center\"><strong><em>\u00a0\u201cQuem fizer a vontade de Deus esse \u00e9 meu irm\u00e3o, minha irm\u00e3 e minha M\u00e3e\u201d (Mc 3,35)<\/em><\/strong><\/p>\n\n\n\n<p><strong><em><u>Domingo | 09\/06<\/u><\/em><\/strong><strong><em> \u2013 <\/em><\/strong><strong>Domingo X<\/strong> do Tempo Comum. &nbsp;<strong><em><u><\/u><\/em><\/strong><\/p>\n\n\n\n<p><strong><em><u>2\u00aa Feira | 10\/06<\/u><\/em><\/strong><strong><em> <\/em><\/strong>\u2013Mem\u00f3ria do <strong>S. Anjo da Guarda de Portugal<\/strong>. Dia de Portugal. Missa pela p\u00e1tria, \u00e0s 09h. Tr\u00edduo da festa de S. Ant\u00f3nio de Lisboa. <strong>&nbsp;<\/strong>&nbsp;&nbsp;<strong>&nbsp;<\/strong><\/p>\n\n\n\n<p><strong><em><u>3\u00aa Feira | 11\/06<\/u><\/em><\/strong><strong><em> <\/em><\/strong><em>\u2013 <\/em>Mem\u00f3ria de <strong>S. Barnab\u00e9<\/strong>, ap\u00f3stolo. <strong>Tr\u00edduo<\/strong> da festa de S. Ant\u00f3nio de Lisboa <strong><\/strong><\/p>\n\n\n\n<p><strong><em><u>4\u00aa Feira | 12\/06<\/u><\/em><\/strong><strong><em> \u2013 <\/em><\/strong>Missas com a <strong>Novena Perp\u00e9tua<\/strong>. <strong>Ter\u00e7o das Apari\u00e7\u00f5es<\/strong> no Jardim Pe. Lopes (21h). <strong>Tr\u00edduo<\/strong> da festa de S. Ant\u00f3nio de Lisboa. &nbsp;<\/p>\n\n\n\n<p><strong><em><u>5\u00aa Feira | 13\/06<\/u><\/em><\/strong><strong><em> <\/em><\/strong><em>\u2013 <\/em>Festa de <strong>S. Ant\u00f3nio de Lisboa<\/strong>, presb\u00edtero e doutor da Igreja, Padroeiro de Portugal. Missa com <strong>b\u00ean\u00e7\u00e3o de p\u00e3es<\/strong>. A<strong>dora\u00e7\u00e3o<\/strong> do Sant\u00edssimo Sacramento (18h15).&nbsp;<\/p>\n\n\n\n<p><strong><em><u>S\u00e1bado | 15\/06 <\/u><\/em><\/strong><em>\u2013 <\/em><strong>Mil Ave Marias<\/strong> (08h30); Forma\u00e7\u00e3o para <strong>Pais e Padrinhos<\/strong> (10h); <strong>Missa na Damaia de Baixo<\/strong> (17h); Missa de <strong>Encerramento do Ano Catequ\u00e9tico<\/strong> (18h30). Na diocese: a <strong>Caminhada Mission\u00e1ria<\/strong> em Carvoeira (09h30). &nbsp;<em>&nbsp;&nbsp;<\/em><\/p>\n\n\n\n<p><strong><em><u>Domingo | 16\/06<\/u><\/em><\/strong><strong><em> <\/em><\/strong><em>\u2013 <\/em><strong>Domingo XI<\/strong> do Tempo Comum.&nbsp; Reuni\u00e3o do <strong>Conselho Pastoral Paroquial, <\/strong>no Audit\u00f3rio Pe. Vaz, \u00e0s 16h.<strong>&nbsp;<\/strong><\/p>\n\n\n\n<p><strong>Aos aniversariantes <\/strong>desta semana desejamos muitas e copiosas b\u00ean\u00e7\u00e3os do Sant\u00edssimo Redentor e a Prote\u00e7\u00e3o da M\u00e3e de Deus.<\/p>\n\n\n\n<p>Participe do <strong>Concerto de M\u00fasica Sacra e Espirituais Negros<\/strong>, a ser realizado em nossa igreja, neste s\u00e1bado, dia 15 de junho; \u00e1s 20h30, em prol da <strong>Igreja de Alc\u00e2ntara, <\/strong>organizado pela equipa daquela comunidade. Veja cartaz e seja solid\u00e1rio.&nbsp;<\/p>\n\n\n\n<p><strong>Forma\u00e7\u00e3o: Suporte B\u00e1sico de Vida<\/strong>, para maiores de 16 anos, no dia 22 de junho, das 14h \u00e0s 17h, no Audit\u00f3rio Pe. Vaz. Inscri\u00e7\u00f5es na Secretaria. Convidamos especialmente Catequistas, Escuteiros, Jovens, MEC. Mais informa\u00e7\u00f5es no cartaz.<\/p>\n\n\n\n<p>Colabore com a <strong>restaura\u00e7\u00e3o dos bancos<\/strong> na nossa igreja. Bem-haja.<\/p>\n\n\n\n<p>A partir do dia <strong>23 de junho at\u00e9 o dia 30 de junho<\/strong> celebraremos a <strong>Semana da Par\u00f3quia<\/strong>. Desde j\u00e1 convidamos a participar.<\/p>\n\n\n\n<p class=\"has-text-align-right\">Pe. Crist\u00f3v\u00e3o Dworak, CSsR \u2013 o P\u00e1roco<\/p>\n\n\n\n<p class=\"has-text-align-right\">Damaia, 09 de junho de 2024<\/p>\n\n\n\n<p><\/p>\n","protected":false},"excerpt":{"rendered":"<p>Domingo X do Tempo Comum \u00a0\u201cQuem fizer a vontade de Deus esse \u00e9 meu irm\u00e3o, minha irm\u00e3 e minha M\u00e3e\u201d (Mc 3,35) Domingo | 09\/06 \u2013 Domingo X do Tempo Comum. &nbsp; 2\u00aa Feira | 10\/06 \u2013Mem\u00f3ria do S. Anjo da Guarda de Portugal. Dia de Portugal. Missa pela p\u00e1tria, \u00e0s 09h. Tr\u00edduo da festa<a class=\"more-link\" href=\"https:\/\/www.paroquia-damaia.pt\/old\/comunicacoes-paroquiais-09-06-2024\/\">Continuar lendo <span class=\"screen-reader-text\">&#8220;Comunica\u00e7\u00f5es Paroquiais &#8211; 09\/06\/2024&#8221;<\/span><\/a><\/p>\n","protected":false},"author":5,"featured_media":0,"comment_status":"closed","ping_status":"open","sticky":false,"template":"","format":"standard","meta":{"footnotes":""},"categories":[4],"tags":[],"class_list":["post-40377","post","type-post","status-publish","format-standard","hentry","category-avisos-paroquiais","entry"],"_links":{"self":[{"href":"https:\/\/www.paroquia-damaia.pt\/old\/wp-json\/wp\/v2\/posts\/40377","targetHints":{"allow":["GET"]}}],"collection":[{"href":"https:\/\/www.paroquia-damaia.pt\/old\/wp-json\/wp\/v2\/posts"}],"about":[{"href":"https:\/\/www.paroquia-damaia.pt\/old\/wp-json\/wp\/v2\/types\/post"}],"author":[{"embeddable":true,"href":"https:\/\/www.paroquia-damaia.pt\/old\/wp-json\/wp\/v2\/users\/5"}],"replies":[{"embeddable":true,"href":"https:\/\/www.paroquia-damaia.pt\/old\/wp-json\/wp\/v2\/comments?post=40377"}],"version-history":[{"count":1,"href":"https:\/\/www.paroquia-damaia.pt\/old\/wp-json\/wp\/v2\/posts\/40377\/revisions"}],"predecessor-version":[{"id":40378,"href":"https:\/\/www.paroquia-damaia.pt\/old\/wp-json\/wp\/v2\/posts\/40377\/revisions\/40378"}],"wp:attachment":[{"href":"https:\/\/www.paroquia-damaia.pt\/old\/wp-json\/wp\/v2\/media?parent=40377"}],"wp:term":[{"taxonomy":"category","embeddable":true,"href":"https:\/\/www.paroquia-damaia.pt\/old\/wp-json\/wp\/v2\/categories?post=40377"},{"taxonomy":"post_tag","embeddable":true,"href":"https:\/\/www.paroquia-damaia.pt\/old\/wp-json\/wp\/v2\/tags?post=40377"}],"curies":[{"name":"wp","href":"https:\/\/api.w.org\/{rel}","templated":true}]}}