{"id":40383,"date":"2024-06-18T08:39:29","date_gmt":"2024-06-18T07:39:29","guid":{"rendered":"https:\/\/www.paroquia-damaia.pt\/old\/?p=40383"},"modified":"2024-06-18T08:39:29","modified_gmt":"2024-06-18T07:39:29","slug":"comunicacoes-paroquiais-16-06-2024","status":"publish","type":"post","link":"https:\/\/www.paroquia-damaia.pt\/old\/comunicacoes-paroquiais-16-06-2024\/","title":{"rendered":"Comunica\u00e7\u00f5es Paroquiais &#8211; 16\/06\/2024"},"content":{"rendered":"\n<p class=\"has-text-align-center\"><strong>DOMINGO XI DO TEMPO COMUM<\/strong><\/p>\n\n\n\n<p class=\"has-text-align-center\"><strong><em>&nbsp;\u201cO Reino de Deus \u00e9 como um homem que lan\u00e7ou a semente \u00e0 terra\u201d (Mc 4,26)<\/em><\/strong><\/p>\n\n\n\n<p><strong><em><u>Domingo | 16\/06<\/u><\/em><\/strong><strong><em> \u2013 <\/em><\/strong><strong>Domingo XI<\/strong> do Tempo Comum.&nbsp; Reuni\u00e3o do <strong>Conselho Pastoral<\/strong> Paroquial (16h).<strong><em><u><\/u><\/em><\/strong><\/p>\n\n\n\n<p><strong><em><u>3\u00aa Feira | 18\/06<\/u><\/em><\/strong><strong><em> <\/em><\/strong><em>\u2013 <\/em><strong>Estudos <\/strong>b\u00edblico-lit\u00fargicos para <strong>Leitores<\/strong> (19h45) <strong><\/strong><\/p>\n\n\n\n<p><strong><em><u>4\u00aa Feira | 19\/06<\/u><\/em><\/strong><strong><em> \u2013 <\/em><\/strong>Mem\u00f3ria de<strong> S. Romualdo, <\/strong>abade.<strong> <\/strong>Missas com a <strong>Novena Perp\u00e9tua<\/strong>. &nbsp;&nbsp;<strong>Novena<\/strong> a <strong>S. Jos\u00e9<\/strong> (18h). Reuni\u00e3o com a equipa da <strong>Despensa Comunit\u00e1ria<\/strong> (21h).<\/p>\n\n\n\n<p><strong><em><u>5\u00aa Feira | 20\/06<\/u><\/em><\/strong><strong><em> <\/em><\/strong><em>\u2013 <\/em>Mem\u00f3ria de <strong>Beatas Sanche e Mafalda<\/strong>, virgem, e <strong>Tereza<\/strong>, religiosa. A<strong>dora\u00e7\u00e3o<\/strong> do Sant\u00edssimo Sacramento (18h15). <strong>Missa<\/strong> dos nossos paroquianos no noven\u00e1rio em prepara\u00e7\u00e3o da festa de Nossa Senhora do Perp\u00e9tuo Socorro na <strong>Venda Nova<\/strong> (20h).<\/p>\n\n\n\n<p><strong><em><u>6\u00aa Feira | 21\/06<\/u><\/em><\/strong><strong><em> <\/em><\/strong><em>\u2013 <\/em>Mem\u00f3ria de <strong>S. Lu\u00eds Gonzaga<\/strong>, religioso.<\/p>\n\n\n\n<p><strong><em><u>S\u00e1bado | 22\/06 <\/u><\/em><\/strong><em>\u2013 <\/em>Mem\u00f3ria de Santos <strong>Jo\u00e3o Fisher<\/strong>, bispo e <strong>Tom\u00e1s More<\/strong>, m\u00e1rtires. Encontro para <strong>Pais e Padrinhos<\/strong> (10h). <strong>Batizados<\/strong> (11h). <strong>Forma\u00e7\u00e3o<\/strong>: Suporte B\u00e1sico de Vida (14h). <strong>Capela do Entardecer<\/strong>: Ora\u00e7\u00e3o e Partilha comunit\u00e1ria na Buraca com as Par\u00f3quias de Venda Nova, Buraca e Damaia, \u00e0s 21h.&nbsp; &nbsp;<em>&nbsp;&nbsp;<\/em><\/p>\n\n\n\n<p><strong><em><u>Domingo | 23\/06<\/u><\/em><\/strong><strong><em> <\/em><\/strong><em>\u2013 <\/em><strong>Domingo XII<\/strong> do Tempo Comum.&nbsp; In\u00edcio da <strong>Semana da Par\u00f3quia<\/strong>. Veja a Programa\u00e7\u00e3o. \u00c0 tarde, <strong>Missa da Vig\u00edlia<\/strong> da Solenidade do Nascimento de S\u00e3o Jo\u00e3o Batista (18h30). <strong>&nbsp;<\/strong><\/p>\n\n\n\n<p><strong>Aos aniversariantes <\/strong>desta semana desejamos muitas e copiosas b\u00ean\u00e7\u00e3os do Sant\u00edssimo Redentor e a Prote\u00e7\u00e3o da M\u00e3e de Deus.<\/p>\n\n\n\n<p>No pr\u00f3ximo domingo, dia <strong>23 de junho <\/strong>iniciamos a<strong> Semana da Par\u00f3quia<\/strong>. Integrada nas comemora\u00e7\u00f5es desta semana vai se realizar, no s\u00e1bado dia <strong>29 de junho<\/strong> a j\u00e1 tradicional <strong><em>Corrida e Caminhada do Redentor<\/em><\/strong>. Este ano com a partida e chegada no <strong>Santu\u00e1rio da Senhora da Rocha<\/strong>, sendo tamb\u00e9m oportunidade de prepara\u00e7\u00e3o para o Jubileu do pr\u00f3ximo ano. Venha corre ou andar com esp\u00edrito de peregrina\u00e7\u00e3o. Inscri\u00e7\u00f5es na secretaria. &nbsp;<\/p>\n\n\n\n<p>Damos gra\u00e7as a Deus pelos <strong>novos bispos auxiliares<\/strong> do Patriarcado de Lisboa: <strong>D. Nuno Isidro<\/strong> e <strong>D. Alexandre Palma<\/strong>, nomeados pelo Papa Francisco, nesta sexta-feira, dia 14 de junho de 2024.<\/p>\n\n\n\n<p>Pe. Crist\u00f3v\u00e3o Dworak, CSsR \u2013 o P\u00e1roco <\/p>\n\n\n\n<p>Damaia, 16 de junho de 2024<\/p>\n\n\n\n<p><\/p>\n","protected":false},"excerpt":{"rendered":"<p>DOMINGO XI DO TEMPO COMUM &nbsp;\u201cO Reino de Deus \u00e9 como um homem que lan\u00e7ou a semente \u00e0 terra\u201d (Mc 4,26) Domingo | 16\/06 \u2013 Domingo XI do Tempo Comum.&nbsp; Reuni\u00e3o do Conselho Pastoral Paroquial (16h). 3\u00aa Feira | 18\/06 \u2013 Estudos b\u00edblico-lit\u00fargicos para Leitores (19h45) 4\u00aa Feira | 19\/06 \u2013 Mem\u00f3ria de S. Romualdo,<a class=\"more-link\" href=\"https:\/\/www.paroquia-damaia.pt\/old\/comunicacoes-paroquiais-16-06-2024\/\">Continuar lendo <span class=\"screen-reader-text\">&#8220;Comunica\u00e7\u00f5es Paroquiais &#8211; 16\/06\/2024&#8221;<\/span><\/a><\/p>\n","protected":false},"author":5,"featured_media":0,"comment_status":"closed","ping_status":"open","sticky":false,"template":"","format":"standard","meta":{"footnotes":""},"categories":[4],"tags":[],"class_list":["post-40383","post","type-post","status-publish","format-standard","hentry","category-avisos-paroquiais","entry"],"_links":{"self":[{"href":"https:\/\/www.paroquia-damaia.pt\/old\/wp-json\/wp\/v2\/posts\/40383","targetHints":{"allow":["GET"]}}],"collection":[{"href":"https:\/\/www.paroquia-damaia.pt\/old\/wp-json\/wp\/v2\/posts"}],"about":[{"href":"https:\/\/www.paroquia-damaia.pt\/old\/wp-json\/wp\/v2\/types\/post"}],"author":[{"embeddable":true,"href":"https:\/\/www.paroquia-damaia.pt\/old\/wp-json\/wp\/v2\/users\/5"}],"replies":[{"embeddable":true,"href":"https:\/\/www.paroquia-damaia.pt\/old\/wp-json\/wp\/v2\/comments?post=40383"}],"version-history":[{"count":1,"href":"https:\/\/www.paroquia-damaia.pt\/old\/wp-json\/wp\/v2\/posts\/40383\/revisions"}],"predecessor-version":[{"id":40384,"href":"https:\/\/www.paroquia-damaia.pt\/old\/wp-json\/wp\/v2\/posts\/40383\/revisions\/40384"}],"wp:attachment":[{"href":"https:\/\/www.paroquia-damaia.pt\/old\/wp-json\/wp\/v2\/media?parent=40383"}],"wp:term":[{"taxonomy":"category","embeddable":true,"href":"https:\/\/www.paroquia-damaia.pt\/old\/wp-json\/wp\/v2\/categories?post=40383"},{"taxonomy":"post_tag","embeddable":true,"href":"https:\/\/www.paroquia-damaia.pt\/old\/wp-json\/wp\/v2\/tags?post=40383"}],"curies":[{"name":"wp","href":"https:\/\/api.w.org\/{rel}","templated":true}]}}