{"id":40394,"date":"2024-06-26T17:10:59","date_gmt":"2024-06-26T16:10:59","guid":{"rendered":"https:\/\/www.paroquia-damaia.pt\/old\/?p=40394"},"modified":"2024-06-26T17:10:59","modified_gmt":"2024-06-26T16:10:59","slug":"comunicacoes-paroquiais-23-06-2024","status":"publish","type":"post","link":"https:\/\/www.paroquia-damaia.pt\/old\/comunicacoes-paroquiais-23-06-2024\/","title":{"rendered":"Comunica\u00e7\u00f5es Paroquiais &#8211; 23\/06\/2024"},"content":{"rendered":"\n<p class=\"has-text-align-center\"><strong>DOMINGO XII DO TEMPO COMUM<\/strong><\/p>\n\n\n\n<p class=\"has-text-align-center\"><strong>Semana da Par\u00f3quia <\/strong><\/p>\n\n\n\n<p class=\"has-text-align-center\"><strong><em>\u00a0\u201cPorque estais assustados? Ainda n\u00e3o tendes f\u00e9?\u201d (Mc 4,40)<\/em><\/strong><\/p>\n\n\n\n<p><strong><em><u>Domingo | 23\/06<\/u><\/em><\/strong><strong><em> \u2013 <\/em><\/strong><strong>Domingo XII<\/strong> do Tempo Comum.&nbsp; <strong>Missa da Vig\u00edlia<\/strong> da Solenidade do <strong>Nascimento de S\u00e3o Jo\u00e3o Batista<\/strong> (18h30). Inicio da Semana da Par\u00f3quia. Veja a programa\u00e7\u00e3o. <strong><em><u><\/u><\/em><\/strong><\/p>\n\n\n\n<p><strong><em><u>2\u00aa Feira | 24\/06<\/u><\/em><\/strong><strong><em> <\/em><\/strong><em>\u2013 <\/em>Solenidade do <strong>Nascimento de S. Jo\u00e3o batista<\/strong>. Missas \u00e0s <strong>09h e \u00e0s 19h<\/strong>. Iniciamos o <strong>Tr\u00edduo<\/strong> em prepara\u00e7\u00e3o \u00e0 festa de Nossa Senhora do Perp\u00e9tuo Socorro<strong><em><u><\/u><\/em><\/strong><\/p>\n\n\n\n<p><strong><em><u>3\u00aa Feira | 25\/06<\/u><\/em><\/strong><strong><em> <\/em><\/strong><em>\u2013 <\/em><strong>Tr\u00edduo<\/strong> \u00e0 Nossa Senhora do Perp\u00e9tuo Socorro. <strong>JEB \u2013 Palestra<\/strong>: Nossa Senhora do Perp\u00e9tuo Socorro: Hist\u00f3ria, M\u00edstica e devo\u00e7\u00f5es no mundo\u201d (21h). <strong><\/strong><\/p>\n\n\n\n<p><strong><em><u>4\u00aa Feira | 26\/06<\/u><\/em><\/strong><strong><em> \u2013 <\/em><\/strong>Missas com a <strong>Novena Perp\u00e9tua<\/strong>. &nbsp;&nbsp;<strong>Tr\u00edduo<\/strong> \u00e0 Nossa Senhora do Perp\u00e9tuo Socorro. <strong>Apresenta\u00e7\u00e3o do Coro<\/strong> Nossa Senhora da Gra\u00e7a (20h)<\/p>\n\n\n\n<p><strong><em><u>5\u00aa Feira | 27\/06<\/u><\/em><\/strong><strong><em> <\/em><\/strong><em>\u2013 <\/em><strong>Solenidade de Nossa Senhora do Perp\u00e9tuo Socorro<\/strong>. Mem\u00f3ria de <strong>S. Cirilo de Alexandria<\/strong>, bispo e doutor da Igreja. &nbsp;A<strong>dora\u00e7\u00e3o<\/strong> do Sant\u00edssimo Sacramento (18h15). <strong>Prociss\u00e3o<\/strong> com o \u00cdcone de NSP Socorro(20h).<\/p>\n\n\n\n<p><strong><em><u>6\u00aa Feira | 28\/06<\/u><\/em><\/strong><strong><em> <\/em><\/strong><em>\u2013 <\/em>Mem\u00f3ria de <strong>S. Ireneu, <\/strong>bispo, m\u00e1rtir e doutor da Igreja. 43\u00ba Anivers\u00e1rio da Dedica\u00e7\u00e3o da Igreja Paroquial (1981). Mem\u00f3ria de <strong>Beatos M\u00e1rtires Redentoristas Ucranianos<\/strong>. Festival da Par\u00f3quia (a partir das 20h).<\/p>\n\n\n\n<p><strong><em><u>S\u00e1bado | 29\/06 <\/u><\/em><\/strong><em>\u2013 <\/em>Solenidade de <strong>S. Pedro e S. Paulo<\/strong>, Ap\u00f3stolos. <strong><em>Corrida e Caminhada do Redentor, <\/em><\/strong>com a partida e chegada no <strong>Santu\u00e1rio da Senhora da Rocha<\/strong>. Inscri\u00e7\u00f5es na secretaria. <strong>Arraial da Par\u00f3quia<\/strong> (a partir das 17h). &nbsp;&nbsp;&nbsp;&nbsp;&nbsp;<em>&nbsp;&nbsp;<\/em><\/p>\n\n\n\n<p><strong><em><u>Domingo | 30\/06<\/u><\/em><\/strong><strong><em> <\/em><\/strong><em>\u2013 <\/em><strong>Domingo XII<\/strong> do Tempo Comum.&nbsp; Mem\u00f3ria de Beato <strong>Janu\u00e1rio Sarnelli<\/strong>, redentorista. Missa com <strong>Doentes e Idosos<\/strong> (11h). Conv\u00edvio (12h15). Ofert\u00f3rio para a Santa S\u00e9. &nbsp;<strong>&nbsp;<\/strong><\/p>\n\n\n\n<p><strong>Aos aniversariantes <\/strong>desta semana desejamos muitas e copiosas b\u00ean\u00e7\u00e3os do Sant\u00edssimo Redentor e a Prote\u00e7\u00e3o da M\u00e3e de Deus.<\/p>\n\n\n\n<p><strong>Peregrina\u00e7\u00e3o<\/strong> para F\u00e1tima, 06 de julho. Inscri\u00e7\u00f5es na Secretaria. &nbsp;<\/p>\n\n\n\n<p>Estamos terminando a <strong>restaura\u00e7\u00e3o de bancos<\/strong> na igreja e da capela. Coloque a sua colabora\u00e7\u00e3o no envelope pr\u00f3prio. Bem-haja.&nbsp;<\/p>\n\n\n\n<p>Pe. Crist\u00f3v\u00e3o Dworak, CSsR \u2013 o P\u00e1roco<\/p>\n\n\n\n<p>Damaia, 23 de junho de 2024<\/p>\n\n\n\n<p><\/p>\n","protected":false},"excerpt":{"rendered":"<p>DOMINGO XII DO TEMPO COMUM Semana da Par\u00f3quia \u00a0\u201cPorque estais assustados? Ainda n\u00e3o tendes f\u00e9?\u201d (Mc 4,40) Domingo | 23\/06 \u2013 Domingo XII do Tempo Comum.&nbsp; Missa da Vig\u00edlia da Solenidade do Nascimento de S\u00e3o Jo\u00e3o Batista (18h30). Inicio da Semana da Par\u00f3quia. Veja a programa\u00e7\u00e3o. 2\u00aa Feira | 24\/06 \u2013 Solenidade do Nascimento de<a class=\"more-link\" href=\"https:\/\/www.paroquia-damaia.pt\/old\/comunicacoes-paroquiais-23-06-2024\/\">Continuar lendo <span class=\"screen-reader-text\">&#8220;Comunica\u00e7\u00f5es Paroquiais &#8211; 23\/06\/2024&#8221;<\/span><\/a><\/p>\n","protected":false},"author":5,"featured_media":0,"comment_status":"closed","ping_status":"open","sticky":false,"template":"","format":"standard","meta":{"footnotes":""},"categories":[4],"tags":[],"class_list":["post-40394","post","type-post","status-publish","format-standard","hentry","category-avisos-paroquiais","entry"],"_links":{"self":[{"href":"https:\/\/www.paroquia-damaia.pt\/old\/wp-json\/wp\/v2\/posts\/40394","targetHints":{"allow":["GET"]}}],"collection":[{"href":"https:\/\/www.paroquia-damaia.pt\/old\/wp-json\/wp\/v2\/posts"}],"about":[{"href":"https:\/\/www.paroquia-damaia.pt\/old\/wp-json\/wp\/v2\/types\/post"}],"author":[{"embeddable":true,"href":"https:\/\/www.paroquia-damaia.pt\/old\/wp-json\/wp\/v2\/users\/5"}],"replies":[{"embeddable":true,"href":"https:\/\/www.paroquia-damaia.pt\/old\/wp-json\/wp\/v2\/comments?post=40394"}],"version-history":[{"count":1,"href":"https:\/\/www.paroquia-damaia.pt\/old\/wp-json\/wp\/v2\/posts\/40394\/revisions"}],"predecessor-version":[{"id":40395,"href":"https:\/\/www.paroquia-damaia.pt\/old\/wp-json\/wp\/v2\/posts\/40394\/revisions\/40395"}],"wp:attachment":[{"href":"https:\/\/www.paroquia-damaia.pt\/old\/wp-json\/wp\/v2\/media?parent=40394"}],"wp:term":[{"taxonomy":"category","embeddable":true,"href":"https:\/\/www.paroquia-damaia.pt\/old\/wp-json\/wp\/v2\/categories?post=40394"},{"taxonomy":"post_tag","embeddable":true,"href":"https:\/\/www.paroquia-damaia.pt\/old\/wp-json\/wp\/v2\/tags?post=40394"}],"curies":[{"name":"wp","href":"https:\/\/api.w.org\/{rel}","templated":true}]}}