{"id":40399,"date":"2024-08-31T12:28:02","date_gmt":"2024-08-31T11:28:02","guid":{"rendered":"https:\/\/www.paroquia-damaia.pt\/old\/?p=40399"},"modified":"2024-08-31T12:28:02","modified_gmt":"2024-08-31T11:28:02","slug":"comunicacoes-paroquiais-4","status":"publish","type":"post","link":"https:\/\/www.paroquia-damaia.pt\/old\/comunicacoes-paroquiais-4\/","title":{"rendered":"Comunica\u00e7\u00f5es Paroquiais"},"content":{"rendered":"\n<p class=\"has-text-align-center\">&nbsp;<strong>01\/09\/2024<\/strong><\/p>\n\n\n\n<p class=\"has-text-align-center\"><strong>DOMINGO XXII DO TEMPO COMUM<\/strong><\/p>\n\n\n\n<p class=\"has-text-align-center\"><strong><em>\u00a0\u201cSede cumpridores da palavra\u201d (cf. Tg 1, 22)<\/em><\/strong><\/p>\n\n\n\n<p><strong><em><u>Domingo | 01\/09<\/u><\/em><\/strong><strong><em> \u2013 <\/em><\/strong><strong>Domingo XXII<\/strong> do Tempo Comum. Dia Mundial de <strong>Ora\u00e7\u00e3o pela Cria\u00e7\u00e3o<\/strong>: &#8220;<em>Espera e age com a cria\u00e7\u00e3o<\/em>&#8221; (Papa Francisco).&nbsp; <strong><em><u><\/u><\/em><\/strong><\/p>\n\n\n\n<p><strong><em><u>3\u00aa Feira | 03\/09<\/u><\/em><\/strong><strong><em> <\/em><\/strong><em>\u2013 <\/em>Mem\u00f3ria de <strong>S. Greg\u00f3rio Magno, <\/strong>papa e doutor da Igreja.<\/p>\n\n\n\n<p><strong><em><u>4\u00aa Feira | 04\/09<\/u><\/em><\/strong><strong><em> \u2013<\/em><\/strong><strong> <\/strong>Missas com a <strong>Novena Perp\u00e9tua<\/strong>. &nbsp;&nbsp;<\/p>\n\n\n\n<p><strong><em><u>5\u00aa Feira | 05\/09<\/u><\/em><\/strong><strong><em> <\/em><\/strong><em>\u2013<\/em> A<strong>dora\u00e7\u00e3o<\/strong> do Sant\u00edssimo Sacramento (18h15).<\/p>\n\n\n\n<p><strong><em><u>6\u00aa Feira | 06\/09 <\/u><\/em><\/strong><strong><em>&#8211; <\/em><\/strong><strong>1\u00aa Sexta-Feira <\/strong>do m\u00eas.<strong> <\/strong>Missas com a <strong>b\u00ean\u00e7\u00e3o eucar\u00edstica<\/strong>.<\/p>\n\n\n\n<p><strong><em><u>S\u00e1bado | 07\/09 <\/u><\/em><\/strong><strong><em>&#8211; <\/em><\/strong><strong>Peregrina\u00e7\u00e3o<\/strong> paroquial a F\u00e1tima.<\/p>\n\n\n\n<p><strong><em><u>Domingo | 08\/09<\/u><\/em><\/strong><strong><em> <\/em><\/strong><em>\u2013 <\/em><strong>Domingo XXIII<\/strong> do Tempo Comum. Festa de <strong>N. Sra. da Boa Viagem<\/strong>.&nbsp;&nbsp;&nbsp; <strong>&nbsp;<\/strong><\/p>\n\n\n\n<p><strong>Aos aniversariantes <\/strong>desta semana desejamos muitas e copiosas b\u00ean\u00e7\u00e3os do Sant\u00edssimo Redentor e a Prote\u00e7\u00e3o da M\u00e3e de Deus.<\/p>\n\n\n\n<p><strong>Peregrina\u00e7\u00e3o a p\u00e9<\/strong> para F\u00e1tima: \u201c<em>Caminhamos juntos com Maria<\/em>\u201d, das comunidades Damaia, Venda Nova e Buraca, nos dias de 25 (27) a 29 de setembro de 2024. Mais informa\u00e7\u00f5es e inscri\u00e7\u00f5es na Secretaria da Par\u00f3quia. <strong>Reuni\u00e3o<\/strong> dos que j\u00e1 se inscreveram, esta quarta-feira, dia 04 de setembro, \u00e0s 19h30, aqui na Damaia.&nbsp;<\/p>\n\n\n\n<p>A partir de m\u00eas de setembro os Ministros Extraordin\u00e1rios da Comunh\u00e3o retomam as <strong>visitas aos doentes<\/strong>. Se algu\u00e9m conhece um doente ou um idoso que queira receber semanalmente a <strong>Santa Comunh\u00e3o<\/strong>, e ocasionalmente, a <strong>vista dos padres<\/strong> com a <strong>Sagrada Un\u00e7\u00e3o<\/strong> e <strong>Confiss\u00e3o<\/strong>, por favor trazer os nomes e as moradas para a Secretaria da Par\u00f3quia.&nbsp;<\/p>\n\n\n\n<p>Encontro para <strong>Pais e Padrinhos<\/strong>, esta sexta-feira, dia 06 de setembro, \u00e0s 20h.<\/p>\n\n\n\n<p class=\"has-text-align-right\">Pe. Crist\u00f3v\u00e3o Dworak, CSsR \u2013 o P\u00e1roco <\/p>\n\n\n\n<p class=\"has-text-align-right\">Damaia, 01 de setembro de 2024 <\/p>\n\n\n\n<p class=\"has-text-align-right\"><\/p>\n\n\n\n<p><\/p>\n","protected":false},"excerpt":{"rendered":"<p>&nbsp;01\/09\/2024 DOMINGO XXII DO TEMPO COMUM \u00a0\u201cSede cumpridores da palavra\u201d (cf. Tg 1, 22) Domingo | 01\/09 \u2013 Domingo XXII do Tempo Comum. Dia Mundial de Ora\u00e7\u00e3o pela Cria\u00e7\u00e3o: &#8220;Espera e age com a cria\u00e7\u00e3o&#8221; (Papa Francisco).&nbsp; 3\u00aa Feira | 03\/09 \u2013 Mem\u00f3ria de S. Greg\u00f3rio Magno, papa e doutor da Igreja. 4\u00aa Feira |<a class=\"more-link\" href=\"https:\/\/www.paroquia-damaia.pt\/old\/comunicacoes-paroquiais-4\/\">Continuar lendo <span class=\"screen-reader-text\">&#8220;Comunica\u00e7\u00f5es Paroquiais&#8221;<\/span><\/a><\/p>\n","protected":false},"author":5,"featured_media":0,"comment_status":"closed","ping_status":"open","sticky":false,"template":"","format":"standard","meta":{"footnotes":""},"categories":[4],"tags":[],"class_list":["post-40399","post","type-post","status-publish","format-standard","hentry","category-avisos-paroquiais","entry"],"_links":{"self":[{"href":"https:\/\/www.paroquia-damaia.pt\/old\/wp-json\/wp\/v2\/posts\/40399","targetHints":{"allow":["GET"]}}],"collection":[{"href":"https:\/\/www.paroquia-damaia.pt\/old\/wp-json\/wp\/v2\/posts"}],"about":[{"href":"https:\/\/www.paroquia-damaia.pt\/old\/wp-json\/wp\/v2\/types\/post"}],"author":[{"embeddable":true,"href":"https:\/\/www.paroquia-damaia.pt\/old\/wp-json\/wp\/v2\/users\/5"}],"replies":[{"embeddable":true,"href":"https:\/\/www.paroquia-damaia.pt\/old\/wp-json\/wp\/v2\/comments?post=40399"}],"version-history":[{"count":1,"href":"https:\/\/www.paroquia-damaia.pt\/old\/wp-json\/wp\/v2\/posts\/40399\/revisions"}],"predecessor-version":[{"id":40400,"href":"https:\/\/www.paroquia-damaia.pt\/old\/wp-json\/wp\/v2\/posts\/40399\/revisions\/40400"}],"wp:attachment":[{"href":"https:\/\/www.paroquia-damaia.pt\/old\/wp-json\/wp\/v2\/media?parent=40399"}],"wp:term":[{"taxonomy":"category","embeddable":true,"href":"https:\/\/www.paroquia-damaia.pt\/old\/wp-json\/wp\/v2\/categories?post=40399"},{"taxonomy":"post_tag","embeddable":true,"href":"https:\/\/www.paroquia-damaia.pt\/old\/wp-json\/wp\/v2\/tags?post=40399"}],"curies":[{"name":"wp","href":"https:\/\/api.w.org\/{rel}","templated":true}]}}