{"id":40402,"date":"2024-09-07T18:09:28","date_gmt":"2024-09-07T17:09:28","guid":{"rendered":"https:\/\/www.paroquia-damaia.pt\/old\/?p=40402"},"modified":"2024-09-07T18:09:28","modified_gmt":"2024-09-07T17:09:28","slug":"comunicacoes-paroquiais-5","status":"publish","type":"post","link":"https:\/\/www.paroquia-damaia.pt\/old\/comunicacoes-paroquiais-5\/","title":{"rendered":"Comunica\u00e7\u00f5es Paroquiais"},"content":{"rendered":"\n<p class=\"has-text-align-center\">&nbsp;<strong>08\/09\/2024<\/strong><\/p>\n\n\n\n<p class=\"has-text-align-center\"><strong>DOMINGO XXIII DO TEMPO COMUM<\/strong><\/p>\n\n\n\n<p class=\"has-text-align-center\"><strong><em>\u00a0\u201cEffath\u00e1 \u2013 Abre te\u201d (Mc 7, 34)<\/em><\/strong><\/p>\n\n\n\n<p><strong><em><u>Domingo | 08\/09<\/u><\/em><\/strong><strong><em> \u2013 <\/em><\/strong><strong>Domingo XXIII<\/strong> do Tempo Comum. Festa de <strong>N. Sra. da Boa Viagem<\/strong>.&nbsp; Anivers\u00e1rio natal\u00edcio de <strong>D. Nuno Isidro<\/strong>.<\/p>\n\n\n\n<p><strong><em><u>2\u00aa Feira | 09\/09<\/u><\/em><\/strong><strong><em> &#8211; <\/em><\/strong>Mem\u00f3ria de <strong>S. Pedro Claver, <\/strong>presb\u00edtero. Reuni\u00e3o do <strong>Conselho Econ\u00f3mico<\/strong> (19h).<\/p>\n\n\n\n<p><strong><em><u>4\u00aa Feira | 11\/09<\/u><\/em><\/strong><strong><em> \u2013<\/em><\/strong><strong> <\/strong>Missas com a <strong>Novena Perp\u00e9tua<\/strong>. Encontro de <strong>Catequistas<\/strong> (21h15)&nbsp;&nbsp;<\/p>\n\n\n\n<p><strong><em><u>5\u00aa Feira | 12\/09<\/u><\/em><\/strong><strong><em> <\/em><\/strong><em>\u2013<\/em> Mem\u00f3ria de <strong>Santo Nome de Maria<\/strong>. A<strong>dora\u00e7\u00e3o<\/strong> do Sant\u00edssimo Sacramento (18h15). <strong>Ter\u00e7o das Apari\u00e7\u00f5es<\/strong> na Igreja (21h).&nbsp;<\/p>\n\n\n\n<p><strong><em><u>6\u00aa Feira | 13\/09 <\/u><\/em><\/strong><strong><em>\u2013 <\/em><\/strong>Mem\u00f3ria de<strong> S. Jo\u00e3o Cris\u00f3stomo, <\/strong>bispo de doutor da Igreja.<\/p>\n\n\n\n<p><strong><em><u>S\u00e1bado | 14\/09 <\/u><\/em><\/strong><strong><em>\u2013 <\/em><\/strong>Festa da<strong> Exalta\u00e7\u00e3o da Santa Cruz. <\/strong>Reuni\u00e3o do<strong> Grupo Mission\u00e1rio Paroquial <\/strong>(GMP)\u2013 Prepara\u00e7\u00e3o do m\u00eas Mission\u00e1rio (10h).<\/p>\n\n\n\n<p><strong><em><u>Domingo | 15\/09<\/u><\/em><\/strong><strong><em> <\/em><\/strong><em>\u2013 <\/em><strong>Domingo XXIV<\/strong> do Tempo Comum. Virgem <strong>Santa Maria das Dores<\/strong>. &nbsp;&nbsp;&nbsp;<strong>&nbsp;<\/strong><\/p>\n\n\n\n<p>Aos <strong>aniversariantes <\/strong>desta semana desejamos muitas e copiosas b\u00ean\u00e7\u00e3os do Sant\u00edssimo Redentor e a Prote\u00e7\u00e3o da M\u00e3e de Deus.<\/p>\n\n\n\n<p><strong>Peregrina\u00e7\u00e3o a p\u00e9<\/strong> para F\u00e1tima: \u201c<em>Caminhamos juntos com Maria<\/em>\u201d, das comunidades Damaia, Venda Nova e Buraca, nos dias de 25 a 29 de setembro de 2024. Mais informa\u00e7\u00f5es e inscri\u00e7\u00f5es at\u00e9 o dia 15 de setembro, na Secretaria da Par\u00f3quia.&nbsp; &nbsp;&nbsp;<\/p>\n\n\n\n<p>Os Ministros Extraordin\u00e1rios da Comunh\u00e3o retomaram as <strong>visitas aos doentes<\/strong>. Se algu\u00e9m conhece um doente ou um idoso que queira receber semanalmente a <strong>Santa Comunh\u00e3o<\/strong>, e ocasionalmente, a <strong>vista dos padres<\/strong> com a <strong>Sagrada Un\u00e7\u00e3o<\/strong> e <strong>Confiss\u00e3o<\/strong>, por favor trazer os nomes e as moradas para a Secretaria da Par\u00f3quia.<\/p>\n\n\n\n<p>A renova\u00e7\u00e3o das <strong>inscri\u00e7\u00f5es da catequese 2024\/2025 <\/strong>v\u00e3o ser realizadasa partir do dia 15 at\u00e9 o dia 29 de setembro e devem ser feitas com catequistas. As primeiras inscri\u00e7\u00f5es ser\u00e3o feitas online ou com catequistas. Maiores informa\u00e7\u00f5es na Secretaria da Par\u00f3quia.<\/p>\n\n\n\n<p>As inscri\u00e7\u00f5es para <strong>novos ac\u00f3litos<\/strong> ser\u00e3o iniciadas a partir do dia 15 de setembro com sr. Jos\u00e9 Salsa e\/ou com o Pe. Il\u00eddio.<\/p>\n\n\n\n<p><strong>IX Feira do Fumeiro<\/strong>, de 11 a 15 de setembro no Largo da Igreja. Visite e apoie o stand da nossa Par\u00f3quia. Bem-haja.\u00a0<\/p>\n\n\n\n<p class=\"has-text-align-right\">Pe. Crist\u00f3v\u00e3o Dworak, CSsR \u2013 o P\u00e1roco<\/p>\n\n\n\n<p class=\"has-text-align-right\">Damaia, 08 de setembro de 2024<br><br><br><br><br><br><br><br><br><br><br><br><br><br><br><br><br><br><br><br><br><br><br><br><br><br><br><br><p class=\"MsoNormal\" style=\"margin-bottom:4.0pt;text-align:justify\"><b><i><u><span style=\"font-size:12.0pt\">Domingo | 08\/09<\/span><\/u><span style=\"font-size:12.0pt\"> \u2013 <\/span><\/i><span style=\"font-size:12.0pt\">Domingo XXIII<\/span><\/b><span style=\"font-size:12.0pt\"> do Tempo Comum. <\/span><span style=\"font-size:12.0pt\">Festa<br>de <b>N. Sra. da Boa Viagem<\/b>.<\/span><span style=\"font-size:12.0pt\"><span>\u00a0 <\/span><\/span><span style=\"font-size:12.0pt\">Anivers\u00e1rio<br>natal\u00edcio de <b>D. Nuno Isidro<\/b>.<\/span><b><i><u><span style=\"font-size:12.0pt\">2\u00aa Feira | 09\/09<\/span><\/u><span style=\"font-size:12.0pt\"> &#8211; <\/span><\/i><\/b><span style=\"font-size:12.0pt\">Mem\u00f3ria de <\/span><b><span style=\"font-size:12.0pt\">S. Pedro Claver, <\/span><\/b><span style=\"font-size:12.0pt\">presb\u00edtero.<br>Reuni\u00e3o do <\/span><b><span style=\"font-size:12.0pt\">Conselho<br>Econ\u00f3mico<\/span><\/b><span style=\"font-size:12.0pt\"> (19h). <\/span><b><i><u><span style=\"font-size:12.0pt\">4\u00aa Feira | 11\/09<\/span><\/u><span style=\"font-size:12.0pt\"> \u2013<\/span><\/i><span style=\"font-size:12.0pt\"> <\/span><\/b><span style=\"font-size:12.0pt\">Missas com a <\/span><b><span style=\"font-size:12.0pt\">Novena<br>Perp\u00e9tua<\/span><\/b><span style=\"font-size:12.0pt\">. Encontro de <\/span><b><span style=\"font-size:12.0pt\">Catequistas<\/span><\/b><span style=\"font-size:12.0pt\"> (21h15)<span>\u00a0\u00a0 <\/span><\/span><b><i><u><span style=\"font-size:12.0pt\">5\u00aa Feira | 12\/09<\/span><\/u><span style=\"font-size:12.0pt\"> <\/span><\/i><\/b><i><span style=\"font-size:12.0pt\">\u2013<\/span><\/i><span style=\"font-size:12.0pt\"><br>Mem\u00f3ria de <\/span><b><span style=\"font-size:12.0pt\">Santo<br>Nome de Maria<\/span><\/b><span style=\"font-size:12.0pt\">. A<\/span><b><span style=\"font-size:12.0pt\">dora\u00e7\u00e3o<\/span><\/b><span style=\"font-size:12.0pt\"> do Sant\u00edssimo Sacramento (18h15). <\/span><b><span style=\"font-size:12.0pt\">Ter\u00e7o das Apari\u00e7\u00f5es<\/span><\/b><span style=\"font-size:12.0pt\"> na Igreja (21h).<span>\u00a0<br><\/span><\/span><b><i><u><span style=\"font-size:12.0pt\">6\u00aa Feira | 13\/09 <\/span><\/u><span style=\"font-size:12.0pt\">\u2013 <\/span><\/i><\/b><span style=\"font-size:12.0pt\">Mem\u00f3ria de<\/span><b><span style=\"font-size:12.0pt\"> S. Jo\u00e3o Cris\u00f3stomo, <\/span><\/b><span style=\"font-size:12.0pt\">bispo<br>de doutor da Igreja. <\/span><b><i><u><span style=\"font-size:12.0pt\">S\u00e1bado | 14\/09 <\/span><\/u><span style=\"font-size:12.0pt\">\u2013 <\/span><\/i><\/b><span style=\"font-size:12.0pt\">Festa<br>da<b> Exalta\u00e7\u00e3o da Santa Cruz. <\/b>Reuni\u00e3o do<b> Grupo Mission\u00e1rio Paroquial <\/b>(GMP)<b><br><\/b>\u2013 Prepara\u00e7\u00e3o do m\u00eas Mission\u00e1rio (10h).<b> <\/b><span><\/span><\/span><b><i><u><span style=\"font-size:12.0pt\">Domingo | 15\/09<\/span><\/u><span style=\"font-size:12.0pt\"> <\/span><\/i><\/b><i><span style=\"font-size:12.0pt\">\u2013 <\/span><\/i><b><span style=\"font-size:12.0pt\">Domingo<br>XXIV<\/span><\/b><span style=\"font-size:12.0pt\"> do Tempo Comum. Virgem <\/span><b><span style=\"font-size:12.0pt\">Santa Maria das Dores<\/span><\/b><span style=\"font-size:12.0pt\">. <span>\u00a0\u00a0\u00a0<\/span><b><span>\u00a0<\/span><\/b><\/span><span style=\"font-size:12.0pt\">Aos<br><b>aniversariantes <\/b>desta semana desejamos muitas e copiosas b\u00ean\u00e7\u00e3os do<br>Sant\u00edssimo Redentor e a Prote\u00e7\u00e3o da M\u00e3e de Deus.<\/span><b><span style=\"font-size:12.0pt\">Peregrina\u00e7\u00e3o<br>a p\u00e9<\/span><\/b><span style=\"font-size:12.0pt\"> para F\u00e1tima: \u201c<i>Caminhamos juntos com Maria<\/i>\u201d,<br>das comunidades Damaia, Venda Nova e Buraca, nos dias de 25 a 29 de setembro de<br>2024. Mais informa\u00e7\u00f5es e inscri\u00e7\u00f5es at\u00e9 o dia 15 de setembro, na Secretaria da<br>Par\u00f3quia.<span>\u00a0 \u00a0\u00a0<\/span><\/span><span style=\"font-size:12.0pt\">Os<br>Ministros Extraordin\u00e1rios da Comunh\u00e3o retomaram as <b>visitas aos doentes<\/b>.<br>Se algu\u00e9m conhece um doente ou um idoso que queira receber semanalmente a <b>Santa<br>Comunh\u00e3o<\/b>, e ocasionalmente, a <b>vista dos padres<\/b> com a <b>Sagrada<br>Un\u00e7\u00e3o<\/b> e <b>Confiss\u00e3o<\/b>, por favor trazer os nomes e as moradas para a<br>Secretaria da Par\u00f3quia.<\/span><span style=\"font-size:12.0pt\">A renova\u00e7\u00e3o das <b>inscri\u00e7\u00f5es da catequese<br>2024\/2025 <\/b>v\u00e3o ser realizadas<b> <\/b>a partir do dia 15 at\u00e9 o dia 29 de<br>setembro e devem ser feitas com catequistas. As primeiras inscri\u00e7\u00f5es ser\u00e3o<br>feitas online ou com catequistas. Maiores informa\u00e7\u00f5es na Secretaria da<br>Par\u00f3quia.As inscri\u00e7\u00f5es para <b>novos ac\u00f3litos<\/b> ser\u00e3o<br>iniciadas a partir do dia 15 de setembro com sr. Jos\u00e9 Salsa e\/ou com o Pe.<br>Il\u00eddio. <\/span><span style=\"font-size:12.0pt\"><\/span><b><span style=\"font-size:12.0pt\">IX<br>Feira do Fumeiro<\/span><\/b><span style=\"font-size:12.0pt\">, de 11 a 15 de setembro no Largo da Igreja. Visite<br>e apoie o stand da nossa Par\u00f3quia. Bem-haja.<span>\u00a0<br><\/span><\/span><\/p><\/p>\n","protected":false},"excerpt":{"rendered":"<p>&nbsp;08\/09\/2024 DOMINGO XXIII DO TEMPO COMUM \u00a0\u201cEffath\u00e1 \u2013 Abre te\u201d (Mc 7, 34) Domingo | 08\/09 \u2013 Domingo XXIII do Tempo Comum. Festa de N. Sra. da Boa Viagem.&nbsp; Anivers\u00e1rio natal\u00edcio de D. Nuno Isidro. 2\u00aa Feira | 09\/09 &#8211; Mem\u00f3ria de S. Pedro Claver, presb\u00edtero. Reuni\u00e3o do Conselho Econ\u00f3mico (19h). 4\u00aa Feira | 11\/09<a class=\"more-link\" href=\"https:\/\/www.paroquia-damaia.pt\/old\/comunicacoes-paroquiais-5\/\">Continuar lendo <span class=\"screen-reader-text\">&#8220;Comunica\u00e7\u00f5es Paroquiais&#8221;<\/span><\/a><\/p>\n","protected":false},"author":5,"featured_media":0,"comment_status":"closed","ping_status":"open","sticky":false,"template":"","format":"standard","meta":{"footnotes":""},"categories":[4],"tags":[],"class_list":["post-40402","post","type-post","status-publish","format-standard","hentry","category-avisos-paroquiais","entry"],"_links":{"self":[{"href":"https:\/\/www.paroquia-damaia.pt\/old\/wp-json\/wp\/v2\/posts\/40402","targetHints":{"allow":["GET"]}}],"collection":[{"href":"https:\/\/www.paroquia-damaia.pt\/old\/wp-json\/wp\/v2\/posts"}],"about":[{"href":"https:\/\/www.paroquia-damaia.pt\/old\/wp-json\/wp\/v2\/types\/post"}],"author":[{"embeddable":true,"href":"https:\/\/www.paroquia-damaia.pt\/old\/wp-json\/wp\/v2\/users\/5"}],"replies":[{"embeddable":true,"href":"https:\/\/www.paroquia-damaia.pt\/old\/wp-json\/wp\/v2\/comments?post=40402"}],"version-history":[{"count":1,"href":"https:\/\/www.paroquia-damaia.pt\/old\/wp-json\/wp\/v2\/posts\/40402\/revisions"}],"predecessor-version":[{"id":40403,"href":"https:\/\/www.paroquia-damaia.pt\/old\/wp-json\/wp\/v2\/posts\/40402\/revisions\/40403"}],"wp:attachment":[{"href":"https:\/\/www.paroquia-damaia.pt\/old\/wp-json\/wp\/v2\/media?parent=40402"}],"wp:term":[{"taxonomy":"category","embeddable":true,"href":"https:\/\/www.paroquia-damaia.pt\/old\/wp-json\/wp\/v2\/categories?post=40402"},{"taxonomy":"post_tag","embeddable":true,"href":"https:\/\/www.paroquia-damaia.pt\/old\/wp-json\/wp\/v2\/tags?post=40402"}],"curies":[{"name":"wp","href":"https:\/\/api.w.org\/{rel}","templated":true}]}}