{"id":40407,"date":"2024-09-22T17:48:12","date_gmt":"2024-09-22T16:48:12","guid":{"rendered":"https:\/\/www.paroquia-damaia.pt\/old\/?p=40407"},"modified":"2024-09-22T17:48:12","modified_gmt":"2024-09-22T16:48:12","slug":"comunicacoes-paroquiais-7","status":"publish","type":"post","link":"https:\/\/www.paroquia-damaia.pt\/old\/comunicacoes-paroquiais-7\/","title":{"rendered":"Comunica\u00e7\u00f5es Paroquiais"},"content":{"rendered":"\n<p class=\"has-text-align-center\">&nbsp;<strong>22\/09\/2024<\/strong><\/p>\n\n\n\n<p class=\"has-text-align-center\"><strong>DOMINGO XXV DO TEMPO COMUM<em>\u00a0<\/em><\/strong><\/p>\n\n\n\n<p class=\"has-text-align-center\"><strong><em>\u201cQuem quiser ser o primeiro ser\u00e1 o \u00faltimo de todos e o servo de todos<\/em><\/strong><em>\u201d(Mc 9,35)<\/em><\/p>\n\n\n\n<p><strong><em><u>Domingo | 22\/09<\/u><\/em><\/strong><strong><em> \u2013 <\/em><\/strong><strong>Domingo XXV<\/strong> do Tempo Comum. <em><\/em><\/p>\n\n\n\n<p><strong><em><u>2\u00aa Feira | 23\/09<\/u><\/em><\/strong><strong><em> &#8211; <\/em><\/strong>Mem\u00f3ria de <strong>S. Pio de Pietrelcina, <\/strong>presb\u00edtero.<\/p>\n\n\n\n<p><strong><em><u>4\u00aa Feira | 25\/09<\/u><\/em><\/strong><strong><em> \u2013 <\/em><\/strong>Missas com a <strong>Novena Perp\u00e9tua<\/strong>. In\u00edcio da <strong>Peregrina\u00e7\u00e3o \u00e0 p\u00e9<\/strong> para F\u00e1tima. &nbsp;&nbsp;<\/p>\n\n\n\n<p><strong><em><u>5\u00aa Feira | 26\/09<\/u><\/em><\/strong><strong><em> <\/em><\/strong><em>\u2013<\/em> Mem\u00f3ria de <strong>Santos Cosme e Dami\u00e3o, <\/strong>m\u00e1rtires.<strong> <\/strong>A<strong>dora\u00e7\u00e3o<\/strong> do Sant\u00edssimo Sacramento (18h15). &nbsp;&nbsp;<\/p>\n\n\n\n<p><strong><em><u>6\u00aa Feira | 27\/09 <\/u><\/em><\/strong><strong><em>\u2013 <\/em><\/strong>Mem\u00f3ria de<strong> S. Vicente de Paulo, <\/strong>presb\u00edtero.<strong> <\/strong>&nbsp;<\/p>\n\n\n\n<p><strong><em><u>S\u00e1bado | 28\/09 <\/u><\/em><\/strong><strong><em>\u2013 <\/em><\/strong>Mem\u00f3ria de<strong> S. Venceslau, Louren\u00e7o Ruiz e Companheiros, <\/strong>m\u00e1rtires. Abertura do <strong>M\u00eas Mission\u00e1rio<\/strong>.<\/p>\n\n\n\n<p><strong><em><u>Domingo | 29\/09<\/u><\/em><\/strong><strong><em> <\/em><\/strong><em>\u2013 <\/em><strong>Domingo XXVI<\/strong> do Tempo Comum. &nbsp;&nbsp;&nbsp;&nbsp;&nbsp;<strong>&nbsp;<\/strong><\/p>\n\n\n\n<p>Aos <strong>aniversariantes <\/strong>desta semana desejamos muitas e copiosas b\u00ean\u00e7\u00e3os do Sant\u00edssimo Redentor e a Prote\u00e7\u00e3o da M\u00e3e de Deus.<\/p>\n\n\n\n<p>Os Ministros Extraordin\u00e1rios da Comunh\u00e3o retomaram as <strong>visitas aos doentes<\/strong>. Se algu\u00e9m conhece um doente ou um idoso que queira receber semanalmente a <strong>Santa Comunh\u00e3o<\/strong>, e ocasionalmente, a <strong>visita dos padres<\/strong> com a <strong>Sagrada Un\u00e7\u00e3o<\/strong> e <strong>Confiss\u00e3o<\/strong>, por favor trazer os nomes e as moradas para a Secretaria da Par\u00f3quia.<\/p>\n\n\n\n<p>A renova\u00e7\u00e3o das <strong>inscri\u00e7\u00f5es da catequese 2024\/2025 <\/strong>v\u00e3o ser realizadasat\u00e9 o dia 29 de setembro, atrav\u00e9s do site ou com formul\u00e1rio pr\u00f3prio na Secretaria da Par\u00f3quia. Est\u00e3o abertas tamb\u00e9m as inscri\u00e7\u00f5es para a Catequese de Adultos.<\/p>\n\n\n\n<p>Continuam as inscri\u00e7\u00f5es para <strong>novos ac\u00f3litos<\/strong> com sr. Jos\u00e9 Salsa e\/ou com o Pe. Il\u00eddio.<\/p>\n\n\n\n<p>O m\u00eas de outubro, como o <strong>m\u00eas Mission\u00e1rio<\/strong> pretende ser mais dinamizado. Adquira j\u00e1 o <strong>Gui\u00e3o Mission\u00e1rio<\/strong> 2024-2025 que ser\u00e1 usado em diversas celebra\u00e7\u00f5es ao longo do m\u00eas de outubro e ao longo de todo o ano pastoral.&nbsp;<\/p>\n\n\n\n<p><strong>No M\u00eas mission\u00e1rio<\/strong> deste ano pretendemos tornar vis\u00edvel a presen\u00e7a de diversas nacionalidades que se fazem parte da nossa par\u00f3quia, como: Angola, Cabo Verde, Brasil, S\u00e3o Tom\u00e9 e Pr\u00edncipe, Venezuela, Vietnam, A\u00e7ores, Guin\u00e9-Bissau, al\u00e9m de Portugal e da Pol\u00f3nia. &nbsp;Se h\u00e1 ainda algu\u00e9m de outros pa\u00edses, por favor falar connosco depois da missa. &nbsp;&nbsp;<\/p>\n\n\n\n<p><strong>Agradecemos <\/strong>a todos os que colaboraram com o nosso stand na IX Feira do Fumeiro. A ajuda que veio desta atividade para a nossa Par\u00f3quia foi de <strong>477,38\u20ac<\/strong>. Bem-haja. &nbsp;<\/p>\n\n\n\n<p class=\"has-text-align-right\">Pe. Crist\u00f3v\u00e3o Dworak, CSsR \u2013 o P\u00e1roco <\/p>\n\n\n\n<p class=\"has-text-align-right\">Damaia, 22 de setembro de 2024<\/p>\n\n\n\n<p><\/p>\n","protected":false},"excerpt":{"rendered":"<p>&nbsp;22\/09\/2024 DOMINGO XXV DO TEMPO COMUM\u00a0 \u201cQuem quiser ser o primeiro ser\u00e1 o \u00faltimo de todos e o servo de todos\u201d(Mc 9,35) Domingo | 22\/09 \u2013 Domingo XXV do Tempo Comum. 2\u00aa Feira | 23\/09 &#8211; Mem\u00f3ria de S. Pio de Pietrelcina, presb\u00edtero. 4\u00aa Feira | 25\/09 \u2013 Missas com a Novena Perp\u00e9tua. In\u00edcio da<a class=\"more-link\" href=\"https:\/\/www.paroquia-damaia.pt\/old\/comunicacoes-paroquiais-7\/\">Continuar lendo <span class=\"screen-reader-text\">&#8220;Comunica\u00e7\u00f5es Paroquiais&#8221;<\/span><\/a><\/p>\n","protected":false},"author":5,"featured_media":0,"comment_status":"closed","ping_status":"open","sticky":false,"template":"","format":"standard","meta":{"footnotes":""},"categories":[4],"tags":[],"class_list":["post-40407","post","type-post","status-publish","format-standard","hentry","category-avisos-paroquiais","entry"],"_links":{"self":[{"href":"https:\/\/www.paroquia-damaia.pt\/old\/wp-json\/wp\/v2\/posts\/40407","targetHints":{"allow":["GET"]}}],"collection":[{"href":"https:\/\/www.paroquia-damaia.pt\/old\/wp-json\/wp\/v2\/posts"}],"about":[{"href":"https:\/\/www.paroquia-damaia.pt\/old\/wp-json\/wp\/v2\/types\/post"}],"author":[{"embeddable":true,"href":"https:\/\/www.paroquia-damaia.pt\/old\/wp-json\/wp\/v2\/users\/5"}],"replies":[{"embeddable":true,"href":"https:\/\/www.paroquia-damaia.pt\/old\/wp-json\/wp\/v2\/comments?post=40407"}],"version-history":[{"count":1,"href":"https:\/\/www.paroquia-damaia.pt\/old\/wp-json\/wp\/v2\/posts\/40407\/revisions"}],"predecessor-version":[{"id":40408,"href":"https:\/\/www.paroquia-damaia.pt\/old\/wp-json\/wp\/v2\/posts\/40407\/revisions\/40408"}],"wp:attachment":[{"href":"https:\/\/www.paroquia-damaia.pt\/old\/wp-json\/wp\/v2\/media?parent=40407"}],"wp:term":[{"taxonomy":"category","embeddable":true,"href":"https:\/\/www.paroquia-damaia.pt\/old\/wp-json\/wp\/v2\/categories?post=40407"},{"taxonomy":"post_tag","embeddable":true,"href":"https:\/\/www.paroquia-damaia.pt\/old\/wp-json\/wp\/v2\/tags?post=40407"}],"curies":[{"name":"wp","href":"https:\/\/api.w.org\/{rel}","templated":true}]}}