{"id":40416,"date":"2024-10-13T11:09:10","date_gmt":"2024-10-13T10:09:10","guid":{"rendered":"https:\/\/www.paroquia-damaia.pt\/old\/?p=40416"},"modified":"2024-10-13T11:09:10","modified_gmt":"2024-10-13T10:09:10","slug":"comunicacoes-paroquiais-8","status":"publish","type":"post","link":"https:\/\/www.paroquia-damaia.pt\/old\/comunicacoes-paroquiais-8\/","title":{"rendered":"Comunica\u00e7\u00f5es Paroquiais"},"content":{"rendered":"\n<p class=\"has-text-align-center\">&nbsp;<strong>13\/10\/2024<\/strong><\/p>\n\n\n\n<p class=\"has-text-align-center\"><strong>DOMINGO XXVIII DO TEMPO COMUM<\/strong><\/p>\n\n\n\n<p class=\"has-text-align-center\"><strong><em>Outubro: M\u00eas Mission\u00e1rio e M\u00eas do Santo Ros\u00e1rio<\/em><\/strong><strong><em>&nbsp;\u201cBom Mestre, que devo fazer para alcan\u00e7ar a vida eterna?\u201d<\/em><\/strong><em> (Mc 10,17)<\/em><\/p>\n\n\n\n<p><strong><em><u>Domingo | 13\/10<\/u><\/em><\/strong><strong><em> \u2013 <\/em><\/strong><strong>Domingo XXVIII<\/strong> do Tempo Comum. <em><\/em><\/p>\n\n\n\n<p><strong><em><u>2\u00aa Feira | 14\/10<\/u><\/em><\/strong><strong><em> &#8211; <\/em><\/strong>Mem\u00f3ria de <strong>S. Calisto I, <\/strong>papa e m\u00e1rtir.<\/p>\n\n\n\n<p><strong><em><u>3\u00aa Feira | 15\/10<\/u><\/em><\/strong><strong><em> \u2013 <\/em><\/strong>Mem\u00f3ria de<strong> S. Teresa de Jesus, <\/strong>virgem e doutora da Igreja. &nbsp;<a>E<\/a>studos b\u00edblico-lit\u00fargicos para <strong>leitores <\/strong>(19h45).<\/p>\n\n\n\n<p><strong><em><u>4\u00aa Feira | 16\/10<\/u><\/em><\/strong><strong><em> \u2013 <\/em><\/strong>Mem\u00f3ria<strong><em> <\/em><\/strong>de <strong>S. Gerardo Maria Majella, <\/strong>religioso redentorista.<strong> &nbsp;<\/strong>Missas com a <strong>Novena Perp\u00e9tua<\/strong>.<\/p>\n\n\n\n<p><strong><em><u>5\u00aa Feira | 17\/10<\/u><\/em><\/strong><strong><em> <\/em><\/strong><em>\u2013<\/em> Mem\u00f3ria de <strong>S. In\u00e1cio de Antioquia<\/strong>, bispo e m\u00e1rtir. A<strong>dora\u00e7\u00e3o<\/strong> do Sant\u00edssimo Sacramento (18h15). <a>Reuni\u00e3o da <\/a>Equipa da <strong>Comunica\u00e7\u00e3o<\/strong> (21h)&nbsp;&nbsp;<\/p>\n\n\n\n<p><strong><em><u>6\u00aa Feira | 18\/10 <\/u><\/em><\/strong><strong><em>\u2013 <\/em><\/strong><strong>Festa de S. Lucas, <\/strong>Evangelista. Reuni\u00e3o da Equipa de <strong>Arquitetos<\/strong> (21h).<\/p>\n\n\n\n<p><strong><em><u>S\u00e1bado | 19\/10 <\/u><\/em><\/strong><strong><em>\u2013 <\/em><\/strong>Mem\u00f3ria de<strong> <a>S. Paulo da Cruz, presb\u00edtero.<\/a> <\/strong><strong>MIL Ave Marias<\/strong> (Capela, 08h30). Encontro para <strong>Pais e Padrinhos<\/strong> (10h). <strong>Missa na Damaia de Baixo<\/strong> (17h). Novena a <strong>S. Jos\u00e9<\/strong> (18h). <strong>Vig\u00edlia mission\u00e1ria<\/strong> (21h). Encontro Diocesano de <strong>C\u00e1ritas<\/strong>.<\/p>\n\n\n\n<p><strong><em><u>Domingo | 20\/10<\/u><\/em><\/strong><strong><em> <\/em><\/strong><em>\u2013 <\/em><strong>Domingo XXIX<\/strong> do Tempo Comum. <strong>Dia Mundial das Miss\u00f5es<\/strong>. Em todas as Dioceses de Portugal \u2013 <strong>Ofert\u00f3rio<\/strong> para as miss\u00f5es. Solenidade do Sant\u00edssimo Redentor na Congrega\u00e7\u00e3o das Irm\u00e3s <strong>Oblatas do Sant\u00edssimo Redentor<\/strong>.<strong><\/strong><\/p>\n\n\n\n<p>Aos <strong>aniversariantes <\/strong>desta semana desejamos muitas e copiosas b\u00ean\u00e7\u00e3os do Sant\u00edssimo Redentor e a Prote\u00e7\u00e3o da M\u00e3e de Deus.<\/p>\n\n\n\n<p>Estamos precisando de pessoas que saibam <strong>tocar algum instrumento<\/strong> para fazer parte de nossos grupos de cantos. Quem gostaria de ajudar nesta miss\u00e3o, por favor falar com o Pe. Crist\u00f3v\u00e3o.<\/p>\n\n\n\n<p><strong>Confira a Agenda<\/strong> do m\u00eas de outubro. Visite a nossa <strong>Sala de conv\u00edvio<\/strong>.<\/p>\n\n\n\n<p class=\"has-text-align-right\">Pe. Crist\u00f3v\u00e3o Dworak, CSsR \u2013 o P\u00e1roco <\/p>\n\n\n\n<p class=\"has-text-align-right\">Damaia, 13 de outubro de 2024<\/p>\n\n\n\n<p><\/p>\n","protected":false},"excerpt":{"rendered":"<p>&nbsp;13\/10\/2024 DOMINGO XXVIII DO TEMPO COMUM Outubro: M\u00eas Mission\u00e1rio e M\u00eas do Santo Ros\u00e1rio&nbsp;\u201cBom Mestre, que devo fazer para alcan\u00e7ar a vida eterna?\u201d (Mc 10,17) Domingo | 13\/10 \u2013 Domingo XXVIII do Tempo Comum. 2\u00aa Feira | 14\/10 &#8211; Mem\u00f3ria de S. Calisto I, papa e m\u00e1rtir. 3\u00aa Feira | 15\/10 \u2013 Mem\u00f3ria de S.<a class=\"more-link\" href=\"https:\/\/www.paroquia-damaia.pt\/old\/comunicacoes-paroquiais-8\/\">Continuar lendo <span class=\"screen-reader-text\">&#8220;Comunica\u00e7\u00f5es Paroquiais&#8221;<\/span><\/a><\/p>\n","protected":false},"author":5,"featured_media":0,"comment_status":"closed","ping_status":"open","sticky":false,"template":"","format":"standard","meta":{"footnotes":""},"categories":[4],"tags":[],"class_list":["post-40416","post","type-post","status-publish","format-standard","hentry","category-avisos-paroquiais","entry"],"_links":{"self":[{"href":"https:\/\/www.paroquia-damaia.pt\/old\/wp-json\/wp\/v2\/posts\/40416","targetHints":{"allow":["GET"]}}],"collection":[{"href":"https:\/\/www.paroquia-damaia.pt\/old\/wp-json\/wp\/v2\/posts"}],"about":[{"href":"https:\/\/www.paroquia-damaia.pt\/old\/wp-json\/wp\/v2\/types\/post"}],"author":[{"embeddable":true,"href":"https:\/\/www.paroquia-damaia.pt\/old\/wp-json\/wp\/v2\/users\/5"}],"replies":[{"embeddable":true,"href":"https:\/\/www.paroquia-damaia.pt\/old\/wp-json\/wp\/v2\/comments?post=40416"}],"version-history":[{"count":1,"href":"https:\/\/www.paroquia-damaia.pt\/old\/wp-json\/wp\/v2\/posts\/40416\/revisions"}],"predecessor-version":[{"id":40417,"href":"https:\/\/www.paroquia-damaia.pt\/old\/wp-json\/wp\/v2\/posts\/40416\/revisions\/40417"}],"wp:attachment":[{"href":"https:\/\/www.paroquia-damaia.pt\/old\/wp-json\/wp\/v2\/media?parent=40416"}],"wp:term":[{"taxonomy":"category","embeddable":true,"href":"https:\/\/www.paroquia-damaia.pt\/old\/wp-json\/wp\/v2\/categories?post=40416"},{"taxonomy":"post_tag","embeddable":true,"href":"https:\/\/www.paroquia-damaia.pt\/old\/wp-json\/wp\/v2\/tags?post=40416"}],"curies":[{"name":"wp","href":"https:\/\/api.w.org\/{rel}","templated":true}]}}