{"id":40422,"date":"2024-11-11T10:58:50","date_gmt":"2024-11-11T09:58:50","guid":{"rendered":"https:\/\/www.paroquia-damaia.pt\/old\/?p=40422"},"modified":"2024-11-11T10:58:50","modified_gmt":"2024-11-11T09:58:50","slug":"comunicacoes-paroquiais-9","status":"publish","type":"post","link":"https:\/\/www.paroquia-damaia.pt\/old\/comunicacoes-paroquiais-9\/","title":{"rendered":"Comunica\u00e7\u00f5es Paroquiais"},"content":{"rendered":"\n<p class=\"has-text-align-center\">&nbsp;<strong>10\/11\/2024<\/strong><\/p>\n\n\n\n<p class=\"has-text-align-center\"><strong>DOMINGO XXXII DO TEMPO COMUM<\/strong><\/p>\n\n\n\n<p class=\"has-text-align-center\"><strong><em>\u201cJesus Cristo \u00e9 o Senhor! A Ele a gl\u00f3ria e o poder pelos s\u00e9culos dos s\u00e9culos\u201d <\/em><\/strong><em>(cf. Ap 1,5-6)<\/em><strong><em><\/em><\/strong><\/p>\n\n\n\n<p><strong><em><u>Domingo | 10\/11<\/u><\/em><\/strong><strong><em> \u2013 <\/em><\/strong><strong>Domingo XXXII<\/strong> do Tempo Comum. \u00c9 <strong>Dia da Voca\u00e7\u00e3o Redentorista<\/strong>. <strong>JEB<\/strong>: Palestra &#8211; <em>\u201cEspiritualidade Mission\u00e1ria da Congrega\u00e7\u00e3o do Sant\u00edssimo Redentor\u201d<\/em> (17h). Depois da palestra uma breve reuni\u00e3o extraordin\u00e1ria com os Coordenadores de Coros (18h)<\/p>\n\n\n\n<p><strong><em><u>2\u00aa Feira | 11\/11<\/u><\/em><\/strong><strong><em> <\/em><\/strong><strong>\u2013 <\/strong>Mem\u00f3ria de<strong> S. Martinho de Tours, <\/strong>bispo.<strong> &nbsp;<\/strong><\/p>\n\n\n\n<p><strong><em><u>3\u00aa Feira | 12\/11<\/u><\/em><\/strong><strong><em> <\/em><\/strong><strong>\u2013 <\/strong>Mem\u00f3ria de<strong> S. Josafat, <\/strong>Bispo.<\/p>\n\n\n\n<p><strong><em><u>4\u00aa Feira | 13\/11<\/u><\/em><\/strong><strong><em> \u2013<\/em><\/strong><strong> <\/strong>Missas com a <strong>Novena Perp\u00e9tua<\/strong>.<\/p>\n\n\n\n<p><strong><em><u>5\u00aa Feira |14\/11<\/u><\/em><\/strong><strong><em> <\/em><\/strong><em>\u2013<\/em> A<strong>dora\u00e7\u00e3o<\/strong> do Sant\u00edssimo Sacramento (18h15). Encontro mensal de <strong>Catequistas<\/strong> (21h).<\/p>\n\n\n\n<p><strong><em><u>6\u00aa Feira | 15\/11<\/u><\/em><\/strong><strong><em> <\/em><\/strong><em>\u2013<\/em> &nbsp;&nbsp;Mem\u00f3ria de <strong>S. Alberto Magno<\/strong>, bispo e doutor da Igreja.&nbsp;<\/p>\n\n\n\n<p><strong><em><u>S\u00e1bado | 16\/11 <\/u><\/em><\/strong><strong><em>\u2013 <\/em><\/strong><a>Mem\u00f3ria de<\/a><strong> S. Margarida da Esc\u00f3cia <\/strong>e de<strong> S. Gertrudes, <\/strong>virgem<a><\/a>. <strong>GMP: Reuni\u00e3o da Equipa<\/strong> \u2013 Avalia\u00e7\u00e3o do m\u00eas mission\u00e1rio\/ Orat\u00f3rios da Sagrada Fam\u00edlia (09h30); <strong>Coros<\/strong>: Ensaio de Akathistos (Igreja, 15h30); Missa na Damaia de Baixo (17h). <strong><em>Magusto<\/em><\/strong> preparado pela Juventude (19h30). &nbsp;<\/p>\n\n\n\n<p><strong><em><u>Domingo | 17\/11<\/u><\/em><\/strong><strong><em> <\/em><\/strong><em>\u2013 <\/em><strong>XXXIII Domingo<\/strong> do Tempo Comum. <strong>Dia Mundial dos Pobres<\/strong>.&nbsp; <strong>Coros<\/strong>: Encontro com cantores e m\u00fasicos do Akathistos (15h30). <strong><\/strong><\/p>\n\n\n\n<p>Aos <strong>aniversariantes <\/strong>desta semana desejamos muitas e copiosas b\u00ean\u00e7\u00e3os do Sant\u00edssimo Redentor e a Prote\u00e7\u00e3o da M\u00e3e de Deus.<\/p>\n\n\n\n<p>Reuni\u00e3o do <strong>Conselho Pastoral Paroquial, <\/strong>no dia<strong> 23 de novembro, \u00e0s 16h<\/strong>. Nesta reuni\u00e3o ser\u00e1 oficialmente apresentado a <strong>Agenda Pastoral 2024\/2025<\/strong> da nossa Par\u00f3quia.<\/p>\n\n\n\n<p>Convidamos os <strong>jovens<\/strong> da nossa Par\u00f3quia, os que est\u00e3o nos grupos de jovens ou n\u00e3o, para juntos participarmos do <strong>Encontro Europeu de Jovens da Fam\u00edlia Redentorista<\/strong> que ser\u00e1 realizado nos dias <strong>30 de julho a 03 de agosto<\/strong> de 2025, em Limerick &#8211; Irlanda. Aos interessados que fa\u00e7am o favor de falar com os padres ou com Hugo. \u00c9 importante que as nossas par\u00f3quias sejam representadas neste encontro. Para ajudar os nossos jovens com as despesas do encontro, ser\u00e3o realizados alguns <strong>eventos<\/strong>, inclusive o <strong>Magusto<\/strong> e o <strong>Loto da Juventude<\/strong>. &nbsp;<\/p>\n\n\n\n<p>Pe. Crist\u00f3v\u00e3o Dworak, CSsR \u2013 O P\u00e1roco<\/p>\n\n\n\n<p>Damaia, 10 de novembro de 2024<\/p>\n\n\n\n<p><\/p>\n","protected":false},"excerpt":{"rendered":"<p>&nbsp;10\/11\/2024 DOMINGO XXXII DO TEMPO COMUM \u201cJesus Cristo \u00e9 o Senhor! A Ele a gl\u00f3ria e o poder pelos s\u00e9culos dos s\u00e9culos\u201d (cf. Ap 1,5-6) Domingo | 10\/11 \u2013 Domingo XXXII do Tempo Comum. \u00c9 Dia da Voca\u00e7\u00e3o Redentorista. JEB: Palestra &#8211; \u201cEspiritualidade Mission\u00e1ria da Congrega\u00e7\u00e3o do Sant\u00edssimo Redentor\u201d (17h). Depois da palestra uma breve<a class=\"more-link\" href=\"https:\/\/www.paroquia-damaia.pt\/old\/comunicacoes-paroquiais-9\/\">Continuar lendo <span class=\"screen-reader-text\">&#8220;Comunica\u00e7\u00f5es Paroquiais&#8221;<\/span><\/a><\/p>\n","protected":false},"author":5,"featured_media":0,"comment_status":"closed","ping_status":"open","sticky":false,"template":"","format":"standard","meta":{"footnotes":""},"categories":[4],"tags":[],"class_list":["post-40422","post","type-post","status-publish","format-standard","hentry","category-avisos-paroquiais","entry"],"_links":{"self":[{"href":"https:\/\/www.paroquia-damaia.pt\/old\/wp-json\/wp\/v2\/posts\/40422","targetHints":{"allow":["GET"]}}],"collection":[{"href":"https:\/\/www.paroquia-damaia.pt\/old\/wp-json\/wp\/v2\/posts"}],"about":[{"href":"https:\/\/www.paroquia-damaia.pt\/old\/wp-json\/wp\/v2\/types\/post"}],"author":[{"embeddable":true,"href":"https:\/\/www.paroquia-damaia.pt\/old\/wp-json\/wp\/v2\/users\/5"}],"replies":[{"embeddable":true,"href":"https:\/\/www.paroquia-damaia.pt\/old\/wp-json\/wp\/v2\/comments?post=40422"}],"version-history":[{"count":1,"href":"https:\/\/www.paroquia-damaia.pt\/old\/wp-json\/wp\/v2\/posts\/40422\/revisions"}],"predecessor-version":[{"id":40423,"href":"https:\/\/www.paroquia-damaia.pt\/old\/wp-json\/wp\/v2\/posts\/40422\/revisions\/40423"}],"wp:attachment":[{"href":"https:\/\/www.paroquia-damaia.pt\/old\/wp-json\/wp\/v2\/media?parent=40422"}],"wp:term":[{"taxonomy":"category","embeddable":true,"href":"https:\/\/www.paroquia-damaia.pt\/old\/wp-json\/wp\/v2\/categories?post=40422"},{"taxonomy":"post_tag","embeddable":true,"href":"https:\/\/www.paroquia-damaia.pt\/old\/wp-json\/wp\/v2\/tags?post=40422"}],"curies":[{"name":"wp","href":"https:\/\/api.w.org\/{rel}","templated":true}]}}