{"id":40426,"date":"2024-11-18T21:48:48","date_gmt":"2024-11-18T20:48:48","guid":{"rendered":"https:\/\/www.paroquia-damaia.pt\/old\/?p=40426"},"modified":"2024-11-18T21:49:14","modified_gmt":"2024-11-18T20:49:14","slug":"comunicacoes-paroquiais-10","status":"publish","type":"post","link":"https:\/\/www.paroquia-damaia.pt\/old\/comunicacoes-paroquiais-10\/","title":{"rendered":"Comunica\u00e7\u00f5es Paroquiais"},"content":{"rendered":"\n<p class=\"has-text-align-center\">&nbsp;<strong>17\/11\/2024<\/strong><\/p>\n\n\n\n<p class=\"has-text-align-center\"><strong>DOMINGO XXXIII DO TEMPO COMUM<\/strong><\/p>\n\n\n\n<p class=\"has-text-align-center\"><strong><em>Dia Mundial dos Pobres<\/em><\/strong><\/p>\n\n\n\n<p class=\"has-text-align-center\"><strong><em>\u201cH\u00e3o-de ver o Filho do homem vir sobre as nuvens, com grande poder e gl\u00f3ria\u201d <\/em><\/strong><em>(Mc 13, 25)<\/em><strong><em><\/em><\/strong><\/p>\n\n\n\n<p><strong><em><u>Domingo | 17\/11<\/u><\/em><\/strong><strong><em> \u2013 <\/em><\/strong><strong>Domingo XXXIII<\/strong> do Tempo Comum. <strong>Dia Mundial dos Pobres<\/strong>.&nbsp; <strong>Coros<\/strong>: Encontro com cantores e m\u00fasicos do Akathistos (15h30).<\/p>\n\n\n\n<p><strong><em><u>2\u00aa Feira | 18\/11<\/u><\/em><\/strong><strong><em> <\/em><\/strong><strong>\u2013 <\/strong>Mem\u00f3ria de<strong> Dedica\u00e7\u00e3o das Bas\u00edlicas dos Santos Pedro e Paulo, <\/strong>Ap\u00f3stolos.<strong>&nbsp;<\/strong><\/p>\n\n\n\n<p><strong><em><u>3\u00aa Feira | 19\/11<\/u><\/em><\/strong><strong><em> <\/em><\/strong><strong>\u2013 Novena <\/strong>mensal a S. Jos\u00e9 (18h).<strong> <\/strong>Estudos b\u00edblico-lit\u00fargicos para <strong>Leitores<\/strong> (19h45); Reuni\u00e3o com a <strong>Equipa dos Arquitetos<\/strong> (21h)<\/p>\n\n\n\n<p><strong><em><u>4\u00aa Feira | 20\/11<\/u><\/em><\/strong><strong><em> \u2013<\/em><\/strong><strong> <\/strong>Missas com a <strong>Novena Perp\u00e9tua<\/strong>. Catequese para Adultos (19h).<\/p>\n\n\n\n<p><strong><em><u>5\u00aa Feira |21\/11<\/u><\/em><\/strong><strong><em> <\/em><\/strong><em>\u2013<\/em> Mem\u00f3ria da <strong>Apresenta\u00e7\u00e3o da Virgem Santa Maria<\/strong>. A<strong>dora\u00e7\u00e3o<\/strong> do Sant\u00edssimo Sacramento (18h15). Reuni\u00e3o com a <strong>Equipa de Comunica\u00e7\u00e3o<\/strong> (21h).<\/p>\n\n\n\n<p><strong><em><u>6\u00aa Feira | 22\/11<\/u><\/em><\/strong><strong><em> <\/em><\/strong><em>\u2013<\/em> &nbsp;&nbsp;Mem\u00f3ria de<strong> S. Cec\u00edlia, <\/strong>virgem e m\u00e1rtir.&nbsp;<\/p>\n\n\n\n<p><strong><em><u>S\u00e1bado | 23\/11 <\/u><\/em><\/strong><strong><em>\u2013<\/em><\/strong><a><strong> <\/strong><\/a>Mem\u00f3ria de<strong> S. Clemente I, <\/strong>papa e m\u00e1rtir e de<strong> S. Columbano, <\/strong>abade.<a><\/a> Reuni\u00e3o do <strong>Conselho Pastoral Paroquial (CPP)<\/strong>. Apresenta\u00e7\u00e3o da <strong>Agenda Pastoral 2024\/2025<\/strong> da nossa Par\u00f3quia. (16h).&nbsp;<\/p>\n\n\n\n<p><strong><em><u>Domingo | 24\/11<\/u><\/em><\/strong><strong><em> <\/em><\/strong><em>\u2013 <\/em><strong>XXXIV Domingo<\/strong> do Tempo Comum. Solenidade de <strong>Nosso Senhor Jesus Cristo, Rei do Universo<\/strong>. Dia Mundial da <strong>Juventude<\/strong>. <strong>JEB \u2013 Leitores<\/strong>: <em>\u201cO Minist\u00e9rio do Leitor na Par\u00f3quia<\/em>\u201d (16h).<strong><\/strong><\/p>\n\n\n\n<p>Aos <strong>aniversariantes <\/strong>desta semana desejamos muitas e copiosas b\u00ean\u00e7\u00e3os do Sant\u00edssimo Redentor e a Prote\u00e7\u00e3o da M\u00e3e de Deus.<\/p>\n\n\n\n<p>Nos alegramos com a escolha da nova <strong>Coordena\u00e7\u00e3o da Catequese<\/strong> da nossa Par\u00f3quia nas pessoas de catequistas <strong>Marta Ant\u00e3o<\/strong> e <strong>Rita Alves<\/strong>. Agradecemos tamb\u00e9m a catequista <strong>Rita S\u00e3o Pedro<\/strong> pelo empenho mission\u00e1rio na Coordena\u00e7\u00e3o da Catequese nestes \u00faltimos tr\u00eas anos. Bem-haja. &nbsp;<\/p>\n\n\n\n<p>Convidamos <strong>jovens<\/strong> da nossa Par\u00f3quia, os que est\u00e3o nos grupos de jovens ou n\u00e3o, para juntos participarmos do <strong>Encontro Europeu de Jovens da Fam\u00edlia Redentorista<\/strong> que ser\u00e1 realizado nos dias <strong>30 de julho a 03 de agosto<\/strong> de 2025, em Limerick &#8211; Irlanda. Aos interessados que fa\u00e7am o favor de falar com os padres ou com Hugo. \u00c9 importante que as nossas par\u00f3quias sejam representadas neste encontro. &nbsp;&nbsp;<\/p>\n\n\n\n<p>Pe. Crist\u00f3v\u00e3o Dworak, CSsR \u2013 O P\u00e1roco Damaia, <\/p>\n\n\n\n<p>17 de novembro de 2024<\/p>\n\n\n\n<p><\/p>\n","protected":false},"excerpt":{"rendered":"<p>&nbsp;17\/11\/2024 DOMINGO XXXIII DO TEMPO COMUM Dia Mundial dos Pobres \u201cH\u00e3o-de ver o Filho do homem vir sobre as nuvens, com grande poder e gl\u00f3ria\u201d (Mc 13, 25) Domingo | 17\/11 \u2013 Domingo XXXIII do Tempo Comum. Dia Mundial dos Pobres.&nbsp; Coros: Encontro com cantores e m\u00fasicos do Akathistos (15h30). 2\u00aa Feira | 18\/11 \u2013<a class=\"more-link\" href=\"https:\/\/www.paroquia-damaia.pt\/old\/comunicacoes-paroquiais-10\/\">Continuar lendo <span class=\"screen-reader-text\">&#8220;Comunica\u00e7\u00f5es Paroquiais&#8221;<\/span><\/a><\/p>\n","protected":false},"author":5,"featured_media":0,"comment_status":"closed","ping_status":"open","sticky":false,"template":"","format":"standard","meta":{"footnotes":""},"categories":[4],"tags":[],"class_list":["post-40426","post","type-post","status-publish","format-standard","hentry","category-avisos-paroquiais","entry"],"_links":{"self":[{"href":"https:\/\/www.paroquia-damaia.pt\/old\/wp-json\/wp\/v2\/posts\/40426","targetHints":{"allow":["GET"]}}],"collection":[{"href":"https:\/\/www.paroquia-damaia.pt\/old\/wp-json\/wp\/v2\/posts"}],"about":[{"href":"https:\/\/www.paroquia-damaia.pt\/old\/wp-json\/wp\/v2\/types\/post"}],"author":[{"embeddable":true,"href":"https:\/\/www.paroquia-damaia.pt\/old\/wp-json\/wp\/v2\/users\/5"}],"replies":[{"embeddable":true,"href":"https:\/\/www.paroquia-damaia.pt\/old\/wp-json\/wp\/v2\/comments?post=40426"}],"version-history":[{"count":2,"href":"https:\/\/www.paroquia-damaia.pt\/old\/wp-json\/wp\/v2\/posts\/40426\/revisions"}],"predecessor-version":[{"id":40428,"href":"https:\/\/www.paroquia-damaia.pt\/old\/wp-json\/wp\/v2\/posts\/40426\/revisions\/40428"}],"wp:attachment":[{"href":"https:\/\/www.paroquia-damaia.pt\/old\/wp-json\/wp\/v2\/media?parent=40426"}],"wp:term":[{"taxonomy":"category","embeddable":true,"href":"https:\/\/www.paroquia-damaia.pt\/old\/wp-json\/wp\/v2\/categories?post=40426"},{"taxonomy":"post_tag","embeddable":true,"href":"https:\/\/www.paroquia-damaia.pt\/old\/wp-json\/wp\/v2\/tags?post=40426"}],"curies":[{"name":"wp","href":"https:\/\/api.w.org\/{rel}","templated":true}]}}