{"id":40431,"date":"2024-12-09T20:22:58","date_gmt":"2024-12-09T19:22:58","guid":{"rendered":"https:\/\/www.paroquia-damaia.pt\/old\/?p=40431"},"modified":"2024-12-09T20:22:58","modified_gmt":"2024-12-09T19:22:58","slug":"comunicacoes-paroquiais-11","status":"publish","type":"post","link":"https:\/\/www.paroquia-damaia.pt\/old\/comunicacoes-paroquiais-11\/","title":{"rendered":"Comunica\u00e7\u00f5es Paroquiais"},"content":{"rendered":"\n<p class=\"has-text-align-center\">&nbsp;<strong>08\/12\/2024<\/strong><\/p>\n\n\n\n<p class=\"has-text-align-center\"><strong>2\u00ba DOMINGO DO ADVENTO<\/strong><\/p>\n\n\n\n<p class=\"has-text-align-center\">Imaculada Concei\u00e7\u00e3o da Virgem Maria<em>\u201cPreparai o caminho do Senhor, endireitai as suas veredas e toda a criatura ver\u00e1 a salva\u00e7\u00e3o de Deus\u201d (Lc 3,4.6)<\/em><\/p>\n\n\n\n<p><strong><em><u>Domingo | 08\/12<\/u><\/em><\/strong><strong><em> \u2013 <\/em><\/strong><strong>2\u00ba Domingo do Advento<\/strong>. Solenidade da <strong>Imaculada Concei\u00e7\u00e3o<\/strong> da Virgem Santa Maria. Missa com 4\u00aa parte do Akathistos, \u00e0s 18h30.<strong> <\/strong><em><\/em><\/p>\n\n\n\n<p><strong><em><u>2\u00aa Feira | 09\/12<\/u><\/em><\/strong><strong><em> <\/em><\/strong><strong>\u2013 <\/strong>Mem\u00f3ria de<strong> S. Diogo.&nbsp; <\/strong>&nbsp;<\/p>\n\n\n\n<p><strong><em><u>3\u00aa Feira | 10\/12<\/u><\/em><\/strong><strong><em> <\/em><\/strong><strong>\u2013 <\/strong>Mem\u00f3ria da <strong>Virgem Santa Maria de Loreto<\/strong>.<strong>&nbsp; <\/strong>Catequese:<strong> <\/strong><strong>Celebra\u00e7\u00f5es penitenciais<\/strong> (19h).<\/p>\n\n\n\n<p><strong><em><u>4\u00aa Feira | 11\/12<\/u><\/em><\/strong><strong><em> \u2013<\/em><\/strong><strong> <\/strong>Mem\u00f3ria de <strong>S. D\u00e2maso, <\/strong>papa.<strong> <\/strong><strong>Reuni\u00e3o do Clero<\/strong> (Damaia, \u00e0s 14h30). Missas com a <strong>Novena Perp\u00e9tua<\/strong>. <strong>Catequese<\/strong> para Adultos (19h). Encontro mensal de <strong>Catequistas<\/strong> (21h).<\/p>\n\n\n\n<p><strong><em><u>5\u00aa Feira |12\/12<\/u><\/em><\/strong><strong><em> <\/em><\/strong><em>\u2013<\/em> Mem\u00f3ria da <strong>Virgem santa Maria de Guadalupe<\/strong>. A<strong>dora\u00e7\u00e3o<\/strong> do Sant\u00edssimo Sacramento (18h15). Catequese: <strong>Celebra\u00e7\u00f5es penitenciais<\/strong> (19h). &nbsp;&nbsp;&nbsp;<\/p>\n\n\n\n<p><strong><em><u>6\u00aa Feira | 13\/12<\/u><\/em><\/strong><strong><em> <\/em><\/strong><em>\u2013<\/em> Mem\u00f3ria de <strong>S. Luzia, <\/strong>virgem e m\u00e1rtir. <strong>Ter\u00e7o da Miseric\u00f3rdia<\/strong> (18h30). Catequese: <strong>Celebra\u00e7\u00f5es penitenciais<\/strong> (19h).&nbsp;&nbsp;<\/p>\n\n\n\n<p><strong><em><u>S\u00e1bado | 14\/12 <\/u><\/em><\/strong><strong><em>\u2013<\/em><\/strong><a><strong> <\/strong><\/a>Mem\u00f3ria de<strong> S. Jo\u00e3o da Cruz, <\/strong>presb\u00edtero e doutor da Igreja<strong>. <\/strong>Ac\u00f3litos: Encontro mensal (15h30). Ter\u00e7o Mission\u00e1rio (17h45) e Missa (18h30). Fim do 1\u00ba Trimestre da Catequese.<\/p>\n\n\n\n<p><strong>&nbsp;<\/strong><strong><em><u>Domingo | 15\/12<\/u><\/em><\/strong><strong><em> <\/em><\/strong><em>\u2013<\/em> <strong>3\u00ba Domingo do Advento<\/strong>. <strong>&nbsp;<\/strong><\/p>\n\n\n\n<p>Aos <strong>aniversariantes <\/strong>desta semana desejamos muitas e copiosas b\u00ean\u00e7\u00e3os do Sant\u00edssimo Redentor e a Prote\u00e7\u00e3o da M\u00e3e de Deus.<\/p>\n\n\n\n<p><strong>Retiro Paroquial do Advento, <\/strong>no s\u00e1bado pr\u00f3ximo,dia 14 de dezembro, na Capela, \u00e0 tarde, das 15h \u00e0s 18h, terminando com a missa \u00e0s 18h30. Grupos de adora\u00e7\u00e3o: <strong>15h &#8211; Grupo Mission\u00e1rios Paroquial<\/strong>; <strong>15h45 &#8211; Leitores<\/strong>; <strong>16h30 &#8211; MEC<\/strong>); <strong>17h15 &#8211; ora\u00e7\u00e3o \/ adora\u00e7\u00e3o individual<\/strong>.<\/p>\n\n\n\n<p>Seja mission\u00e1rio do Natal do Senhor: <strong>Adquira uma bandeira de Natal<\/strong> para ser colocada na janela de sua casa.<\/p>\n\n\n\n<p><strong>Peregrina\u00e7\u00e3o dos Orat\u00f3rios<\/strong>. A partir da Festa da Sagrada Fam\u00edlia pretendemos retomar as caminhadas dos Orat\u00f3rios da Sagrada Fam\u00edlia. As pessoas que queiram receber O Orat\u00f3rio peregrino da Sagrada Fam\u00edlia deixe o seu nome com as pessoas no \u00e1trio. Obrigado. &nbsp;<\/p>\n\n\n\n<p><strong>Rece\u00e7\u00e3o da Luz da Paz de Bel\u00e9m<\/strong>, na nossa Par\u00f3quia, na 2\u00aa feira, dia 17 de dezembro. &nbsp;<\/p>\n\n\n\n<p class=\"has-text-align-left\">Pe. Crist\u00f3v\u00e3o Dworak, CSsR \u2013 O P\u00e1roco<\/p>\n\n\n\n<p>Damaia, 08 de dezembro de 2024<\/p>\n\n\n\n<p><\/p>\n","protected":false},"excerpt":{"rendered":"<p>&nbsp;08\/12\/2024 2\u00ba DOMINGO DO ADVENTO Imaculada Concei\u00e7\u00e3o da Virgem Maria\u201cPreparai o caminho do Senhor, endireitai as suas veredas e toda a criatura ver\u00e1 a salva\u00e7\u00e3o de Deus\u201d (Lc 3,4.6) Domingo | 08\/12 \u2013 2\u00ba Domingo do Advento. Solenidade da Imaculada Concei\u00e7\u00e3o da Virgem Santa Maria. Missa com 4\u00aa parte do Akathistos, \u00e0s 18h30. 2\u00aa Feira<a class=\"more-link\" href=\"https:\/\/www.paroquia-damaia.pt\/old\/comunicacoes-paroquiais-11\/\">Continuar lendo <span class=\"screen-reader-text\">&#8220;Comunica\u00e7\u00f5es Paroquiais&#8221;<\/span><\/a><\/p>\n","protected":false},"author":5,"featured_media":0,"comment_status":"closed","ping_status":"open","sticky":false,"template":"","format":"standard","meta":{"footnotes":""},"categories":[4],"tags":[],"class_list":["post-40431","post","type-post","status-publish","format-standard","hentry","category-avisos-paroquiais","entry"],"_links":{"self":[{"href":"https:\/\/www.paroquia-damaia.pt\/old\/wp-json\/wp\/v2\/posts\/40431","targetHints":{"allow":["GET"]}}],"collection":[{"href":"https:\/\/www.paroquia-damaia.pt\/old\/wp-json\/wp\/v2\/posts"}],"about":[{"href":"https:\/\/www.paroquia-damaia.pt\/old\/wp-json\/wp\/v2\/types\/post"}],"author":[{"embeddable":true,"href":"https:\/\/www.paroquia-damaia.pt\/old\/wp-json\/wp\/v2\/users\/5"}],"replies":[{"embeddable":true,"href":"https:\/\/www.paroquia-damaia.pt\/old\/wp-json\/wp\/v2\/comments?post=40431"}],"version-history":[{"count":1,"href":"https:\/\/www.paroquia-damaia.pt\/old\/wp-json\/wp\/v2\/posts\/40431\/revisions"}],"predecessor-version":[{"id":40432,"href":"https:\/\/www.paroquia-damaia.pt\/old\/wp-json\/wp\/v2\/posts\/40431\/revisions\/40432"}],"wp:attachment":[{"href":"https:\/\/www.paroquia-damaia.pt\/old\/wp-json\/wp\/v2\/media?parent=40431"}],"wp:term":[{"taxonomy":"category","embeddable":true,"href":"https:\/\/www.paroquia-damaia.pt\/old\/wp-json\/wp\/v2\/categories?post=40431"},{"taxonomy":"post_tag","embeddable":true,"href":"https:\/\/www.paroquia-damaia.pt\/old\/wp-json\/wp\/v2\/tags?post=40431"}],"curies":[{"name":"wp","href":"https:\/\/api.w.org\/{rel}","templated":true}]}}