{"id":40433,"date":"2024-12-17T12:38:23","date_gmt":"2024-12-17T11:38:23","guid":{"rendered":"https:\/\/www.paroquia-damaia.pt\/old\/?p=40433"},"modified":"2024-12-17T12:38:23","modified_gmt":"2024-12-17T11:38:23","slug":"comunicacoes-paroquiais-12","status":"publish","type":"post","link":"https:\/\/www.paroquia-damaia.pt\/old\/comunicacoes-paroquiais-12\/","title":{"rendered":"Comunica\u00e7\u00f5es Paroquiais"},"content":{"rendered":"\n<p class=\"has-text-align-center\">&nbsp;<strong>15\/12\/2024<\/strong><\/p>\n\n\n\n<p class=\"has-text-align-center\"><strong>3\u00ba DOMINGO DO ADVENTO<\/strong><\/p>\n\n\n\n<p class=\"has-text-align-center\"><em>\u201cAs multid\u00f5es perguntavam a Jo\u00e3o Batista: \u00abQue devemos fazer?\u00bb\u201d<\/em><em> (Lc 3,10)<\/em><\/p>\n\n\n\n<p><strong><em><u>Domingo | 15\/12<\/u><\/em><\/strong><strong><em> \u2013 <\/em><\/strong><strong>3\u00ba Domingo do Advento<\/strong>. <strong>&nbsp;<\/strong><em><\/em><\/p>\n\n\n\n<p><strong><em><u>2\u00aa Feira | 16\/12<\/u><\/em><\/strong><strong><em> <\/em><\/strong><strong>\u2013 <\/strong>Celebra\u00e7\u00e3o Regional da <strong>Luz da Paz de Bel\u00e9m<\/strong> na S\u00e9 Patriarcal<strong>.&nbsp; <\/strong>&nbsp;<\/p>\n\n\n\n<p><strong><em><u>3\u00aa Feira | 17\/12<\/u><\/em><\/strong><strong><em> <\/em><\/strong><strong>\u2013 <\/strong>Inicio da <strong>Novena de Natal<\/strong>. 88\u00ba <strong>anivers\u00e1rio<\/strong> natal\u00edcio do <strong>Papa Francisco<\/strong> (1936). Rece\u00e7\u00e3o da<strong> Luz da Paz de Bel\u00e9m<\/strong>, na nossa Par\u00f3quia (19h). <strong>Estudos<\/strong> b\u00edblicos &#8211; lit\u00fargicos para leitores (19h45). Encontro mensal de <strong>Catequistas<\/strong> (21h).<\/p>\n\n\n\n<p><strong><em><u>4\u00aa Feira | 18\/12<\/u><\/em><\/strong><strong><em> \u2013 <\/em><\/strong>Missas com a <strong>Novena Perp\u00e9tua<\/strong>. <strong>Catequese<\/strong> para Adultos (19h).<\/p>\n\n\n\n<p><strong><em><u>5\u00aa Feira |19\/12<\/u><\/em><\/strong><strong><em> <\/em><\/strong><em>\u2013<\/em> <strong>Novena<\/strong> mensal a S. Jos\u00e9 (17h45). A<strong>dora\u00e7\u00e3o<\/strong> ao Sant\u00edssimo Sacramento (18h15). &nbsp;&nbsp;&nbsp;<\/p>\n\n\n\n<p><strong><em><u>6\u00aa Feira | 20\/12<\/u><\/em><\/strong><strong><em> <\/em><\/strong><em>\u2013<\/em> <strong>Ter\u00e7o da Miseric\u00f3rdia<\/strong> (18h30).&nbsp;&nbsp;&nbsp;<\/p>\n\n\n\n<p><strong><em><u>S\u00e1bado | 21\/12 <\/u><\/em><\/strong><strong><em>\u2013 <\/em><\/strong><strong>Mil Ave<\/strong> Marias (08h30). Reuni\u00e3o do <strong>Grupo Mission\u00e1rio Paroquial<\/strong> (10h).<\/p>\n\n\n\n<p>Missa na <strong>Damaia de Baixo<\/strong> (17h). <strong>Ter\u00e7o Mission\u00e1rio<\/strong> (17h45) e Missa (18h30).<\/p>\n\n\n\n<p><strong>&nbsp;<\/strong><strong><em><u>Domingo | 22\/12<\/u><\/em><\/strong><strong><em> <\/em><\/strong><em>\u2013<\/em> <strong>4\u00ba Domingo do Advento<\/strong>. <strong>&nbsp;<\/strong><\/p>\n\n\n\n<p>Aos <strong>aniversariantes <\/strong>desta semana desejamos muitas e copiosas b\u00ean\u00e7\u00e3os do Sant\u00edssimo Redentor e a Prote\u00e7\u00e3o da M\u00e3e de Deus.<\/p>\n\n\n\n<p>Seja mission\u00e1rio do Natal do Senhor: <strong>Adquira uma bandeira de Natal<\/strong> para ser colocada na janela de sua casa.<\/p>\n\n\n\n<p>A partir do dia 17 de dezembro iniciamos a <strong>Novena de Natal<\/strong> com as ora\u00e7\u00f5es pr\u00f3prias que v\u00e3o acontecer depois das missas \u00e0s 19h.<\/p>\n\n\n\n<p><strong>O Pres\u00e9pio<\/strong> deste ano \u00e9 sob a responsabilidade da comunidade Cabo-verdiana.<\/p>\n\n\n\n<p><strong>Peregrina\u00e7\u00e3o dos Orat\u00f3rios<\/strong>. A partir da Festa da Sagrada Fam\u00edlia pretendemos retomar as caminhadas dos Orat\u00f3rios Peregrinos da Sagrada Fam\u00edlia. As pessoas que queiram receber O Orat\u00f3rio da Sagrada Fam\u00edlia deixe o seu nome com as pessoas no \u00e1trio ou na Secretaria da Par\u00f3quia. Obrigado.&nbsp;<\/p>\n\n\n\n<p>Confira as <strong>datas e os hor\u00e1rios<\/strong> das principais <strong>celebra\u00e7\u00f5es natalinas<\/strong> deste ano.<\/p>\n\n\n\n<p class=\"has-text-align-right\">Pe. Crist\u00f3v\u00e3o Dworak, CSsR \u2013 O P\u00e1roco<\/p>\n\n\n\n<p class=\"has-text-align-right\">Damaia, 15 de dezembro de 2024<\/p>\n\n\n\n<p><\/p>\n","protected":false},"excerpt":{"rendered":"<p>&nbsp;15\/12\/2024 3\u00ba DOMINGO DO ADVENTO \u201cAs multid\u00f5es perguntavam a Jo\u00e3o Batista: \u00abQue devemos fazer?\u00bb\u201d (Lc 3,10) Domingo | 15\/12 \u2013 3\u00ba Domingo do Advento. &nbsp; 2\u00aa Feira | 16\/12 \u2013 Celebra\u00e7\u00e3o Regional da Luz da Paz de Bel\u00e9m na S\u00e9 Patriarcal.&nbsp; &nbsp; 3\u00aa Feira | 17\/12 \u2013 Inicio da Novena de Natal. 88\u00ba anivers\u00e1rio natal\u00edcio<a class=\"more-link\" href=\"https:\/\/www.paroquia-damaia.pt\/old\/comunicacoes-paroquiais-12\/\">Continuar lendo <span class=\"screen-reader-text\">&#8220;Comunica\u00e7\u00f5es Paroquiais&#8221;<\/span><\/a><\/p>\n","protected":false},"author":5,"featured_media":0,"comment_status":"closed","ping_status":"open","sticky":false,"template":"","format":"standard","meta":{"footnotes":""},"categories":[4],"tags":[],"class_list":["post-40433","post","type-post","status-publish","format-standard","hentry","category-avisos-paroquiais","entry"],"_links":{"self":[{"href":"https:\/\/www.paroquia-damaia.pt\/old\/wp-json\/wp\/v2\/posts\/40433","targetHints":{"allow":["GET"]}}],"collection":[{"href":"https:\/\/www.paroquia-damaia.pt\/old\/wp-json\/wp\/v2\/posts"}],"about":[{"href":"https:\/\/www.paroquia-damaia.pt\/old\/wp-json\/wp\/v2\/types\/post"}],"author":[{"embeddable":true,"href":"https:\/\/www.paroquia-damaia.pt\/old\/wp-json\/wp\/v2\/users\/5"}],"replies":[{"embeddable":true,"href":"https:\/\/www.paroquia-damaia.pt\/old\/wp-json\/wp\/v2\/comments?post=40433"}],"version-history":[{"count":1,"href":"https:\/\/www.paroquia-damaia.pt\/old\/wp-json\/wp\/v2\/posts\/40433\/revisions"}],"predecessor-version":[{"id":40434,"href":"https:\/\/www.paroquia-damaia.pt\/old\/wp-json\/wp\/v2\/posts\/40433\/revisions\/40434"}],"wp:attachment":[{"href":"https:\/\/www.paroquia-damaia.pt\/old\/wp-json\/wp\/v2\/media?parent=40433"}],"wp:term":[{"taxonomy":"category","embeddable":true,"href":"https:\/\/www.paroquia-damaia.pt\/old\/wp-json\/wp\/v2\/categories?post=40433"},{"taxonomy":"post_tag","embeddable":true,"href":"https:\/\/www.paroquia-damaia.pt\/old\/wp-json\/wp\/v2\/tags?post=40433"}],"curies":[{"name":"wp","href":"https:\/\/api.w.org\/{rel}","templated":true}]}}