{"id":775,"date":"2020-11-16T20:51:49","date_gmt":"2020-11-16T20:51:49","guid":{"rendered":"https:\/\/www.paroquia-damaia.pt\/old\/?p=775"},"modified":"2020-12-02T01:33:15","modified_gmt":"2020-12-02T01:33:15","slug":"informacoes-catequese","status":"publish","type":"post","link":"https:\/\/www.paroquia-damaia.pt\/old\/informacoes-catequese\/","title":{"rendered":"Informa\u00e7\u00f5es Catequese"},"content":{"rendered":"\n\n\n<figure class=\"wp-block-image size-large is-style-default\"><a href=\"https:\/\/www.paroquia-damaia.pt\/old\/wp-content\/uploads\/2020\/11\/Arranque-da-Catequese-scaled.jpg\"><img loading=\"lazy\" decoding=\"async\" width=\"1024\" height=\"769\" src=\"https:\/\/www.paroquia-damaia.pt\/old\/wp-content\/uploads\/2020\/11\/Arranque-da-Catequese-edited-1-1024x769.jpg\" alt=\"\" class=\"wp-image-788\" srcset=\"https:\/\/www.paroquia-damaia.pt\/old\/wp-content\/uploads\/2020\/11\/Arranque-da-Catequese-edited-1-1024x769.jpg 1024w, https:\/\/www.paroquia-damaia.pt\/old\/wp-content\/uploads\/2020\/11\/Arranque-da-Catequese-edited-1-300x225.jpg 300w, https:\/\/www.paroquia-damaia.pt\/old\/wp-content\/uploads\/2020\/11\/Arranque-da-Catequese-edited-1-768x576.jpg 768w, https:\/\/www.paroquia-damaia.pt\/old\/wp-content\/uploads\/2020\/11\/Arranque-da-Catequese-edited-1-1536x1153.jpg 1536w, https:\/\/www.paroquia-damaia.pt\/old\/wp-content\/uploads\/2020\/11\/Arranque-da-Catequese-edited-1-2048x1537.jpg 2048w, https:\/\/www.paroquia-damaia.pt\/old\/wp-content\/uploads\/2020\/11\/Arranque-da-Catequese-edited-1-1200x901.jpg 1200w, https:\/\/www.paroquia-damaia.pt\/old\/wp-content\/uploads\/2020\/11\/Arranque-da-Catequese-edited-1-800x600.jpg 800w, https:\/\/www.paroquia-damaia.pt\/old\/wp-content\/uploads\/2020\/11\/Arranque-da-Catequese-edited-1-400x300.jpg 400w, https:\/\/www.paroquia-damaia.pt\/old\/wp-content\/uploads\/2020\/11\/Arranque-da-Catequese-edited-1-200x150.jpg 200w, https:\/\/www.paroquia-damaia.pt\/old\/wp-content\/uploads\/2020\/11\/Arranque-da-Catequese-edited-1-1568x1177.jpg 1568w\" sizes=\"auto, (max-width: 1024px) 100vw, 1024px\" \/><\/a><\/figure>\n\n\n\n<p>Sejam todos bem-vindos \u00e0 catequese neste novo ano pastoral (2020-2021).<\/p>\n\n\n\n<p>Este ano o tema que nos vai acompanhar \u00e9:<\/p>\n\n\n\n<p><em>&#8220;VIVER a Catequese com Alegria Evangelizadora, Confian\u00e7a no Senhor, Esperan\u00e7a no valor da coopera\u00e7\u00e3o entre as pessoas e um sentido renovado de Caridade.&#8221;<\/em><\/p>\n\n\n\n<p>Como todos sabemos vivemos tempos diferentes, um tempo de pandemia. N\u00e3o foi f\u00e1cil, n\u00e3o tem sido f\u00e1cil mas aqui estamos para fazer convosco este caminho da catequese. Como nos exorta o tema, apelamos \u00e0 coopera\u00e7\u00e3o entre as pessoas, entre n\u00f3s e um sentido renovado de caridade. E tivemos de fazer mudan\u00e7as e adapta\u00e7\u00f5es, assim como estabelecer um conjunto de regras de acordo com o estabelecido pelas autoridades de sa\u00fade p\u00fablica, Confer\u00eancia Episcopal Portuguesa e Catequese de Lisboa.<\/p>\n\n\n\n<ol class=\"wp-block-list\"><li>A catequese funcionar\u00e1 num regime \u201cmisto\u201d entre a presen\u00e7a quinzenal na comunidade e uma actividade familiar em casa. Temos de ter sempre presente, em todas as actividades, seja na comunidade, seja em casa, em qualquer circunst\u00e2ncia ou por qualquer vida, que o encontro \u00e9 sempre um encontro com Jesus Cristo. Na comunidade mediado pelos catequistas, em casa mediado pela fam\u00edlia. E por isso \u00e9 fundamental a vossa colabora\u00e7\u00e3o.<\/li><li>Esta din\u00e2mica \u00e9 para possibilitar encontros em pequenos grupos, no m\u00e1ximo 12 crian\u00e7as\/adolescentes, mantendo o distanciamento f\u00edsico. Por isso os grupos t\u00eam duas turmas, A e B, que funcionar\u00e3o no mesmo dia da semana e na mesma hora. S\u00f3 que a turma A vem \u00e0 comunidade na 1\u00aa e 3\u00aa semanas, intercalando na 2\u00aa e 4\u00aa com uma actividade\/din\u00e2mica de catequese em casa; a turma B vem \u00e0 comunidade na 2\u00aa e 4\u00aa semanas, intercalando nas com uma actividade\/din\u00e2mica de catequese em casa. N\u00e3o h\u00e1 partilha de material entre catequizandos. Agradecemos que respeitem o dia e hora, e a turma em que os vossos filhos ou educandos ficaram. A partir dos 10 anos ser\u00e1 obrigat\u00f3rio o uso de m\u00e1scara, preferencialmente, certificada. Todos devem ter especial aten\u00e7\u00e3o \u00e0 higieniza\u00e7\u00e3o das m\u00e3os. Todos devemos conhecer, actualizar e respeitar integralmente as orienta\u00e7\u00f5es das autoridades de sa\u00fade.<\/li><li>N\u00e3o iremos medir a temperatura \u00e0 chegada, mas pedimos sensatez. Se o catequizando n\u00e3o se sentir bem, ou estiver indisposto ou tiver febre pedimos que n\u00e3o venha \u00e0 catequese. Precau\u00e7\u00e3o e cuidado.<\/li><li>Por isso, tivemos de distribuir ao longo da semana os grupos da catequese, tamb\u00e9m com hor\u00e1rio de in\u00edcio e fim diferenciado, novamente com o objectivo de manter o distanciamento f\u00edsico e evitar ajuntamentos. Chamamos \u00e0 aten\u00e7\u00e3o para a import\u00e2ncia de cumprir os hor\u00e1rios \u00e0 chegada e sa\u00edda. O acolhimento e despedida dos catequizandos ser\u00e3o sempre no \u00e1trio, e solicitamos que n\u00e3o permane\u00e7am no interior do centro paroquial durante o funcionamento da catequese. No final, e ap\u00f3s vos entregarmos os catequizandos solicitamos que n\u00e3o permane\u00e7am no \u00e1trio, em conformidade com as normas\/regras solicitadas aquando das eucaristias. Temos de ser sensatos e agentes da sa\u00fade p\u00fablica e \u00e9 nosso dever crist\u00e3o cuidarmos uns dos outros.<\/li><li>\u00c0 data de hoje, e dada a incerteza da evolu\u00e7\u00e3o da pandemia, n\u00e3o sabemos datas de sacramentos. \u00c9 um ano at\u00edpico e vamos planeando as actividades \u00e0 medida que for poss\u00edvel.<\/li><li>Estar\u00e3o dispon\u00edveis as regras de funcionamento, o plano de conting\u00eancia e o hor\u00e1rio presencial das turmas no site da nossa par\u00f3quia.<\/li><li>Est\u00e3o convidados a vir \u00e0s eucaristias dominicais, mas relembramos que a lota\u00e7\u00e3o da nossa comunidade \u00e9 de 100 pessoas. Por isso, pedimos que venham mais cedo e tentem dividir-se pelos v\u00e1rios hor\u00e1rios (s\u00e1bado \u00e0s 19h, domingo \u00e0s 9h, 11h e 19h). A eucaristia \u00e9 a fonte de alimento para a vida do crist\u00e3o. Cristo \u00e9 o centro, e a nossa f\u00e9 vive-se em eucaristia na partilha da Palavra e do P\u00e3o. E estamos a fazer de tudo para que estejam em seguran\u00e7a.<\/li><li>Agradecemos tamb\u00e9m a vossa contribui\u00e7\u00e3o dado que iremos ter um custo adicional com a compra de material para higieniza\u00e7\u00e3o das salas e impress\u00f5es.&nbsp;<\/li><\/ol>\n\n\n\n<ul class=\"wp-block-list\"><li><a href=\"https:\/\/www.aparoquia.com\/\">Inscri\u00e7\u00f5es<\/a><\/li><li><a href=\"https:\/\/drive.google.com\/file\/d\/1h4Zm9bYbBTeli2PCMPMXhUKfmdgtxUib\/view?usp=sharing\">Guia de Inscri\u00e7\u00f5es na Catequese<\/a><\/li><li><a href=\"https:\/\/drive.google.com\/file\/d\/1yeeLbPISwm-e9Hbrl5UkK1264U4v0Rrx\/view?usp=sharing\">Calend\u00e1rio Primeiro Trimestre<\/a><\/li><li><a href=\"https:\/\/drive.google.com\/file\/d\/1AUa9rTcHkFrid5x4rzM-5U8CoSd1Glv4\/view?usp=sharing\">Regras de funcionamento da Catequese<\/a><\/li><li><a href=\"https:\/\/drive.google.com\/file\/d\/1PXnHSmkvhum7wUcaZl5yGz1pdbZTgV0S\/view?usp=sharing\">Plano de Conting\u00eancia<\/a><\/li><\/ul>\n\n\n\n<p><\/p>\n\n\n\n<p>Em caso de d\u00favida enviem-nos mail para <a href=\"mailto:catequese@paroquia-damaia.pt\">catequese@paroquia-damaia.pt<\/a><\/p>\n\n\n\n<p><\/p>\n\n\n\n<p>&nbsp;Muito obrigada,<\/p>\n\n\n\n<p>Catequese Damaia<\/p>\n\n\n\n<p><\/p>\n\n\n\n<div class=\"wp-block-group alignfull has-background-light-background-color has-background\"><div class=\"wp-block-group__inner-container is-layout-flow wp-block-group-is-layout-flow\">\n<div class=\"wp-block-columns alignwide is-layout-flex wp-container-core-columns-is-layout-1 wp-block-columns-is-layout-flex\">\n<div class=\"wp-block-column is-layout-flow wp-block-column-is-layout-flow\">\n<h5 class=\"wp-block-heading\">Morada<\/h5>\n\n\n\n<div class=\"wp-block-jetpack-contact-info\">\n\n\n\n\n<div class=\"wp-block-jetpack-address\"><a href=\"https:\/\/www.google.com\/maps\/search\/Largo+da Igreja, Damaia,+2720-122 Amadora\" target=\"_blank\" rel=\"noopener noreferrer\" title=\"Open address in Google Maps\"><div class=\"jetpack-address__address jetpack-address__address1\">Largo da Igreja, Damaia<\/div><div><span class=\"jetpack-address__region\"><\/span> <span class=\"jetpack-address__postal\">2720-122 Amadora<\/span><\/div><\/a><\/div>\n<\/div>\n<\/div>\n\n\n\n<div class=\"wp-block-column is-layout-flow wp-block-column-is-layout-flow\">\n<h5 class=\"wp-block-heading\">Contactos<\/h5>\n\n\n\n<div class=\"wp-block-jetpack-contact-info\">\n<div class=\"wp-block-jetpack-email\"><a href=\"mailto:secretaria@paroquia-damaia.pt\">secretaria@paroquia-damaia.pt<\/a>\n<\/div>\n\n\n\n<div class=\"wp-block-jetpack-phone\"><a href=\"tel:214971540\">214 971 540<\/a><\/div>\n\n\n<\/div>\n\n\n\n<ul class=\"wp-block-social-links alignleft is-style-pill-shape is-layout-flex wp-block-social-links-is-layout-flex\"><li class=\"wp-social-link wp-social-link-facebook  wp-block-social-link\"><a rel=\"noopener nofollow\" target=\"_blank\" href=\"https:\/\/www.facebook.com\/Igreja-do-Sant%C3%ADssimo-Redentor-Damaia-160924754067131\/\" class=\"wp-block-social-link-anchor\"><svg width=\"24\" height=\"24\" viewBox=\"0 0 24 24\" version=\"1.1\" xmlns=\"http:\/\/www.w3.org\/2000\/svg\" aria-hidden=\"true\" focusable=\"false\"><path d=\"M12 2C6.5 2 2 6.5 2 12c0 5 3.7 9.1 8.4 9.9v-7H7.9V12h2.5V9.8c0-2.5 1.5-3.9 3.8-3.9 1.1 0 2.2.2 2.2.2v2.5h-1.3c-1.2 0-1.6.8-1.6 1.6V12h2.8l-.4 2.9h-2.3v7C18.3 21.1 22 17 22 12c0-5.5-4.5-10-10-10z\"><\/path><\/svg><span class=\"wp-block-social-link-label screen-reader-text\">Facebook<\/span><\/a><\/li>\n\n<li class=\"wp-social-link wp-social-link-youtube  wp-block-social-link\"><a rel=\"noopener nofollow\" target=\"_blank\" href=\"https:\/\/www.youtube.com\/channel\/UCBZSRSq_OsnUuouUN5OvxZg\" class=\"wp-block-social-link-anchor\"><svg width=\"24\" height=\"24\" viewBox=\"0 0 24 24\" version=\"1.1\" xmlns=\"http:\/\/www.w3.org\/2000\/svg\" aria-hidden=\"true\" focusable=\"false\"><path d=\"M21.8,8.001c0,0-0.195-1.378-0.795-1.985c-0.76-0.797-1.613-0.801-2.004-0.847c-2.799-0.202-6.997-0.202-6.997-0.202 h-0.009c0,0-4.198,0-6.997,0.202C4.608,5.216,3.756,5.22,2.995,6.016C2.395,6.623,2.2,8.001,2.2,8.001S2,9.62,2,11.238v1.517 c0,1.618,0.2,3.237,0.2,3.237s0.195,1.378,0.795,1.985c0.761,0.797,1.76,0.771,2.205,0.855c1.6,0.153,6.8,0.201,6.8,0.201 s4.203-0.006,7.001-0.209c0.391-0.047,1.243-0.051,2.004-0.847c0.6-0.607,0.795-1.985,0.795-1.985s0.2-1.618,0.2-3.237v-1.517 C22,9.62,21.8,8.001,21.8,8.001z M9.935,14.594l-0.001-5.62l5.404,2.82L9.935,14.594z\"><\/path><\/svg><span class=\"wp-block-social-link-label screen-reader-text\">YouTube<\/span><\/a><\/li>\n\n<li class=\"wp-social-link wp-social-link-instagram  wp-block-social-link\"><a rel=\"noopener nofollow\" target=\"_blank\" href=\"https:\/\/www.instagram.com\/paroquiassredentordamaia\/\" class=\"wp-block-social-link-anchor\"><svg width=\"24\" height=\"24\" viewBox=\"0 0 24 24\" version=\"1.1\" xmlns=\"http:\/\/www.w3.org\/2000\/svg\" aria-hidden=\"true\" focusable=\"false\"><path d=\"M12,4.622c2.403,0,2.688,0.009,3.637,0.052c0.877,0.04,1.354,0.187,1.671,0.31c0.42,0.163,0.72,0.358,1.035,0.673 c0.315,0.315,0.51,0.615,0.673,1.035c0.123,0.317,0.27,0.794,0.31,1.671c0.043,0.949,0.052,1.234,0.052,3.637 s-0.009,2.688-0.052,3.637c-0.04,0.877-0.187,1.354-0.31,1.671c-0.163,0.42-0.358,0.72-0.673,1.035 c-0.315,0.315-0.615,0.51-1.035,0.673c-0.317,0.123-0.794,0.27-1.671,0.31c-0.949,0.043-1.233,0.052-3.637,0.052 s-2.688-0.009-3.637-0.052c-0.877-0.04-1.354-0.187-1.671-0.31c-0.42-0.163-0.72-0.358-1.035-0.673 c-0.315-0.315-0.51-0.615-0.673-1.035c-0.123-0.317-0.27-0.794-0.31-1.671C4.631,14.688,4.622,14.403,4.622,12 s0.009-2.688,0.052-3.637c0.04-0.877,0.187-1.354,0.31-1.671c0.163-0.42,0.358-0.72,0.673-1.035 c0.315-0.315,0.615-0.51,1.035-0.673c0.317-0.123,0.794-0.27,1.671-0.31C9.312,4.631,9.597,4.622,12,4.622 M12,3 C9.556,3,9.249,3.01,8.289,3.054C7.331,3.098,6.677,3.25,6.105,3.472C5.513,3.702,5.011,4.01,4.511,4.511 c-0.5,0.5-0.808,1.002-1.038,1.594C3.25,6.677,3.098,7.331,3.054,8.289C3.01,9.249,3,9.556,3,12c0,2.444,0.01,2.751,0.054,3.711 c0.044,0.958,0.196,1.612,0.418,2.185c0.23,0.592,0.538,1.094,1.038,1.594c0.5,0.5,1.002,0.808,1.594,1.038 c0.572,0.222,1.227,0.375,2.185,0.418C9.249,20.99,9.556,21,12,21s2.751-0.01,3.711-0.054c0.958-0.044,1.612-0.196,2.185-0.418 c0.592-0.23,1.094-0.538,1.594-1.038c0.5-0.5,0.808-1.002,1.038-1.594c0.222-0.572,0.375-1.227,0.418-2.185 C20.99,14.751,21,14.444,21,12s-0.01-2.751-0.054-3.711c-0.044-0.958-0.196-1.612-0.418-2.185c-0.23-0.592-0.538-1.094-1.038-1.594 c-0.5-0.5-1.002-0.808-1.594-1.038c-0.572-0.222-1.227-0.375-2.185-0.418C14.751,3.01,14.444,3,12,3L12,3z M12,7.378 c-2.552,0-4.622,2.069-4.622,4.622S9.448,16.622,12,16.622s4.622-2.069,4.622-4.622S14.552,7.378,12,7.378z M12,15 c-1.657,0-3-1.343-3-3s1.343-3,3-3s3,1.343,3,3S13.657,15,12,15z M16.804,6.116c-0.596,0-1.08,0.484-1.08,1.08 s0.484,1.08,1.08,1.08c0.596,0,1.08-0.484,1.08-1.08S17.401,6.116,16.804,6.116z\"><\/path><\/svg><span class=\"wp-block-social-link-label screen-reader-text\">Instagram<\/span><\/a><\/li><\/ul>\n<\/div>\n\n\n\n<div class=\"wp-block-column is-layout-flow wp-block-column-is-layout-flow\">\n<h5 class=\"wp-block-heading\">Links \u00dateis<\/h5>\n\n\n\n<ul class=\"wp-block-list\"><li><a rel=\"noreferrer noopener\" href=\"http:\/\/cssr.pt\/\" target=\"_blank\">Congrega\u00e7\u00e3o dos Redentoristas<\/a><\/li><li><a rel=\"noreferrer noopener\" href=\"https:\/\/www.patriarcado-lisboa.pt\/site\/\" target=\"_blank\">Patriarcado de Lisboa<\/a><\/li><li><a rel=\"noreferrer noopener\" href=\"https:\/\/agencia.ecclesia.pt\/portal\/\" target=\"_blank\">Ag\u00eancia Ecclesia<\/a><\/li><\/ul>\n<\/div>\n<\/div>\n<\/div><\/div>\n","protected":false},"excerpt":{"rendered":"<p>Sejam todos bem-vindos \u00e0 catequese neste novo ano pastoral (2020-2021). Este ano o tema que nos vai acompanhar \u00e9: &#8220;VIVER a Catequese com Alegria Evangelizadora, Confian\u00e7a no Senhor, Esperan\u00e7a no valor da coopera\u00e7\u00e3o entre as pessoas e um sentido renovado de Caridade.&#8221; Como todos sabemos vivemos tempos diferentes, um tempo de pandemia. N\u00e3o foi f\u00e1cil,<a class=\"more-link\" href=\"https:\/\/www.paroquia-damaia.pt\/old\/informacoes-catequese\/\">Continuar lendo <span class=\"screen-reader-text\">&#8220;Informa\u00e7\u00f5es Catequese&#8221;<\/span><\/a><\/p>\n","protected":false},"author":1,"featured_media":787,"comment_status":"closed","ping_status":"open","sticky":false,"template":"","format":"standard","meta":{"footnotes":""},"categories":[3],"tags":[],"class_list":["post-775","post","type-post","status-publish","format-standard","has-post-thumbnail","hentry","category-catequese","entry"],"_links":{"self":[{"href":"https:\/\/www.paroquia-damaia.pt\/old\/wp-json\/wp\/v2\/posts\/775","targetHints":{"allow":["GET"]}}],"collection":[{"href":"https:\/\/www.paroquia-damaia.pt\/old\/wp-json\/wp\/v2\/posts"}],"about":[{"href":"https:\/\/www.paroquia-damaia.pt\/old\/wp-json\/wp\/v2\/types\/post"}],"author":[{"embeddable":true,"href":"https:\/\/www.paroquia-damaia.pt\/old\/wp-json\/wp\/v2\/users\/1"}],"replies":[{"embeddable":true,"href":"https:\/\/www.paroquia-damaia.pt\/old\/wp-json\/wp\/v2\/comments?post=775"}],"version-history":[{"count":7,"href":"https:\/\/www.paroquia-damaia.pt\/old\/wp-json\/wp\/v2\/posts\/775\/revisions"}],"predecessor-version":[{"id":880,"href":"https:\/\/www.paroquia-damaia.pt\/old\/wp-json\/wp\/v2\/posts\/775\/revisions\/880"}],"wp:featuredmedia":[{"embeddable":true,"href":"https:\/\/www.paroquia-damaia.pt\/old\/wp-json\/wp\/v2\/media\/787"}],"wp:attachment":[{"href":"https:\/\/www.paroquia-damaia.pt\/old\/wp-json\/wp\/v2\/media?parent=775"}],"wp:term":[{"taxonomy":"category","embeddable":true,"href":"https:\/\/www.paroquia-damaia.pt\/old\/wp-json\/wp\/v2\/categories?post=775"},{"taxonomy":"post_tag","embeddable":true,"href":"https:\/\/www.paroquia-damaia.pt\/old\/wp-json\/wp\/v2\/tags?post=775"}],"curies":[{"name":"wp","href":"https:\/\/api.w.org\/{rel}","templated":true}]}}