{"id":973,"date":"2020-12-07T12:49:59","date_gmt":"2020-12-07T12:49:59","guid":{"rendered":"https:\/\/www.paroquia-damaia.pt\/old\/?p=973"},"modified":"2020-12-07T13:26:57","modified_gmt":"2020-12-07T13:26:57","slug":"akathistos","status":"publish","type":"post","link":"https:\/\/www.paroquia-damaia.pt\/old\/akathistos\/","title":{"rendered":"Akathistos"},"content":{"rendered":"\r\n<p>&nbsp;<\/p>\r\n\r\n<p>&nbsp;<\/p>\r\n<p class=\"has-drop-cap\">No pr\u00f3ximo dia 8 de Dezembro pelas 17h iremos transmistir atrav\u00e9s do nosso canal YouTube o Akathistos gravado na passada sexta feira dia 4. Esta grava\u00e7\u00e3o teve a presen\u00e7a de v\u00e1rios elementos de coros diferentes da nossa par\u00f3quia, do nosso p\u00e1roco Padre Krzysztof Dworak e foi presidida pelo Di\u00e1cono Jo\u00e3o Sala Pagou.<\/p>\r\n\r\n<p>O Akathistos \u00e9 a mais bela composi\u00e7\u00e3o Mariana do rito bizantino. Canta o mist\u00e9rio da encarna\u00e7\u00e3o salv\u00edfica do Verbo de Deus, desde a anuncia\u00e7\u00e3o at\u00e9 \u00e0 parusia, contemplando a Virgem M\u00e3e indissoluvelmente unida a Cristo e \u00e0 Igreja. Para assistir a esta bela composi\u00e7\u00e3o Mariana basta clicar <a href=\"https:\/\/www.youtube.com\/watch?v=nNqH2IjKgP0\">aqui<\/a><\/p>\r\n<!-- \/wp:paragraph -->\r\n<p>&nbsp;<\/p>\r\n<p>Um abra\u00e7o em Cristo,<\/p>\r\n<!-- \/wp:paragraph -->\r\n<p>A Equipa da Comunica\u00e7\u00e3o \u00a0 \u00a0<\/p>\r\n<div>\u00a0<\/div>\r\n<p class=\"has-drop-cap\"><!-- wp:block {\"ref\":872} \/--><\/p>","protected":false},"excerpt":{"rendered":"<p>&nbsp; &nbsp; No pr\u00f3ximo dia 8 de Dezembro pelas 17h iremos transmistir atrav\u00e9s do nosso canal YouTube o Akathistos gravado na passada sexta feira dia 4. Esta grava\u00e7\u00e3o teve a presen\u00e7a de v\u00e1rios elementos de coros diferentes da nossa par\u00f3quia, do nosso p\u00e1roco Padre Krzysztof Dworak e foi presidida pelo Di\u00e1cono Jo\u00e3o Sala Pagou. O<a class=\"more-link\" href=\"https:\/\/www.paroquia-damaia.pt\/old\/akathistos\/\">Continuar lendo <span class=\"screen-reader-text\">&#8220;Akathistos&#8221;<\/span><\/a><\/p>\n","protected":false},"author":3,"featured_media":980,"comment_status":"closed","ping_status":"open","sticky":false,"template":"","format":"standard","meta":{"footnotes":""},"categories":[4],"tags":[],"class_list":["post-973","post","type-post","status-publish","format-standard","has-post-thumbnail","hentry","category-avisos-paroquiais","entry"],"_links":{"self":[{"href":"https:\/\/www.paroquia-damaia.pt\/old\/wp-json\/wp\/v2\/posts\/973","targetHints":{"allow":["GET"]}}],"collection":[{"href":"https:\/\/www.paroquia-damaia.pt\/old\/wp-json\/wp\/v2\/posts"}],"about":[{"href":"https:\/\/www.paroquia-damaia.pt\/old\/wp-json\/wp\/v2\/types\/post"}],"author":[{"embeddable":true,"href":"https:\/\/www.paroquia-damaia.pt\/old\/wp-json\/wp\/v2\/users\/3"}],"replies":[{"embeddable":true,"href":"https:\/\/www.paroquia-damaia.pt\/old\/wp-json\/wp\/v2\/comments?post=973"}],"version-history":[{"count":4,"href":"https:\/\/www.paroquia-damaia.pt\/old\/wp-json\/wp\/v2\/posts\/973\/revisions"}],"predecessor-version":[{"id":978,"href":"https:\/\/www.paroquia-damaia.pt\/old\/wp-json\/wp\/v2\/posts\/973\/revisions\/978"}],"wp:featuredmedia":[{"embeddable":true,"href":"https:\/\/www.paroquia-damaia.pt\/old\/wp-json\/wp\/v2\/media\/980"}],"wp:attachment":[{"href":"https:\/\/www.paroquia-damaia.pt\/old\/wp-json\/wp\/v2\/media?parent=973"}],"wp:term":[{"taxonomy":"category","embeddable":true,"href":"https:\/\/www.paroquia-damaia.pt\/old\/wp-json\/wp\/v2\/categories?post=973"},{"taxonomy":"post_tag","embeddable":true,"href":"https:\/\/www.paroquia-damaia.pt\/old\/wp-json\/wp\/v2\/tags?post=973"}],"curies":[{"name":"wp","href":"https:\/\/api.w.org\/{rel}","templated":true}]}}