{"id":997,"date":"2021-01-03T21:12:00","date_gmt":"2021-01-03T21:12:00","guid":{"rendered":"https:\/\/www.paroquia-damaia.pt\/old\/?p=997"},"modified":"2021-01-04T21:15:28","modified_gmt":"2021-01-04T21:15:28","slug":"comunicacoes-paroquiais-03-01-2021","status":"publish","type":"post","link":"https:\/\/www.paroquia-damaia.pt\/old\/comunicacoes-paroquiais-03-01-2021\/","title":{"rendered":"Comunica\u00e7\u00f5es Paroquiais &#8211; 03\/01\/2021"},"content":{"rendered":"\n\n\n<p><strong><u>Domingo | 03\/01<\/u> \u2013 Solenidade da Epifania do Senhor. <\/strong>Missas \u00e0s <strong>09h<\/strong> e \u00e0s <strong>11h. <\/strong>Festa da Inf\u00e2ncia Mission\u00e1ria.<\/p>\n\n\n\n<p><strong><u>2\u00aa Feira | 04\/01<\/u><\/strong><strong> \u2013 Missas <\/strong>\u00e0s <strong>09h e \u00e0s 19h. <\/strong>\u00c0 tarde, at\u00e9 \u00e0s 18h a igreja permanece encerrada para a limpeza.<\/p>\n\n\n\n<p><strong><u>3\u00aa Feira | 05\/01<\/u><\/strong><strong> <\/strong>&nbsp;<strong>&nbsp;<\/strong>&#8211; Festa de<strong> S. Jo\u00e3o Nepomuceno Neumann, <\/strong>bispo e redentorista.<strong> Missas <\/strong>\u00e0s 9h e \u00e0s 19h.<strong>&nbsp; <\/strong>Recome\u00e7o da<strong> Catequese. <\/strong>&nbsp;\u00c0 tarde celebraremos a <strong>missa do 7\u00ba<\/strong> dia pelo descanso eterno de <strong>D. Nazar\u00e9<\/strong>. <strong>&nbsp;<\/strong><\/p>\n\n\n\n<p><strong><u>4\u00aa Feira | 06\/01<\/u><\/strong><strong> \u2013<\/strong> <strong>Missas<\/strong> \u00e0s <strong>09h<\/strong> e \u00e0s <strong>19h<\/strong> com a <strong>Novena Perp\u00e9tua<\/strong>.&nbsp; <strong>&nbsp;<\/strong>&nbsp;&nbsp;&nbsp;&nbsp;<\/p>\n\n\n\n<p><strong><u>5\u00aa Feira | 07\/01 <\/u><\/strong><strong>\u2013&nbsp; Mem\u00f3ria de S. Raimundo de Penaforte, <\/strong>presb\u00edtero.<strong> Missas<\/strong> \u00e0s <strong>09h<\/strong> e \u00e0s <strong>19h<\/strong>. <strong>Exposi\u00e7\u00e3o e adora\u00e7\u00e3o ao <\/strong>Sant\u00edssimo Sacramento, \u00e0s 18h.<\/p>\n\n\n\n<p><strong><u>6\u00aa Feira | 08\/01 <\/u><\/strong><strong>\u2013&nbsp; <\/strong>Missas \u00e0s <strong>09h<\/strong>, \u00e0s <strong>19h. <\/strong>&nbsp;&nbsp;&nbsp;<\/p>\n\n\n\n<p><strong><u>S\u00e1bado | 09\/01 <\/u><\/strong><strong>&nbsp;<\/strong>&nbsp;&#8211; Missa \u00e0s <strong>09h<\/strong> e \u00e0s <strong>19h<\/strong>.&nbsp;&nbsp;&nbsp; &nbsp;&nbsp;&nbsp;&nbsp;&nbsp;&nbsp;&nbsp;<\/p>\n\n\n\n<p><strong><u>Domingo | 10\/01<\/u><\/strong><strong> <\/strong>\u2013&nbsp; Festa do Batismo do Senhor. Termina o tempo do Natal. Missas \u00e0s <strong>09h<\/strong>, \u00e0s <strong>11h e \u00e0s 19h. <\/strong>&nbsp;&nbsp;&nbsp;&nbsp;&nbsp;<\/p>\n\n\n\n<p>Continua a<strong> Campanha de Ofertas <\/strong>para as obras do Centro Paroquial. Leve um envelope e colabore. Agradecemos a todos os doadores, e contamos com a colabora\u00e7\u00e3o de todos. Colabore tamb\u00e9m com a <strong>higieniza\u00e7\u00e3o da igreja<\/strong>.<\/p>\n\n\n\n<p><a><strong>Confiss\u00f5es individuais<\/strong><\/a> durante a semana, pela manh\u00e3, depois da missa das 9h e \u00e0s tarde, a partir das 17h ou depois da missa.<\/p>\n\n\n\n<p>Desejamos a todos os Paroquianos um <strong>Aben\u00e7oado Ano Novo<\/strong>, cheio de paz e da prote\u00e7\u00e3o da Santa Maria, M\u00e3e de Deus.<\/p>\n\n\n\n<p>______________________________<\/p>\n\n\n\n<p>Pe. Crist\u00f3v\u00e3o Dworak, CSsR \u2013 P\u00e1roco<\/p>\n\n\n\n<p>Damaia, 03 de Janeiro de 2021<\/p>\n\n\n\n<figure class=\"wp-block-image size-large is-resized\"><a href=\"https:\/\/www.paroquia-damaia.pt\/old\/wp-content\/uploads\/2020\/11\/indice.png\"><img loading=\"lazy\" decoding=\"async\" src=\"https:\/\/www.paroquia-damaia.pt\/old\/wp-content\/uploads\/2020\/11\/indice.png\" alt=\"\" class=\"wp-image-764\" width=\"103\" height=\"119\"\/><\/a><\/figure>\n\n\n\n<p><\/p>\n","protected":false},"excerpt":{"rendered":"<p>Domingo | 03\/01 \u2013 Solenidade da Epifania do Senhor. Missas \u00e0s 09h e \u00e0s 11h. Festa da Inf\u00e2ncia Mission\u00e1ria. 2\u00aa Feira | 04\/01 \u2013 Missas \u00e0s 09h e \u00e0s 19h. \u00c0 tarde, at\u00e9 \u00e0s 18h a igreja permanece encerrada para a limpeza. 3\u00aa Feira | 05\/01 &nbsp;&nbsp;&#8211; Festa de S. Jo\u00e3o Nepomuceno Neumann, bispo e<a class=\"more-link\" href=\"https:\/\/www.paroquia-damaia.pt\/old\/comunicacoes-paroquiais-03-01-2021\/\">Continuar lendo <span class=\"screen-reader-text\">&#8220;Comunica\u00e7\u00f5es Paroquiais &#8211; 03\/01\/2021&#8221;<\/span><\/a><\/p>\n","protected":false},"author":5,"featured_media":1000,"comment_status":"closed","ping_status":"open","sticky":false,"template":"","format":"standard","meta":{"footnotes":""},"categories":[4],"tags":[],"class_list":["post-997","post","type-post","status-publish","format-standard","has-post-thumbnail","hentry","category-avisos-paroquiais","entry"],"_links":{"self":[{"href":"https:\/\/www.paroquia-damaia.pt\/old\/wp-json\/wp\/v2\/posts\/997","targetHints":{"allow":["GET"]}}],"collection":[{"href":"https:\/\/www.paroquia-damaia.pt\/old\/wp-json\/wp\/v2\/posts"}],"about":[{"href":"https:\/\/www.paroquia-damaia.pt\/old\/wp-json\/wp\/v2\/types\/post"}],"author":[{"embeddable":true,"href":"https:\/\/www.paroquia-damaia.pt\/old\/wp-json\/wp\/v2\/users\/5"}],"replies":[{"embeddable":true,"href":"https:\/\/www.paroquia-damaia.pt\/old\/wp-json\/wp\/v2\/comments?post=997"}],"version-history":[{"count":2,"href":"https:\/\/www.paroquia-damaia.pt\/old\/wp-json\/wp\/v2\/posts\/997\/revisions"}],"predecessor-version":[{"id":1002,"href":"https:\/\/www.paroquia-damaia.pt\/old\/wp-json\/wp\/v2\/posts\/997\/revisions\/1002"}],"wp:featuredmedia":[{"embeddable":true,"href":"https:\/\/www.paroquia-damaia.pt\/old\/wp-json\/wp\/v2\/media\/1000"}],"wp:attachment":[{"href":"https:\/\/www.paroquia-damaia.pt\/old\/wp-json\/wp\/v2\/media?parent=997"}],"wp:term":[{"taxonomy":"category","embeddable":true,"href":"https:\/\/www.paroquia-damaia.pt\/old\/wp-json\/wp\/v2\/categories?post=997"},{"taxonomy":"post_tag","embeddable":true,"href":"https:\/\/www.paroquia-damaia.pt\/old\/wp-json\/wp\/v2\/tags?post=997"}],"curies":[{"name":"wp","href":"https:\/\/api.w.org\/{rel}","templated":true}]}}